{"id":889,"date":"2020-11-23T19:26:58","date_gmt":"2020-11-23T23:26:58","guid":{"rendered":"https:\/\/minutocerord.com\/?p=889"},"modified":"2020-11-23T19:27:01","modified_gmt":"2020-11-23T23:27:01","slug":"poder-ejecutivo-dispone-ascenso-de-segundo-teniente-agredido-por-senador-en-montecristi","status":"publish","type":"post","link":"https:\/\/minutocerord.com\/?p=889","title":{"rendered":"Poder Ejecutivo dispone ascenso de segundo teniente agredido por Senador en Montecristi"},"content":{"rendered":"\n<p><strong>SANTO DOMINGO.-&nbsp;<\/strong>El presidente Luis Abinader inform\u00f3 la tarde de este lunes que dispuso el ascenso del segundo teniente Salvador S\u00e1nchez, comandante del destacamento de la polic\u00eda en Casta\u00f1uelas, Montecristi quien se vio involucrado en un incidente tras el cumplimiento de sus funciones.<\/p>\n\n\n\n<p>\u00abEstoy disponiendo el ascenso del 2do teniente Salvador S\u00e1nchez, comandante del destacamento de la polic\u00eda en Casta\u00f1uelas, Montecristi\u00bb dijo el mandatario en su cuenta de Twitter.<\/p>\n\n\n\n<p>El mandatario dijo que esto se realiza como reconocimiento al cumplimiento del deber y a su apego a la ley.<\/p>\n\n\n\n<p>El segundo teniente Salvador S\u00e1nchez se encontraba en el destacamento cuando el senador de Montecristi Ram\u00f3n Antonio Pimentel del Partido Revolucionario Moderno (PRM) se present\u00f3 al lugar para que liberaran a uno de los detenidos y este se neg\u00f3 a liberarlo en apego al cumplimiento de la ley.<\/p>\n\n\n\n<p>El periodista Huchi Lora dijo en su cuenta de Twitter que se trata de Richard Mendoza (Tibiche), la persona a la cual defiende el senador y quien tiene tres \u00f3rdenes de arresto una de ellas por \u00abpartirle la cabeza a Cristopher Reynoso, el segundo caso por apu\u00f1alar a la profesora Yadira V\u00e1squez y el tercer incidente por herir de una estocada a un joven conocido como Tomat\u00edn\u00bb.<\/p>\n\n\n\n<p>El senador acudi\u00f3 al destacamento reproch\u00f3 y pregunt\u00f3 los nombres de cada uno de los miembros de la insituci\u00f3n del orden y dijo que actuaba en en base a una llamada que habr\u00eda hecho al Ministro del Interior, Chu V\u00e1squez, y a su poder pol\u00edtico, seg\u00fan el video que circula en redes sociales.<\/p>\n\n\n\n<p>Ante la situaci\u00f3n el Ministro de Interior Jes\u00fas V\u00e1squez explic\u00f3 que no convers\u00f3 con el Se\u00f1or Moreno Arias.<\/p>\n\n\n\n<p>\u00abTodo el que nos conoce sabe que nunca actuamos al margen de la ley. Como ministro tampoco he dado instrucciones a nadie para que violente la ley\u00bb, dijo a trav\u00e9s de su cuenta de Twitter<\/p>\n","protected":false},"excerpt":{"rendered":"<p>SANTO DOMINGO.-&nbsp;El presidente Luis Abinader inform\u00f3 la tarde de este lunes que dispuso el ascenso del segundo teniente Salvador S\u00e1nchez, comandante del destacamento de la polic\u00eda en Casta\u00f1uelas, Montecristi quien se vio involucrado en un incidente tras el cumplimiento de sus funciones. \u00abEstoy disponiendo el ascenso del 2do teniente Salvador S\u00e1nchez, comandante del destacamento de [&hellip;]<\/p>\n","protected":false},"author":1,"featured_media":890,"comment_status":"open","ping_status":"open","sticky":false,"template":"","format":"standard","meta":{"nf_dc_page":"","jetpack_post_was_ever_published":false,"_jetpack_newsletter_access":"","_jetpack_dont_email_post_to_subs":false,"_jetpack_newsletter_tier_id":0,"_jetpack_memberships_contains_paywalled_content":false,"_jetpack_memberships_contains_paid_content":false,"footnotes":"","jetpack_publicize_message":"","jetpack_publicize_feature_enabled":true,"jetpack_social_post_already_shared":false,"jetpack_social_options":{"image_generator_settings":{"template":"highway","default_image_id":0,"font":"","enabled":false},"version":2}},"categories":[65],"tags":[],"class_list":["post-889","post","type-post","status-publish","format-standard","has-post-thumbnail","hentry","category-nacionales"],"yoast_head":"<!-- This site is optimized with the Yoast SEO plugin v27.5 - https:\/\/yoast.com\/product\/yoast-seo-wordpress\/ -->\n<title>Poder Ejecutivo dispone ascenso de segundo teniente agredido por Senador en Montecristi - Minuto Cero RD<\/title>\n<meta name=\"robots\" content=\"index, follow, max-snippet:-1, max-image-preview:large, max-video-preview:-1\" \/>\n<link rel=\"canonical\" href=\"https:\/\/minutocerord.com\/?p=889\" \/>\n<meta property=\"og:locale\" content=\"es_ES\" \/>\n<meta property=\"og:type\" content=\"article\" \/>\n<meta property=\"og:title\" content=\"Poder Ejecutivo dispone ascenso de segundo teniente agredido por Senador en Montecristi - Minuto Cero RD\" \/>\n<meta property=\"og:description\" content=\"SANTO DOMINGO.-&nbsp;El presidente Luis Abinader inform\u00f3 la tarde de este lunes que dispuso el ascenso del segundo teniente Salvador S\u00e1nchez, comandante del destacamento de la polic\u00eda en Casta\u00f1uelas, Montecristi quien se vio involucrado en un incidente tras el cumplimiento de sus funciones. \u00abEstoy disponiendo el ascenso del 2do teniente Salvador S\u00e1nchez, comandante del destacamento de [&hellip;]\" \/>\n<meta property=\"og:url\" content=\"https:\/\/minutocerord.com\/?p=889\" \/>\n<meta property=\"og:site_name\" content=\"Minuto Cero RD\" \/>\n<meta property=\"article:publisher\" content=\"https:\/\/www.facebook.com\/Genofnotes\" \/>\n<meta property=\"article:author\" content=\"https:\/\/www.facebook.com\/Genofnotes\" \/>\n<meta property=\"article:published_time\" content=\"2020-11-23T23:26:58+00:00\" \/>\n<meta property=\"article:modified_time\" content=\"2020-11-23T23:27:01+00:00\" \/>\n<meta property=\"og:image\" content=\"https:\/\/i0.wp.com\/minutocerord.com\/wp-content\/uploads\/2020\/11\/b604df01-ddbe332c-fachada-de-la-policia-nacional-5ddc09c330468.jpg?fit=1365%2C768&ssl=1\" \/>\n\t<meta property=\"og:image:width\" content=\"1365\" \/>\n\t<meta property=\"og:image:height\" content=\"768\" \/>\n\t<meta property=\"og:image:type\" content=\"image\/jpeg\" \/>\n<meta name=\"author\" content=\"Genof\u00f3ntes Urb\u00e1ez\" \/>\n<meta name=\"twitter:card\" content=\"summary_large_image\" \/>\n<meta name=\"twitter:label1\" content=\"Written by\" \/>\n\t<meta name=\"twitter:data1\" content=\"Genof\u00f3ntes Urb\u00e1ez\" \/>\n\t<meta name=\"twitter:label2\" content=\"Est. reading time\" \/>\n\t<meta name=\"twitter:data2\" content=\"2 minutos\" \/>\n<script type=\"application\/ld+json\" class=\"yoast-schema-graph\">{\"@context\":\"https:\\\/\\\/schema.org\",\"@graph\":[{\"@type\":\"Article\",\"@id\":\"https:\\\/\\\/minutocerord.com\\\/?p=889#article\",\"isPartOf\":{\"@id\":\"https:\\\/\\\/minutocerord.com\\\/?p=889\"},\"author\":{\"name\":\"Genof\u00f3ntes Urb\u00e1ez\",\"@id\":\"https:\\\/\\\/minutocerord.com\\\/#\\\/schema\\\/person\\\/60b5372d60aaa0a5171fb6488be9aee6\"},\"headline\":\"Poder Ejecutivo dispone ascenso de segundo teniente agredido por Senador en Montecristi\",\"datePublished\":\"2020-11-23T23:26:58+00:00\",\"dateModified\":\"2020-11-23T23:27:01+00:00\",\"mainEntityOfPage\":{\"@id\":\"https:\\\/\\\/minutocerord.com\\\/?p=889\"},\"wordCount\":345,\"commentCount\":0,\"publisher\":{\"@id\":\"https:\\\/\\\/minutocerord.com\\\/#\\\/schema\\\/person\\\/60b5372d60aaa0a5171fb6488be9aee6\"},\"image\":{\"@id\":\"https:\\\/\\\/minutocerord.com\\\/?p=889#primaryimage\"},\"thumbnailUrl\":\"https:\\\/\\\/i0.wp.com\\\/minutocerord.com\\\/wp-content\\\/uploads\\\/2020\\\/11\\\/b604df01-ddbe332c-fachada-de-la-policia-nacional-5ddc09c330468.jpg?fit=1365%2C768&ssl=1\",\"articleSection\":[\"Nacionales\"],\"inLanguage\":\"es-DO\",\"potentialAction\":[{\"@type\":\"CommentAction\",\"name\":\"Comment\",\"target\":[\"https:\\\/\\\/minutocerord.com\\\/?p=889#respond\"]}]},{\"@type\":\"WebPage\",\"@id\":\"https:\\\/\\\/minutocerord.com\\\/?p=889\",\"url\":\"https:\\\/\\\/minutocerord.com\\\/?p=889\",\"name\":\"Poder Ejecutivo dispone ascenso de segundo teniente agredido por Senador en Montecristi - Minuto Cero RD\",\"isPartOf\":{\"@id\":\"https:\\\/\\\/minutocerord.com\\\/#website\"},\"primaryImageOfPage\":{\"@id\":\"https:\\\/\\\/minutocerord.com\\\/?p=889#primaryimage\"},\"image\":{\"@id\":\"https:\\\/\\\/minutocerord.com\\\/?p=889#primaryimage\"},\"thumbnailUrl\":\"https:\\\/\\\/i0.wp.com\\\/minutocerord.com\\\/wp-content\\\/uploads\\\/2020\\\/11\\\/b604df01-ddbe332c-fachada-de-la-policia-nacional-5ddc09c330468.jpg?fit=1365%2C768&ssl=1\",\"datePublished\":\"2020-11-23T23:26:58+00:00\",\"dateModified\":\"2020-11-23T23:27:01+00:00\",\"breadcrumb\":{\"@id\":\"https:\\\/\\\/minutocerord.com\\\/?p=889#breadcrumb\"},\"inLanguage\":\"es-DO\",\"potentialAction\":[{\"@type\":\"ReadAction\",\"target\":[\"https:\\\/\\\/minutocerord.com\\\/?p=889\"]}]},{\"@type\":\"ImageObject\",\"inLanguage\":\"es-DO\",\"@id\":\"https:\\\/\\\/minutocerord.com\\\/?p=889#primaryimage\",\"url\":\"https:\\\/\\\/i0.wp.com\\\/minutocerord.com\\\/wp-content\\\/uploads\\\/2020\\\/11\\\/b604df01-ddbe332c-fachada-de-la-policia-nacional-5ddc09c330468.jpg?fit=1365%2C768&ssl=1\",\"contentUrl\":\"https:\\\/\\\/i0.wp.com\\\/minutocerord.com\\\/wp-content\\\/uploads\\\/2020\\\/11\\\/b604df01-ddbe332c-fachada-de-la-policia-nacional-5ddc09c330468.jpg?fit=1365%2C768&ssl=1\",\"width\":1365,\"height\":768},{\"@type\":\"BreadcrumbList\",\"@id\":\"https:\\\/\\\/minutocerord.com\\\/?p=889#breadcrumb\",\"itemListElement\":[{\"@type\":\"ListItem\",\"position\":1,\"name\":\"Home\",\"item\":\"https:\\\/\\\/minutocerord.com\\\/\"},{\"@type\":\"ListItem\",\"position\":2,\"name\":\"Poder Ejecutivo dispone ascenso de segundo teniente agredido por Senador en Montecristi\"}]},{\"@type\":\"WebSite\",\"@id\":\"https:\\\/\\\/minutocerord.com\\\/#website\",\"url\":\"https:\\\/\\\/minutocerord.com\\\/\",\"name\":\"Minuto Cero RD\",\"description\":\"Periodismo serio y veraz\",\"publisher\":{\"@id\":\"https:\\\/\\\/minutocerord.com\\\/#\\\/schema\\\/person\\\/60b5372d60aaa0a5171fb6488be9aee6\"},\"potentialAction\":[{\"@type\":\"SearchAction\",\"target\":{\"@type\":\"EntryPoint\",\"urlTemplate\":\"https:\\\/\\\/minutocerord.com\\\/?s={search_term_string}\"},\"query-input\":{\"@type\":\"PropertyValueSpecification\",\"valueRequired\":true,\"valueName\":\"search_term_string\"}}],\"inLanguage\":\"es-DO\"},{\"@type\":[\"Person\",\"Organization\"],\"@id\":\"https:\\\/\\\/minutocerord.com\\\/#\\\/schema\\\/person\\\/60b5372d60aaa0a5171fb6488be9aee6\",\"name\":\"Genof\u00f3ntes Urb\u00e1ez\",\"image\":{\"@type\":\"ImageObject\",\"inLanguage\":\"es-DO\",\"@id\":\"https:\\\/\\\/secure.gravatar.com\\\/avatar\\\/a49ef3186a692098ac3e8a1612261e3ad70cf9e44553dff2929e67939a0ecb9d?s=96&d=identicon&r=g\",\"url\":\"https:\\\/\\\/secure.gravatar.com\\\/avatar\\\/a49ef3186a692098ac3e8a1612261e3ad70cf9e44553dff2929e67939a0ecb9d?s=96&d=identicon&r=g\",\"contentUrl\":\"https:\\\/\\\/secure.gravatar.com\\\/avatar\\\/a49ef3186a692098ac3e8a1612261e3ad70cf9e44553dff2929e67939a0ecb9d?s=96&d=identicon&r=g\",\"caption\":\"Genof\u00f3ntes Urb\u00e1ez\"},\"logo\":{\"@id\":\"https:\\\/\\\/secure.gravatar.com\\\/avatar\\\/a49ef3186a692098ac3e8a1612261e3ad70cf9e44553dff2929e67939a0ecb9d?s=96&d=identicon&r=g\"},\"description\":\"Periodista \\\/ Locutor\",\"sameAs\":[\"https:\\\/\\\/www.facebook.com\\\/Genofnotes\",\"https:\\\/\\\/www.instagram.com\\\/genofnotes\\\/\"]}]}<\/script>\n<!-- \/ Yoast SEO plugin. -->","yoast_head_json":{"title":"Poder Ejecutivo dispone ascenso de segundo teniente agredido por Senador en Montecristi - Minuto Cero RD","robots":{"index":"index","follow":"follow","max-snippet":"max-snippet:-1","max-image-preview":"max-image-preview:large","max-video-preview":"max-video-preview:-1"},"canonical":"https:\/\/minutocerord.com\/?p=889","og_locale":"es_ES","og_type":"article","og_title":"Poder Ejecutivo dispone ascenso de segundo teniente agredido por Senador en Montecristi - Minuto Cero RD","og_description":"SANTO DOMINGO.-&nbsp;El presidente Luis Abinader inform\u00f3 la tarde de este lunes que dispuso el ascenso del segundo teniente Salvador S\u00e1nchez, comandante del destacamento de la polic\u00eda en Casta\u00f1uelas, Montecristi quien se vio involucrado en un incidente tras el cumplimiento de sus funciones. \u00abEstoy disponiendo el ascenso del 2do teniente Salvador S\u00e1nchez, comandante del destacamento de [&hellip;]","og_url":"https:\/\/minutocerord.com\/?p=889","og_site_name":"Minuto Cero RD","article_publisher":"https:\/\/www.facebook.com\/Genofnotes","article_author":"https:\/\/www.facebook.com\/Genofnotes","article_published_time":"2020-11-23T23:26:58+00:00","article_modified_time":"2020-11-23T23:27:01+00:00","og_image":[{"width":1365,"height":768,"url":"https:\/\/i0.wp.com\/minutocerord.com\/wp-content\/uploads\/2020\/11\/b604df01-ddbe332c-fachada-de-la-policia-nacional-5ddc09c330468.jpg?fit=1365%2C768&ssl=1","type":"image\/jpeg"}],"author":"Genof\u00f3ntes Urb\u00e1ez","twitter_card":"summary_large_image","twitter_misc":{"Written by":"Genof\u00f3ntes Urb\u00e1ez","Est. reading time":"2 minutos"},"schema":{"@context":"https:\/\/schema.org","@graph":[{"@type":"Article","@id":"https:\/\/minutocerord.com\/?p=889#article","isPartOf":{"@id":"https:\/\/minutocerord.com\/?p=889"},"author":{"name":"Genof\u00f3ntes Urb\u00e1ez","@id":"https:\/\/minutocerord.com\/#\/schema\/person\/60b5372d60aaa0a5171fb6488be9aee6"},"headline":"Poder Ejecutivo dispone ascenso de segundo teniente agredido por Senador en Montecristi","datePublished":"2020-11-23T23:26:58+00:00","dateModified":"2020-11-23T23:27:01+00:00","mainEntityOfPage":{"@id":"https:\/\/minutocerord.com\/?p=889"},"wordCount":345,"commentCount":0,"publisher":{"@id":"https:\/\/minutocerord.com\/#\/schema\/person\/60b5372d60aaa0a5171fb6488be9aee6"},"image":{"@id":"https:\/\/minutocerord.com\/?p=889#primaryimage"},"thumbnailUrl":"https:\/\/i0.wp.com\/minutocerord.com\/wp-content\/uploads\/2020\/11\/b604df01-ddbe332c-fachada-de-la-policia-nacional-5ddc09c330468.jpg?fit=1365%2C768&ssl=1","articleSection":["Nacionales"],"inLanguage":"es-DO","potentialAction":[{"@type":"CommentAction","name":"Comment","target":["https:\/\/minutocerord.com\/?p=889#respond"]}]},{"@type":"WebPage","@id":"https:\/\/minutocerord.com\/?p=889","url":"https:\/\/minutocerord.com\/?p=889","name":"Poder Ejecutivo dispone ascenso de segundo teniente agredido por Senador en Montecristi - Minuto Cero RD","isPartOf":{"@id":"https:\/\/minutocerord.com\/#website"},"primaryImageOfPage":{"@id":"https:\/\/minutocerord.com\/?p=889#primaryimage"},"image":{"@id":"https:\/\/minutocerord.com\/?p=889#primaryimage"},"thumbnailUrl":"https:\/\/i0.wp.com\/minutocerord.com\/wp-content\/uploads\/2020\/11\/b604df01-ddbe332c-fachada-de-la-policia-nacional-5ddc09c330468.jpg?fit=1365%2C768&ssl=1","datePublished":"2020-11-23T23:26:58+00:00","dateModified":"2020-11-23T23:27:01+00:00","breadcrumb":{"@id":"https:\/\/minutocerord.com\/?p=889#breadcrumb"},"inLanguage":"es-DO","potentialAction":[{"@type":"ReadAction","target":["https:\/\/minutocerord.com\/?p=889"]}]},{"@type":"ImageObject","inLanguage":"es-DO","@id":"https:\/\/minutocerord.com\/?p=889#primaryimage","url":"https:\/\/i0.wp.com\/minutocerord.com\/wp-content\/uploads\/2020\/11\/b604df01-ddbe332c-fachada-de-la-policia-nacional-5ddc09c330468.jpg?fit=1365%2C768&ssl=1","contentUrl":"https:\/\/i0.wp.com\/minutocerord.com\/wp-content\/uploads\/2020\/11\/b604df01-ddbe332c-fachada-de-la-policia-nacional-5ddc09c330468.jpg?fit=1365%2C768&ssl=1","width":1365,"height":768},{"@type":"BreadcrumbList","@id":"https:\/\/minutocerord.com\/?p=889#breadcrumb","itemListElement":[{"@type":"ListItem","position":1,"name":"Home","item":"https:\/\/minutocerord.com\/"},{"@type":"ListItem","position":2,"name":"Poder Ejecutivo dispone ascenso de segundo teniente agredido por Senador en Montecristi"}]},{"@type":"WebSite","@id":"https:\/\/minutocerord.com\/#website","url":"https:\/\/minutocerord.com\/","name":"Minuto Cero RD","description":"Periodismo serio y veraz","publisher":{"@id":"https:\/\/minutocerord.com\/#\/schema\/person\/60b5372d60aaa0a5171fb6488be9aee6"},"potentialAction":[{"@type":"SearchAction","target":{"@type":"EntryPoint","urlTemplate":"https:\/\/minutocerord.com\/?s={search_term_string}"},"query-input":{"@type":"PropertyValueSpecification","valueRequired":true,"valueName":"search_term_string"}}],"inLanguage":"es-DO"},{"@type":["Person","Organization"],"@id":"https:\/\/minutocerord.com\/#\/schema\/person\/60b5372d60aaa0a5171fb6488be9aee6","name":"Genof\u00f3ntes Urb\u00e1ez","image":{"@type":"ImageObject","inLanguage":"es-DO","@id":"https:\/\/secure.gravatar.com\/avatar\/a49ef3186a692098ac3e8a1612261e3ad70cf9e44553dff2929e67939a0ecb9d?s=96&d=identicon&r=g","url":"https:\/\/secure.gravatar.com\/avatar\/a49ef3186a692098ac3e8a1612261e3ad70cf9e44553dff2929e67939a0ecb9d?s=96&d=identicon&r=g","contentUrl":"https:\/\/secure.gravatar.com\/avatar\/a49ef3186a692098ac3e8a1612261e3ad70cf9e44553dff2929e67939a0ecb9d?s=96&d=identicon&r=g","caption":"Genof\u00f3ntes Urb\u00e1ez"},"logo":{"@id":"https:\/\/secure.gravatar.com\/avatar\/a49ef3186a692098ac3e8a1612261e3ad70cf9e44553dff2929e67939a0ecb9d?s=96&d=identicon&r=g"},"description":"Periodista \/ Locutor","sameAs":["https:\/\/www.facebook.com\/Genofnotes","https:\/\/www.instagram.com\/genofnotes\/"]}]}},"jetpack_publicize_connections":[],"jetpack_featured_media_url":"https:\/\/i0.wp.com\/minutocerord.com\/wp-content\/uploads\/2020\/11\/b604df01-ddbe332c-fachada-de-la-policia-nacional-5ddc09c330468.jpg?fit=1365%2C768&ssl=1","jetpack-related-posts":[],"jetpack_sharing_enabled":true,"_links":{"self":[{"href":"https:\/\/minutocerord.com\/index.php?rest_route=\/wp\/v2\/posts\/889","targetHints":{"allow":["GET"]}}],"collection":[{"href":"https:\/\/minutocerord.com\/index.php?rest_route=\/wp\/v2\/posts"}],"about":[{"href":"https:\/\/minutocerord.com\/index.php?rest_route=\/wp\/v2\/types\/post"}],"author":[{"embeddable":true,"href":"https:\/\/minutocerord.com\/index.php?rest_route=\/wp\/v2\/users\/1"}],"replies":[{"embeddable":true,"href":"https:\/\/minutocerord.com\/index.php?rest_route=%2Fwp%2Fv2%2Fcomments&post=889"}],"version-history":[{"count":1,"href":"https:\/\/minutocerord.com\/index.php?rest_route=\/wp\/v2\/posts\/889\/revisions"}],"predecessor-version":[{"id":891,"href":"https:\/\/minutocerord.com\/index.php?rest_route=\/wp\/v2\/posts\/889\/revisions\/891"}],"wp:featuredmedia":[{"embeddable":true,"href":"https:\/\/minutocerord.com\/index.php?rest_route=\/wp\/v2\/media\/890"}],"wp:attachment":[{"href":"https:\/\/minutocerord.com\/index.php?rest_route=%2Fwp%2Fv2%2Fmedia&parent=889"}],"wp:term":[{"taxonomy":"category","embeddable":true,"href":"https:\/\/minutocerord.com\/index.php?rest_route=%2Fwp%2Fv2%2Fcategories&post=889"},{"taxonomy":"post_tag","embeddable":true,"href":"https:\/\/minutocerord.com\/index.php?rest_route=%2Fwp%2Fv2%2Ftags&post=889"}],"curies":[{"name":"wp","href":"https:\/\/api.w.org\/{rel}","templated":true}]}}