{"id":892,"date":"2020-11-24T08:43:22","date_gmt":"2020-11-24T12:43:22","guid":{"rendered":"https:\/\/minutocerord.com\/?p=892"},"modified":"2020-11-24T08:43:25","modified_gmt":"2020-11-24T12:43:25","slug":"se-derrumba-el-muro-de-la-verguenza-en-villa-duarte-y-aplasta-cuatro-vehiculo","status":"publish","type":"post","link":"https:\/\/minutocerord.com\/?p=892","title":{"rendered":"Se derrumba el &#8220;Muro de la Verg\u00fcenza&#8221; en Villa Duarte y aplasta cuatro veh\u00edculo"},"content":{"rendered":"\n<p>El derrumbe de un tramo del \u201cMuro de la Verg\u00fcenza\u201d ubicado en Simonico, Villa Duarte, municipio Santo Domingo Este, aplast\u00f3 hoy a cuatro autom\u00f3viles que estaban estacionados en la parte baja del sector, sin dejar v\u00edctimas mortales ni heridos.<\/p>\n\n\n\n<p>De acuerdo a versiones ofrecidas por los vecinos, el desastre ocurri\u00f3 en momentos en que una pala mec\u00e1nica de la Alcald\u00eda de Santo Domingo Este recog\u00eda la basura en un vertedero improvisado, ubicado en la calle que da a la parte alta del muro, muy pr\u00f3ximo al Faro a Col\u00f3n, en horas de la ma\u00f1ana.<\/p>\n\n\n\n<p>El \u201cMuro de la Verg\u00fcenza\u201d fue construido con piedras en el a\u00f1o 1992, justo para la Celebraci\u00f3n del V Centenario del \u201cDescubrimiento de Am\u00e9rica\u201d, fecha en que se construy\u00f3 tambi\u00e9n el monumento Faro a Col\u00f3n, hacen ya 28 a\u00f1os.<\/p>\n\n\n\n<p>Con este muro se logr\u00f3 dividir a Villa Duarte y otros barrios circundantes del museo que honra a Crist\u00f3bal Col\u00f3n, descubridor del Nuevo Mundo.<\/p>\n\n\n\n<p>En este tramo, el muro que divide el barrio Simonico y el Faro a Col\u00f3n, tiene una altura equivalente a dos pisos de apartamentos, y generalmente, los habitantes del lugar estacionan sus veh\u00edculos en la parte baja. La larga pared ya se ha ca\u00eddo en otros puntos.<\/p>\n\n\n\n<p>Los veh\u00edculos aplastados son: un Toyota, Corolla; un Toyota, Tercel; un Subar\u00fa y un Skoda.<\/p>\n\n\n\n<p>Los propietarios de los carros da\u00f1ados esperan una respuesta satisfactoria por parte de las autoridades. Trascendi\u00f3 que, el equipo pesado que realizaba el trabajo de recogida de basura y que impact\u00f3 la pared, pertenece a una compa\u00f1\u00eda contratista que, a su vez, trabaja para el ASDE.<\/p>\n\n\n\n<p>\u201cEran nuestros \u00fanicos medios de transporte y parte esencial para el desenvolvimiento de nuestros quehaceres diarios. Tenemos la esperanza de volver a conseguir nuestros veh\u00edculos\u201d, coincidieron dos de los afectados que perdieron sus carros.<\/p>\n\n\n\n<p>De su lado, los vecinos de Simonico, Villa Duarte solicitaron a las autoridades el env\u00edo de equipos pesados especiales, que puedan recoger las toneladas de escombros resultantes del derrumbe.<\/p>\n","protected":false},"excerpt":{"rendered":"<p>El derrumbe de un tramo del \u201cMuro de la Verg\u00fcenza\u201d ubicado en Simonico, Villa Duarte, municipio Santo Domingo Este, aplast\u00f3 hoy a cuatro autom\u00f3viles que estaban estacionados en la parte baja del sector, sin dejar v\u00edctimas mortales ni heridos. De acuerdo a versiones ofrecidas por los vecinos, el desastre ocurri\u00f3 en momentos en que una [&hellip;]<\/p>\n","protected":false},"author":1,"featured_media":893,"comment_status":"open","ping_status":"open","sticky":false,"template":"","format":"standard","meta":{"nf_dc_page":"","jetpack_post_was_ever_published":false,"_jetpack_newsletter_access":"","_jetpack_dont_email_post_to_subs":false,"_jetpack_newsletter_tier_id":0,"_jetpack_memberships_contains_paywalled_content":false,"_jetpack_memberships_contains_paid_content":false,"footnotes":"","jetpack_publicize_message":"","jetpack_publicize_feature_enabled":true,"jetpack_social_post_already_shared":false,"jetpack_social_options":{"image_generator_settings":{"template":"highway","default_image_id":0,"font":"","enabled":false},"version":2}},"categories":[91],"tags":[],"class_list":["post-892","post","type-post","status-publish","format-standard","has-post-thumbnail","hentry","category-provincia"],"yoast_head":"<!-- This site is optimized with the Yoast SEO plugin v27.5 - https:\/\/yoast.com\/product\/yoast-seo-wordpress\/ -->\n<title>Se derrumba el &quot;Muro de la Verg\u00fcenza&quot; en Villa Duarte y aplasta cuatro veh\u00edculo - Minuto Cero RD<\/title>\n<meta name=\"robots\" content=\"index, follow, max-snippet:-1, max-image-preview:large, max-video-preview:-1\" \/>\n<link rel=\"canonical\" href=\"https:\/\/minutocerord.com\/?p=892\" \/>\n<meta property=\"og:locale\" content=\"es_ES\" \/>\n<meta property=\"og:type\" content=\"article\" \/>\n<meta property=\"og:title\" content=\"Se derrumba el &quot;Muro de la Verg\u00fcenza&quot; en Villa Duarte y aplasta cuatro veh\u00edculo - Minuto Cero RD\" \/>\n<meta property=\"og:description\" content=\"El derrumbe de un tramo del \u201cMuro de la Verg\u00fcenza\u201d ubicado en Simonico, Villa Duarte, municipio Santo Domingo Este, aplast\u00f3 hoy a cuatro autom\u00f3viles que estaban estacionados en la parte baja del sector, sin dejar v\u00edctimas mortales ni heridos. De acuerdo a versiones ofrecidas por los vecinos, el desastre ocurri\u00f3 en momentos en que una [&hellip;]\" \/>\n<meta property=\"og:url\" content=\"https:\/\/minutocerord.com\/?p=892\" \/>\n<meta property=\"og:site_name\" content=\"Minuto Cero RD\" \/>\n<meta property=\"article:publisher\" content=\"https:\/\/www.facebook.com\/Genofnotes\" \/>\n<meta property=\"article:author\" content=\"https:\/\/www.facebook.com\/Genofnotes\" \/>\n<meta property=\"article:published_time\" content=\"2020-11-24T12:43:22+00:00\" \/>\n<meta property=\"article:modified_time\" content=\"2020-11-24T12:43:25+00:00\" \/>\n<meta property=\"og:image\" content=\"https:\/\/i0.wp.com\/minutocerord.com\/wp-content\/uploads\/2020\/11\/126841593_10219739796465459_3594308540799841348_n.jpg?fit=680%2C453&ssl=1\" \/>\n\t<meta property=\"og:image:width\" content=\"680\" \/>\n\t<meta property=\"og:image:height\" content=\"453\" \/>\n\t<meta property=\"og:image:type\" content=\"image\/jpeg\" \/>\n<meta name=\"author\" content=\"Genof\u00f3ntes Urb\u00e1ez\" \/>\n<meta name=\"twitter:card\" content=\"summary_large_image\" \/>\n<meta name=\"twitter:label1\" content=\"Written by\" \/>\n\t<meta name=\"twitter:data1\" content=\"Genof\u00f3ntes Urb\u00e1ez\" \/>\n\t<meta name=\"twitter:label2\" content=\"Est. reading time\" \/>\n\t<meta name=\"twitter:data2\" content=\"2 minutos\" \/>\n<script type=\"application\/ld+json\" class=\"yoast-schema-graph\">{\"@context\":\"https:\\\/\\\/schema.org\",\"@graph\":[{\"@type\":\"Article\",\"@id\":\"https:\\\/\\\/minutocerord.com\\\/?p=892#article\",\"isPartOf\":{\"@id\":\"https:\\\/\\\/minutocerord.com\\\/?p=892\"},\"author\":{\"name\":\"Genof\u00f3ntes Urb\u00e1ez\",\"@id\":\"https:\\\/\\\/minutocerord.com\\\/#\\\/schema\\\/person\\\/60b5372d60aaa0a5171fb6488be9aee6\"},\"headline\":\"Se derrumba el &#8220;Muro de la Verg\u00fcenza&#8221; en Villa Duarte y aplasta cuatro veh\u00edculo\",\"datePublished\":\"2020-11-24T12:43:22+00:00\",\"dateModified\":\"2020-11-24T12:43:25+00:00\",\"mainEntityOfPage\":{\"@id\":\"https:\\\/\\\/minutocerord.com\\\/?p=892\"},\"wordCount\":368,\"commentCount\":0,\"publisher\":{\"@id\":\"https:\\\/\\\/minutocerord.com\\\/#\\\/schema\\\/person\\\/60b5372d60aaa0a5171fb6488be9aee6\"},\"image\":{\"@id\":\"https:\\\/\\\/minutocerord.com\\\/?p=892#primaryimage\"},\"thumbnailUrl\":\"https:\\\/\\\/i0.wp.com\\\/minutocerord.com\\\/wp-content\\\/uploads\\\/2020\\\/11\\\/126841593_10219739796465459_3594308540799841348_n.jpg?fit=680%2C453&ssl=1\",\"articleSection\":[\"Provincia\"],\"inLanguage\":\"es-DO\",\"potentialAction\":[{\"@type\":\"CommentAction\",\"name\":\"Comment\",\"target\":[\"https:\\\/\\\/minutocerord.com\\\/?p=892#respond\"]}]},{\"@type\":\"WebPage\",\"@id\":\"https:\\\/\\\/minutocerord.com\\\/?p=892\",\"url\":\"https:\\\/\\\/minutocerord.com\\\/?p=892\",\"name\":\"Se derrumba el \\\"Muro de la Verg\u00fcenza\\\" en Villa Duarte y aplasta cuatro veh\u00edculo - Minuto Cero RD\",\"isPartOf\":{\"@id\":\"https:\\\/\\\/minutocerord.com\\\/#website\"},\"primaryImageOfPage\":{\"@id\":\"https:\\\/\\\/minutocerord.com\\\/?p=892#primaryimage\"},\"image\":{\"@id\":\"https:\\\/\\\/minutocerord.com\\\/?p=892#primaryimage\"},\"thumbnailUrl\":\"https:\\\/\\\/i0.wp.com\\\/minutocerord.com\\\/wp-content\\\/uploads\\\/2020\\\/11\\\/126841593_10219739796465459_3594308540799841348_n.jpg?fit=680%2C453&ssl=1\",\"datePublished\":\"2020-11-24T12:43:22+00:00\",\"dateModified\":\"2020-11-24T12:43:25+00:00\",\"breadcrumb\":{\"@id\":\"https:\\\/\\\/minutocerord.com\\\/?p=892#breadcrumb\"},\"inLanguage\":\"es-DO\",\"potentialAction\":[{\"@type\":\"ReadAction\",\"target\":[\"https:\\\/\\\/minutocerord.com\\\/?p=892\"]}]},{\"@type\":\"ImageObject\",\"inLanguage\":\"es-DO\",\"@id\":\"https:\\\/\\\/minutocerord.com\\\/?p=892#primaryimage\",\"url\":\"https:\\\/\\\/i0.wp.com\\\/minutocerord.com\\\/wp-content\\\/uploads\\\/2020\\\/11\\\/126841593_10219739796465459_3594308540799841348_n.jpg?fit=680%2C453&ssl=1\",\"contentUrl\":\"https:\\\/\\\/i0.wp.com\\\/minutocerord.com\\\/wp-content\\\/uploads\\\/2020\\\/11\\\/126841593_10219739796465459_3594308540799841348_n.jpg?fit=680%2C453&ssl=1\",\"width\":680,\"height\":453},{\"@type\":\"BreadcrumbList\",\"@id\":\"https:\\\/\\\/minutocerord.com\\\/?p=892#breadcrumb\",\"itemListElement\":[{\"@type\":\"ListItem\",\"position\":1,\"name\":\"Home\",\"item\":\"https:\\\/\\\/minutocerord.com\\\/\"},{\"@type\":\"ListItem\",\"position\":2,\"name\":\"Se derrumba el &#8220;Muro de la Verg\u00fcenza&#8221; en Villa Duarte y aplasta cuatro veh\u00edculo\"}]},{\"@type\":\"WebSite\",\"@id\":\"https:\\\/\\\/minutocerord.com\\\/#website\",\"url\":\"https:\\\/\\\/minutocerord.com\\\/\",\"name\":\"Minuto Cero RD\",\"description\":\"Periodismo serio y veraz\",\"publisher\":{\"@id\":\"https:\\\/\\\/minutocerord.com\\\/#\\\/schema\\\/person\\\/60b5372d60aaa0a5171fb6488be9aee6\"},\"potentialAction\":[{\"@type\":\"SearchAction\",\"target\":{\"@type\":\"EntryPoint\",\"urlTemplate\":\"https:\\\/\\\/minutocerord.com\\\/?s={search_term_string}\"},\"query-input\":{\"@type\":\"PropertyValueSpecification\",\"valueRequired\":true,\"valueName\":\"search_term_string\"}}],\"inLanguage\":\"es-DO\"},{\"@type\":[\"Person\",\"Organization\"],\"@id\":\"https:\\\/\\\/minutocerord.com\\\/#\\\/schema\\\/person\\\/60b5372d60aaa0a5171fb6488be9aee6\",\"name\":\"Genof\u00f3ntes Urb\u00e1ez\",\"image\":{\"@type\":\"ImageObject\",\"inLanguage\":\"es-DO\",\"@id\":\"https:\\\/\\\/secure.gravatar.com\\\/avatar\\\/a49ef3186a692098ac3e8a1612261e3ad70cf9e44553dff2929e67939a0ecb9d?s=96&d=identicon&r=g\",\"url\":\"https:\\\/\\\/secure.gravatar.com\\\/avatar\\\/a49ef3186a692098ac3e8a1612261e3ad70cf9e44553dff2929e67939a0ecb9d?s=96&d=identicon&r=g\",\"contentUrl\":\"https:\\\/\\\/secure.gravatar.com\\\/avatar\\\/a49ef3186a692098ac3e8a1612261e3ad70cf9e44553dff2929e67939a0ecb9d?s=96&d=identicon&r=g\",\"caption\":\"Genof\u00f3ntes Urb\u00e1ez\"},\"logo\":{\"@id\":\"https:\\\/\\\/secure.gravatar.com\\\/avatar\\\/a49ef3186a692098ac3e8a1612261e3ad70cf9e44553dff2929e67939a0ecb9d?s=96&d=identicon&r=g\"},\"description\":\"Periodista \\\/ Locutor\",\"sameAs\":[\"https:\\\/\\\/www.facebook.com\\\/Genofnotes\",\"https:\\\/\\\/www.instagram.com\\\/genofnotes\\\/\"]}]}<\/script>\n<!-- \/ Yoast SEO plugin. -->","yoast_head_json":{"title":"Se derrumba el \"Muro de la Verg\u00fcenza\" en Villa Duarte y aplasta cuatro veh\u00edculo - Minuto Cero RD","robots":{"index":"index","follow":"follow","max-snippet":"max-snippet:-1","max-image-preview":"max-image-preview:large","max-video-preview":"max-video-preview:-1"},"canonical":"https:\/\/minutocerord.com\/?p=892","og_locale":"es_ES","og_type":"article","og_title":"Se derrumba el \"Muro de la Verg\u00fcenza\" en Villa Duarte y aplasta cuatro veh\u00edculo - Minuto Cero RD","og_description":"El derrumbe de un tramo del \u201cMuro de la Verg\u00fcenza\u201d ubicado en Simonico, Villa Duarte, municipio Santo Domingo Este, aplast\u00f3 hoy a cuatro autom\u00f3viles que estaban estacionados en la parte baja del sector, sin dejar v\u00edctimas mortales ni heridos. De acuerdo a versiones ofrecidas por los vecinos, el desastre ocurri\u00f3 en momentos en que una [&hellip;]","og_url":"https:\/\/minutocerord.com\/?p=892","og_site_name":"Minuto Cero RD","article_publisher":"https:\/\/www.facebook.com\/Genofnotes","article_author":"https:\/\/www.facebook.com\/Genofnotes","article_published_time":"2020-11-24T12:43:22+00:00","article_modified_time":"2020-11-24T12:43:25+00:00","og_image":[{"width":680,"height":453,"url":"https:\/\/i0.wp.com\/minutocerord.com\/wp-content\/uploads\/2020\/11\/126841593_10219739796465459_3594308540799841348_n.jpg?fit=680%2C453&ssl=1","type":"image\/jpeg"}],"author":"Genof\u00f3ntes Urb\u00e1ez","twitter_card":"summary_large_image","twitter_misc":{"Written by":"Genof\u00f3ntes Urb\u00e1ez","Est. reading time":"2 minutos"},"schema":{"@context":"https:\/\/schema.org","@graph":[{"@type":"Article","@id":"https:\/\/minutocerord.com\/?p=892#article","isPartOf":{"@id":"https:\/\/minutocerord.com\/?p=892"},"author":{"name":"Genof\u00f3ntes Urb\u00e1ez","@id":"https:\/\/minutocerord.com\/#\/schema\/person\/60b5372d60aaa0a5171fb6488be9aee6"},"headline":"Se derrumba el &#8220;Muro de la Verg\u00fcenza&#8221; en Villa Duarte y aplasta cuatro veh\u00edculo","datePublished":"2020-11-24T12:43:22+00:00","dateModified":"2020-11-24T12:43:25+00:00","mainEntityOfPage":{"@id":"https:\/\/minutocerord.com\/?p=892"},"wordCount":368,"commentCount":0,"publisher":{"@id":"https:\/\/minutocerord.com\/#\/schema\/person\/60b5372d60aaa0a5171fb6488be9aee6"},"image":{"@id":"https:\/\/minutocerord.com\/?p=892#primaryimage"},"thumbnailUrl":"https:\/\/i0.wp.com\/minutocerord.com\/wp-content\/uploads\/2020\/11\/126841593_10219739796465459_3594308540799841348_n.jpg?fit=680%2C453&ssl=1","articleSection":["Provincia"],"inLanguage":"es-DO","potentialAction":[{"@type":"CommentAction","name":"Comment","target":["https:\/\/minutocerord.com\/?p=892#respond"]}]},{"@type":"WebPage","@id":"https:\/\/minutocerord.com\/?p=892","url":"https:\/\/minutocerord.com\/?p=892","name":"Se derrumba el \"Muro de la Verg\u00fcenza\" en Villa Duarte y aplasta cuatro veh\u00edculo - Minuto Cero RD","isPartOf":{"@id":"https:\/\/minutocerord.com\/#website"},"primaryImageOfPage":{"@id":"https:\/\/minutocerord.com\/?p=892#primaryimage"},"image":{"@id":"https:\/\/minutocerord.com\/?p=892#primaryimage"},"thumbnailUrl":"https:\/\/i0.wp.com\/minutocerord.com\/wp-content\/uploads\/2020\/11\/126841593_10219739796465459_3594308540799841348_n.jpg?fit=680%2C453&ssl=1","datePublished":"2020-11-24T12:43:22+00:00","dateModified":"2020-11-24T12:43:25+00:00","breadcrumb":{"@id":"https:\/\/minutocerord.com\/?p=892#breadcrumb"},"inLanguage":"es-DO","potentialAction":[{"@type":"ReadAction","target":["https:\/\/minutocerord.com\/?p=892"]}]},{"@type":"ImageObject","inLanguage":"es-DO","@id":"https:\/\/minutocerord.com\/?p=892#primaryimage","url":"https:\/\/i0.wp.com\/minutocerord.com\/wp-content\/uploads\/2020\/11\/126841593_10219739796465459_3594308540799841348_n.jpg?fit=680%2C453&ssl=1","contentUrl":"https:\/\/i0.wp.com\/minutocerord.com\/wp-content\/uploads\/2020\/11\/126841593_10219739796465459_3594308540799841348_n.jpg?fit=680%2C453&ssl=1","width":680,"height":453},{"@type":"BreadcrumbList","@id":"https:\/\/minutocerord.com\/?p=892#breadcrumb","itemListElement":[{"@type":"ListItem","position":1,"name":"Home","item":"https:\/\/minutocerord.com\/"},{"@type":"ListItem","position":2,"name":"Se derrumba el &#8220;Muro de la Verg\u00fcenza&#8221; en Villa Duarte y aplasta cuatro veh\u00edculo"}]},{"@type":"WebSite","@id":"https:\/\/minutocerord.com\/#website","url":"https:\/\/minutocerord.com\/","name":"Minuto Cero RD","description":"Periodismo serio y veraz","publisher":{"@id":"https:\/\/minutocerord.com\/#\/schema\/person\/60b5372d60aaa0a5171fb6488be9aee6"},"potentialAction":[{"@type":"SearchAction","target":{"@type":"EntryPoint","urlTemplate":"https:\/\/minutocerord.com\/?s={search_term_string}"},"query-input":{"@type":"PropertyValueSpecification","valueRequired":true,"valueName":"search_term_string"}}],"inLanguage":"es-DO"},{"@type":["Person","Organization"],"@id":"https:\/\/minutocerord.com\/#\/schema\/person\/60b5372d60aaa0a5171fb6488be9aee6","name":"Genof\u00f3ntes Urb\u00e1ez","image":{"@type":"ImageObject","inLanguage":"es-DO","@id":"https:\/\/secure.gravatar.com\/avatar\/a49ef3186a692098ac3e8a1612261e3ad70cf9e44553dff2929e67939a0ecb9d?s=96&d=identicon&r=g","url":"https:\/\/secure.gravatar.com\/avatar\/a49ef3186a692098ac3e8a1612261e3ad70cf9e44553dff2929e67939a0ecb9d?s=96&d=identicon&r=g","contentUrl":"https:\/\/secure.gravatar.com\/avatar\/a49ef3186a692098ac3e8a1612261e3ad70cf9e44553dff2929e67939a0ecb9d?s=96&d=identicon&r=g","caption":"Genof\u00f3ntes Urb\u00e1ez"},"logo":{"@id":"https:\/\/secure.gravatar.com\/avatar\/a49ef3186a692098ac3e8a1612261e3ad70cf9e44553dff2929e67939a0ecb9d?s=96&d=identicon&r=g"},"description":"Periodista \/ Locutor","sameAs":["https:\/\/www.facebook.com\/Genofnotes","https:\/\/www.instagram.com\/genofnotes\/"]}]}},"jetpack_publicize_connections":[],"jetpack_featured_media_url":"https:\/\/i0.wp.com\/minutocerord.com\/wp-content\/uploads\/2020\/11\/126841593_10219739796465459_3594308540799841348_n.jpg?fit=680%2C453&ssl=1","jetpack-related-posts":[],"jetpack_sharing_enabled":true,"_links":{"self":[{"href":"https:\/\/minutocerord.com\/index.php?rest_route=\/wp\/v2\/posts\/892","targetHints":{"allow":["GET"]}}],"collection":[{"href":"https:\/\/minutocerord.com\/index.php?rest_route=\/wp\/v2\/posts"}],"about":[{"href":"https:\/\/minutocerord.com\/index.php?rest_route=\/wp\/v2\/types\/post"}],"author":[{"embeddable":true,"href":"https:\/\/minutocerord.com\/index.php?rest_route=\/wp\/v2\/users\/1"}],"replies":[{"embeddable":true,"href":"https:\/\/minutocerord.com\/index.php?rest_route=%2Fwp%2Fv2%2Fcomments&post=892"}],"version-history":[{"count":1,"href":"https:\/\/minutocerord.com\/index.php?rest_route=\/wp\/v2\/posts\/892\/revisions"}],"predecessor-version":[{"id":894,"href":"https:\/\/minutocerord.com\/index.php?rest_route=\/wp\/v2\/posts\/892\/revisions\/894"}],"wp:featuredmedia":[{"embeddable":true,"href":"https:\/\/minutocerord.com\/index.php?rest_route=\/wp\/v2\/media\/893"}],"wp:attachment":[{"href":"https:\/\/minutocerord.com\/index.php?rest_route=%2Fwp%2Fv2%2Fmedia&parent=892"}],"wp:term":[{"taxonomy":"category","embeddable":true,"href":"https:\/\/minutocerord.com\/index.php?rest_route=%2Fwp%2Fv2%2Fcategories&post=892"},{"taxonomy":"post_tag","embeddable":true,"href":"https:\/\/minutocerord.com\/index.php?rest_route=%2Fwp%2Fv2%2Ftags&post=892"}],"curies":[{"name":"wp","href":"https:\/\/api.w.org\/{rel}","templated":true}]}}