{"id":895,"date":"2020-11-24T08:47:40","date_gmt":"2020-11-24T12:47:40","guid":{"rendered":"https:\/\/minutocerord.com\/?p=895"},"modified":"2020-11-24T08:47:42","modified_gmt":"2020-11-24T12:47:42","slug":"castro-marte-levantar-toque-de-queda-por-navidad-se-puede-convertir-en-arma-letal-para-los-mas-vulnerables","status":"publish","type":"post","link":"https:\/\/minutocerord.com\/?p=895","title":{"rendered":"Castro Marte: Levantar toque de queda por Navidad se puede convertir en arma letal para los m\u00e1s vulnerables"},"content":{"rendered":"\n<p>&nbsp;Santo Domingo. &#8211; El obispo de la Di\u00f3cesis de Nuestra Se\u00f1ora de la Altagracia, Monse\u00f1or Jes\u00fas Castro Marte, al referirse a un posible levantamiento del toque de queda por la Navidad, dijo que la irresponsabilidad no puede ser premiada, ya que \u201ceste pueblo necesita m\u00e1s conciencia ciudadana.\u201d<\/p>\n\n\n\n<p>Monse\u00f1or Jes\u00fas Castro expres\u00f3 que \u201clevantar el toque de queda por la llegada de la Navidad se puede convertir en un arma letal para los segmentos m\u00e1s vulnerables de la poblaci\u00f3n.\u201d<\/p>\n\n\n\n<p>En un comunicado a trav\u00e9s de su cuenta de Twitter el obispo, manifest\u00f3 que se deben mantener los protocolos hasta que la curva de los contagios por el covid-19 disminuya y que la ciudadan\u00eda entienda que es por su bien.<\/p>\n\n\n\n<p>\u201cDe la \u00fanica forma que estas navidades se convertir\u00edan en las \u00faltimas para un amplio sector de la poblaci\u00f3n dominicana es si se hace una apertura total del pa\u00eds por estas fiestas.<\/p>\n\n\n\n<p>En ese sentido, el presidente de la Rep\u00fablica, Luis Abinader, solicit\u00f3 la tarde de este lunes a la C\u00e1mara de Diputados la extensi\u00f3n de un nuevo estado de emergencia, el cual el cual culminar\u00e1 este martes primero de diciembre.<\/p>\n","protected":false},"excerpt":{"rendered":"<p>&nbsp;Santo Domingo. &#8211; El obispo de la Di\u00f3cesis de Nuestra Se\u00f1ora de la Altagracia, Monse\u00f1or Jes\u00fas Castro Marte, al referirse a un posible levantamiento del toque de queda por la Navidad, dijo que la irresponsabilidad no puede ser premiada, ya que \u201ceste pueblo necesita m\u00e1s conciencia ciudadana.\u201d Monse\u00f1or Jes\u00fas Castro expres\u00f3 que \u201clevantar el toque [&hellip;]<\/p>\n","protected":false},"author":1,"featured_media":896,"comment_status":"open","ping_status":"open","sticky":false,"template":"","format":"standard","meta":{"nf_dc_page":"","jetpack_post_was_ever_published":false,"_jetpack_newsletter_access":"","_jetpack_dont_email_post_to_subs":false,"_jetpack_newsletter_tier_id":0,"_jetpack_memberships_contains_paywalled_content":false,"_jetpack_memberships_contains_paid_content":false,"footnotes":"","jetpack_publicize_message":"","jetpack_publicize_feature_enabled":true,"jetpack_social_post_already_shared":false,"jetpack_social_options":{"image_generator_settings":{"template":"highway","default_image_id":0,"font":"","enabled":false},"version":2}},"categories":[65],"tags":[],"class_list":["post-895","post","type-post","status-publish","format-standard","has-post-thumbnail","hentry","category-nacionales"],"yoast_head":"<!-- This site is optimized with the Yoast SEO plugin v27.5 - https:\/\/yoast.com\/product\/yoast-seo-wordpress\/ -->\n<title>Castro Marte: Levantar toque de queda por Navidad se puede convertir en arma letal para los m\u00e1s vulnerables - Minuto Cero RD<\/title>\n<meta name=\"robots\" content=\"index, follow, max-snippet:-1, max-image-preview:large, max-video-preview:-1\" \/>\n<link rel=\"canonical\" href=\"http:\/\/minutocerord.com\/?p=895\" \/>\n<meta property=\"og:locale\" content=\"es_ES\" \/>\n<meta property=\"og:type\" content=\"article\" \/>\n<meta property=\"og:title\" content=\"Castro Marte: Levantar toque de queda por Navidad se puede convertir en arma letal para los m\u00e1s vulnerables - Minuto Cero RD\" \/>\n<meta property=\"og:description\" content=\"&nbsp;Santo Domingo. &#8211; El obispo de la Di\u00f3cesis de Nuestra Se\u00f1ora de la Altagracia, Monse\u00f1or Jes\u00fas Castro Marte, al referirse a un posible levantamiento del toque de queda por la Navidad, dijo que la irresponsabilidad no puede ser premiada, ya que \u201ceste pueblo necesita m\u00e1s conciencia ciudadana.\u201d Monse\u00f1or Jes\u00fas Castro expres\u00f3 que \u201clevantar el toque [&hellip;]\" \/>\n<meta property=\"og:url\" content=\"http:\/\/minutocerord.com\/?p=895\" \/>\n<meta property=\"og:site_name\" content=\"Minuto Cero RD\" \/>\n<meta property=\"article:publisher\" content=\"https:\/\/www.facebook.com\/Genofnotes\" \/>\n<meta property=\"article:author\" content=\"https:\/\/www.facebook.com\/Genofnotes\" \/>\n<meta property=\"article:published_time\" content=\"2020-11-24T12:47:40+00:00\" \/>\n<meta property=\"article:modified_time\" content=\"2020-11-24T12:47:42+00:00\" \/>\n<meta property=\"og:image\" content=\"https:\/\/i0.wp.com\/minutocerord.com\/wp-content\/uploads\/2020\/11\/d41c0bcb-1d275051-fb918d53-monsenor-jesus-castro-marte-rector-universidad-catolica-ucsd-kmota-2-5f58f43f4445b-5fbc6535d00b5-768x461-1.jpg?fit=768%2C461\" \/>\n\t<meta property=\"og:image:width\" content=\"768\" \/>\n\t<meta property=\"og:image:height\" content=\"461\" \/>\n\t<meta property=\"og:image:type\" content=\"image\/jpeg\" \/>\n<meta name=\"author\" content=\"Genof\u00f3ntes Urb\u00e1ez\" \/>\n<meta name=\"twitter:card\" content=\"summary_large_image\" \/>\n<meta name=\"twitter:label1\" content=\"Written by\" \/>\n\t<meta name=\"twitter:data1\" content=\"Genof\u00f3ntes Urb\u00e1ez\" \/>\n\t<meta name=\"twitter:label2\" content=\"Est. reading time\" \/>\n\t<meta name=\"twitter:data2\" content=\"1 minuto\" \/>\n<script type=\"application\/ld+json\" class=\"yoast-schema-graph\">{\"@context\":\"https:\\\/\\\/schema.org\",\"@graph\":[{\"@type\":\"Article\",\"@id\":\"http:\\\/\\\/minutocerord.com\\\/?p=895#article\",\"isPartOf\":{\"@id\":\"http:\\\/\\\/minutocerord.com\\\/?p=895\"},\"author\":{\"name\":\"Genof\u00f3ntes Urb\u00e1ez\",\"@id\":\"https:\\\/\\\/minutocerord.com\\\/#\\\/schema\\\/person\\\/60b5372d60aaa0a5171fb6488be9aee6\"},\"headline\":\"Castro Marte: Levantar toque de queda por Navidad se puede convertir en arma letal para los m\u00e1s vulnerables\",\"datePublished\":\"2020-11-24T12:47:40+00:00\",\"dateModified\":\"2020-11-24T12:47:42+00:00\",\"mainEntityOfPage\":{\"@id\":\"http:\\\/\\\/minutocerord.com\\\/?p=895\"},\"wordCount\":226,\"commentCount\":0,\"publisher\":{\"@id\":\"https:\\\/\\\/minutocerord.com\\\/#\\\/schema\\\/person\\\/60b5372d60aaa0a5171fb6488be9aee6\"},\"image\":{\"@id\":\"http:\\\/\\\/minutocerord.com\\\/?p=895#primaryimage\"},\"thumbnailUrl\":\"https:\\\/\\\/i0.wp.com\\\/minutocerord.com\\\/wp-content\\\/uploads\\\/2020\\\/11\\\/d41c0bcb-1d275051-fb918d53-monsenor-jesus-castro-marte-rector-universidad-catolica-ucsd-kmota-2-5f58f43f4445b-5fbc6535d00b5-768x461-1.jpg?fit=768%2C461&ssl=1\",\"articleSection\":[\"Nacionales\"],\"inLanguage\":\"es-DO\",\"potentialAction\":[{\"@type\":\"CommentAction\",\"name\":\"Comment\",\"target\":[\"http:\\\/\\\/minutocerord.com\\\/?p=895#respond\"]}]},{\"@type\":\"WebPage\",\"@id\":\"http:\\\/\\\/minutocerord.com\\\/?p=895\",\"url\":\"http:\\\/\\\/minutocerord.com\\\/?p=895\",\"name\":\"Castro Marte: Levantar toque de queda por Navidad se puede convertir en arma letal para los m\u00e1s vulnerables - Minuto Cero RD\",\"isPartOf\":{\"@id\":\"https:\\\/\\\/minutocerord.com\\\/#website\"},\"primaryImageOfPage\":{\"@id\":\"http:\\\/\\\/minutocerord.com\\\/?p=895#primaryimage\"},\"image\":{\"@id\":\"http:\\\/\\\/minutocerord.com\\\/?p=895#primaryimage\"},\"thumbnailUrl\":\"https:\\\/\\\/i0.wp.com\\\/minutocerord.com\\\/wp-content\\\/uploads\\\/2020\\\/11\\\/d41c0bcb-1d275051-fb918d53-monsenor-jesus-castro-marte-rector-universidad-catolica-ucsd-kmota-2-5f58f43f4445b-5fbc6535d00b5-768x461-1.jpg?fit=768%2C461&ssl=1\",\"datePublished\":\"2020-11-24T12:47:40+00:00\",\"dateModified\":\"2020-11-24T12:47:42+00:00\",\"breadcrumb\":{\"@id\":\"http:\\\/\\\/minutocerord.com\\\/?p=895#breadcrumb\"},\"inLanguage\":\"es-DO\",\"potentialAction\":[{\"@type\":\"ReadAction\",\"target\":[\"http:\\\/\\\/minutocerord.com\\\/?p=895\"]}]},{\"@type\":\"ImageObject\",\"inLanguage\":\"es-DO\",\"@id\":\"http:\\\/\\\/minutocerord.com\\\/?p=895#primaryimage\",\"url\":\"https:\\\/\\\/i0.wp.com\\\/minutocerord.com\\\/wp-content\\\/uploads\\\/2020\\\/11\\\/d41c0bcb-1d275051-fb918d53-monsenor-jesus-castro-marte-rector-universidad-catolica-ucsd-kmota-2-5f58f43f4445b-5fbc6535d00b5-768x461-1.jpg?fit=768%2C461&ssl=1\",\"contentUrl\":\"https:\\\/\\\/i0.wp.com\\\/minutocerord.com\\\/wp-content\\\/uploads\\\/2020\\\/11\\\/d41c0bcb-1d275051-fb918d53-monsenor-jesus-castro-marte-rector-universidad-catolica-ucsd-kmota-2-5f58f43f4445b-5fbc6535d00b5-768x461-1.jpg?fit=768%2C461&ssl=1\",\"width\":768,\"height\":461},{\"@type\":\"BreadcrumbList\",\"@id\":\"http:\\\/\\\/minutocerord.com\\\/?p=895#breadcrumb\",\"itemListElement\":[{\"@type\":\"ListItem\",\"position\":1,\"name\":\"Home\",\"item\":\"https:\\\/\\\/minutocerord.com\\\/\"},{\"@type\":\"ListItem\",\"position\":2,\"name\":\"Castro Marte: Levantar toque de queda por Navidad se puede convertir en arma letal para los m\u00e1s vulnerables\"}]},{\"@type\":\"WebSite\",\"@id\":\"https:\\\/\\\/minutocerord.com\\\/#website\",\"url\":\"https:\\\/\\\/minutocerord.com\\\/\",\"name\":\"Minuto Cero RD\",\"description\":\"Periodismo serio y veraz\",\"publisher\":{\"@id\":\"https:\\\/\\\/minutocerord.com\\\/#\\\/schema\\\/person\\\/60b5372d60aaa0a5171fb6488be9aee6\"},\"potentialAction\":[{\"@type\":\"SearchAction\",\"target\":{\"@type\":\"EntryPoint\",\"urlTemplate\":\"https:\\\/\\\/minutocerord.com\\\/?s={search_term_string}\"},\"query-input\":{\"@type\":\"PropertyValueSpecification\",\"valueRequired\":true,\"valueName\":\"search_term_string\"}}],\"inLanguage\":\"es-DO\"},{\"@type\":[\"Person\",\"Organization\"],\"@id\":\"https:\\\/\\\/minutocerord.com\\\/#\\\/schema\\\/person\\\/60b5372d60aaa0a5171fb6488be9aee6\",\"name\":\"Genof\u00f3ntes Urb\u00e1ez\",\"image\":{\"@type\":\"ImageObject\",\"inLanguage\":\"es-DO\",\"@id\":\"https:\\\/\\\/secure.gravatar.com\\\/avatar\\\/a49ef3186a692098ac3e8a1612261e3ad70cf9e44553dff2929e67939a0ecb9d?s=96&d=identicon&r=g\",\"url\":\"https:\\\/\\\/secure.gravatar.com\\\/avatar\\\/a49ef3186a692098ac3e8a1612261e3ad70cf9e44553dff2929e67939a0ecb9d?s=96&d=identicon&r=g\",\"contentUrl\":\"https:\\\/\\\/secure.gravatar.com\\\/avatar\\\/a49ef3186a692098ac3e8a1612261e3ad70cf9e44553dff2929e67939a0ecb9d?s=96&d=identicon&r=g\",\"caption\":\"Genof\u00f3ntes Urb\u00e1ez\"},\"logo\":{\"@id\":\"https:\\\/\\\/secure.gravatar.com\\\/avatar\\\/a49ef3186a692098ac3e8a1612261e3ad70cf9e44553dff2929e67939a0ecb9d?s=96&d=identicon&r=g\"},\"description\":\"Periodista \\\/ Locutor\",\"sameAs\":[\"https:\\\/\\\/www.facebook.com\\\/Genofnotes\",\"https:\\\/\\\/www.instagram.com\\\/genofnotes\\\/\"]}]}<\/script>\n<!-- \/ Yoast SEO plugin. -->","yoast_head_json":{"title":"Castro Marte: Levantar toque de queda por Navidad se puede convertir en arma letal para los m\u00e1s vulnerables - Minuto Cero RD","robots":{"index":"index","follow":"follow","max-snippet":"max-snippet:-1","max-image-preview":"max-image-preview:large","max-video-preview":"max-video-preview:-1"},"canonical":"http:\/\/minutocerord.com\/?p=895","og_locale":"es_ES","og_type":"article","og_title":"Castro Marte: Levantar toque de queda por Navidad se puede convertir en arma letal para los m\u00e1s vulnerables - Minuto Cero RD","og_description":"&nbsp;Santo Domingo. &#8211; El obispo de la Di\u00f3cesis de Nuestra Se\u00f1ora de la Altagracia, Monse\u00f1or Jes\u00fas Castro Marte, al referirse a un posible levantamiento del toque de queda por la Navidad, dijo que la irresponsabilidad no puede ser premiada, ya que \u201ceste pueblo necesita m\u00e1s conciencia ciudadana.\u201d Monse\u00f1or Jes\u00fas Castro expres\u00f3 que \u201clevantar el toque [&hellip;]","og_url":"http:\/\/minutocerord.com\/?p=895","og_site_name":"Minuto Cero RD","article_publisher":"https:\/\/www.facebook.com\/Genofnotes","article_author":"https:\/\/www.facebook.com\/Genofnotes","article_published_time":"2020-11-24T12:47:40+00:00","article_modified_time":"2020-11-24T12:47:42+00:00","og_image":[{"width":768,"height":461,"url":"https:\/\/i0.wp.com\/minutocerord.com\/wp-content\/uploads\/2020\/11\/d41c0bcb-1d275051-fb918d53-monsenor-jesus-castro-marte-rector-universidad-catolica-ucsd-kmota-2-5f58f43f4445b-5fbc6535d00b5-768x461-1.jpg?fit=768%2C461","type":"image\/jpeg"}],"author":"Genof\u00f3ntes Urb\u00e1ez","twitter_card":"summary_large_image","twitter_misc":{"Written by":"Genof\u00f3ntes Urb\u00e1ez","Est. reading time":"1 minuto"},"schema":{"@context":"https:\/\/schema.org","@graph":[{"@type":"Article","@id":"http:\/\/minutocerord.com\/?p=895#article","isPartOf":{"@id":"http:\/\/minutocerord.com\/?p=895"},"author":{"name":"Genof\u00f3ntes Urb\u00e1ez","@id":"https:\/\/minutocerord.com\/#\/schema\/person\/60b5372d60aaa0a5171fb6488be9aee6"},"headline":"Castro Marte: Levantar toque de queda por Navidad se puede convertir en arma letal para los m\u00e1s vulnerables","datePublished":"2020-11-24T12:47:40+00:00","dateModified":"2020-11-24T12:47:42+00:00","mainEntityOfPage":{"@id":"http:\/\/minutocerord.com\/?p=895"},"wordCount":226,"commentCount":0,"publisher":{"@id":"https:\/\/minutocerord.com\/#\/schema\/person\/60b5372d60aaa0a5171fb6488be9aee6"},"image":{"@id":"http:\/\/minutocerord.com\/?p=895#primaryimage"},"thumbnailUrl":"https:\/\/i0.wp.com\/minutocerord.com\/wp-content\/uploads\/2020\/11\/d41c0bcb-1d275051-fb918d53-monsenor-jesus-castro-marte-rector-universidad-catolica-ucsd-kmota-2-5f58f43f4445b-5fbc6535d00b5-768x461-1.jpg?fit=768%2C461&ssl=1","articleSection":["Nacionales"],"inLanguage":"es-DO","potentialAction":[{"@type":"CommentAction","name":"Comment","target":["http:\/\/minutocerord.com\/?p=895#respond"]}]},{"@type":"WebPage","@id":"http:\/\/minutocerord.com\/?p=895","url":"http:\/\/minutocerord.com\/?p=895","name":"Castro Marte: Levantar toque de queda por Navidad se puede convertir en arma letal para los m\u00e1s vulnerables - Minuto Cero RD","isPartOf":{"@id":"https:\/\/minutocerord.com\/#website"},"primaryImageOfPage":{"@id":"http:\/\/minutocerord.com\/?p=895#primaryimage"},"image":{"@id":"http:\/\/minutocerord.com\/?p=895#primaryimage"},"thumbnailUrl":"https:\/\/i0.wp.com\/minutocerord.com\/wp-content\/uploads\/2020\/11\/d41c0bcb-1d275051-fb918d53-monsenor-jesus-castro-marte-rector-universidad-catolica-ucsd-kmota-2-5f58f43f4445b-5fbc6535d00b5-768x461-1.jpg?fit=768%2C461&ssl=1","datePublished":"2020-11-24T12:47:40+00:00","dateModified":"2020-11-24T12:47:42+00:00","breadcrumb":{"@id":"http:\/\/minutocerord.com\/?p=895#breadcrumb"},"inLanguage":"es-DO","potentialAction":[{"@type":"ReadAction","target":["http:\/\/minutocerord.com\/?p=895"]}]},{"@type":"ImageObject","inLanguage":"es-DO","@id":"http:\/\/minutocerord.com\/?p=895#primaryimage","url":"https:\/\/i0.wp.com\/minutocerord.com\/wp-content\/uploads\/2020\/11\/d41c0bcb-1d275051-fb918d53-monsenor-jesus-castro-marte-rector-universidad-catolica-ucsd-kmota-2-5f58f43f4445b-5fbc6535d00b5-768x461-1.jpg?fit=768%2C461&ssl=1","contentUrl":"https:\/\/i0.wp.com\/minutocerord.com\/wp-content\/uploads\/2020\/11\/d41c0bcb-1d275051-fb918d53-monsenor-jesus-castro-marte-rector-universidad-catolica-ucsd-kmota-2-5f58f43f4445b-5fbc6535d00b5-768x461-1.jpg?fit=768%2C461&ssl=1","width":768,"height":461},{"@type":"BreadcrumbList","@id":"http:\/\/minutocerord.com\/?p=895#breadcrumb","itemListElement":[{"@type":"ListItem","position":1,"name":"Home","item":"https:\/\/minutocerord.com\/"},{"@type":"ListItem","position":2,"name":"Castro Marte: Levantar toque de queda por Navidad se puede convertir en arma letal para los m\u00e1s vulnerables"}]},{"@type":"WebSite","@id":"https:\/\/minutocerord.com\/#website","url":"https:\/\/minutocerord.com\/","name":"Minuto Cero RD","description":"Periodismo serio y veraz","publisher":{"@id":"https:\/\/minutocerord.com\/#\/schema\/person\/60b5372d60aaa0a5171fb6488be9aee6"},"potentialAction":[{"@type":"SearchAction","target":{"@type":"EntryPoint","urlTemplate":"https:\/\/minutocerord.com\/?s={search_term_string}"},"query-input":{"@type":"PropertyValueSpecification","valueRequired":true,"valueName":"search_term_string"}}],"inLanguage":"es-DO"},{"@type":["Person","Organization"],"@id":"https:\/\/minutocerord.com\/#\/schema\/person\/60b5372d60aaa0a5171fb6488be9aee6","name":"Genof\u00f3ntes Urb\u00e1ez","image":{"@type":"ImageObject","inLanguage":"es-DO","@id":"https:\/\/secure.gravatar.com\/avatar\/a49ef3186a692098ac3e8a1612261e3ad70cf9e44553dff2929e67939a0ecb9d?s=96&d=identicon&r=g","url":"https:\/\/secure.gravatar.com\/avatar\/a49ef3186a692098ac3e8a1612261e3ad70cf9e44553dff2929e67939a0ecb9d?s=96&d=identicon&r=g","contentUrl":"https:\/\/secure.gravatar.com\/avatar\/a49ef3186a692098ac3e8a1612261e3ad70cf9e44553dff2929e67939a0ecb9d?s=96&d=identicon&r=g","caption":"Genof\u00f3ntes Urb\u00e1ez"},"logo":{"@id":"https:\/\/secure.gravatar.com\/avatar\/a49ef3186a692098ac3e8a1612261e3ad70cf9e44553dff2929e67939a0ecb9d?s=96&d=identicon&r=g"},"description":"Periodista \/ Locutor","sameAs":["https:\/\/www.facebook.com\/Genofnotes","https:\/\/www.instagram.com\/genofnotes\/"]}]}},"jetpack_publicize_connections":[],"jetpack_featured_media_url":"https:\/\/i0.wp.com\/minutocerord.com\/wp-content\/uploads\/2020\/11\/d41c0bcb-1d275051-fb918d53-monsenor-jesus-castro-marte-rector-universidad-catolica-ucsd-kmota-2-5f58f43f4445b-5fbc6535d00b5-768x461-1.jpg?fit=768%2C461&ssl=1","jetpack-related-posts":[],"jetpack_sharing_enabled":true,"_links":{"self":[{"href":"https:\/\/minutocerord.com\/index.php?rest_route=\/wp\/v2\/posts\/895","targetHints":{"allow":["GET"]}}],"collection":[{"href":"https:\/\/minutocerord.com\/index.php?rest_route=\/wp\/v2\/posts"}],"about":[{"href":"https:\/\/minutocerord.com\/index.php?rest_route=\/wp\/v2\/types\/post"}],"author":[{"embeddable":true,"href":"https:\/\/minutocerord.com\/index.php?rest_route=\/wp\/v2\/users\/1"}],"replies":[{"embeddable":true,"href":"https:\/\/minutocerord.com\/index.php?rest_route=%2Fwp%2Fv2%2Fcomments&post=895"}],"version-history":[{"count":1,"href":"https:\/\/minutocerord.com\/index.php?rest_route=\/wp\/v2\/posts\/895\/revisions"}],"predecessor-version":[{"id":897,"href":"https:\/\/minutocerord.com\/index.php?rest_route=\/wp\/v2\/posts\/895\/revisions\/897"}],"wp:featuredmedia":[{"embeddable":true,"href":"https:\/\/minutocerord.com\/index.php?rest_route=\/wp\/v2\/media\/896"}],"wp:attachment":[{"href":"https:\/\/minutocerord.com\/index.php?rest_route=%2Fwp%2Fv2%2Fmedia&parent=895"}],"wp:term":[{"taxonomy":"category","embeddable":true,"href":"https:\/\/minutocerord.com\/index.php?rest_route=%2Fwp%2Fv2%2Fcategories&post=895"},{"taxonomy":"post_tag","embeddable":true,"href":"https:\/\/minutocerord.com\/index.php?rest_route=%2Fwp%2Fv2%2Ftags&post=895"}],"curies":[{"name":"wp","href":"https:\/\/api.w.org\/{rel}","templated":true}]}}