{"id":901,"date":"2020-11-24T08:56:55","date_gmt":"2020-11-24T12:56:55","guid":{"rendered":"https:\/\/minutocerord.com\/?p=901"},"modified":"2020-11-24T08:56:58","modified_gmt":"2020-11-24T12:56:58","slug":"salud-publica-gigantes-y-licey-saben-origen-casos-de-covid-19","status":"publish","type":"post","link":"https:\/\/minutocerord.com\/?p=901","title":{"rendered":"Salud Publica, Gigantes y Licey saben origen casos de Covid-19"},"content":{"rendered":"\n<p>Santo Domingo, RD.- El Ministerio de Salud P\u00fa\u00adblica, as\u00ed como los Tigres del Licey y Gigantes del Ci\u00adbao tienen la informaci\u00f3n sobre el posible origen de los casos de coronavirus que han afectado a varios de sus integrantes.<\/p>\n\n\n\n<p>La revelaci\u00f3n la hizo ayer el doctor Edward Guzm\u00e1n, viceministro de Salud P\u00fablica y encarga\u00addo del protocolo sanitario que se est\u00e1 aplicando en el torneo de b\u00e9isbol oto\u00ad\u00f1o-invernal.<\/p>\n\n\n\n<p>\u201cEn el tema del conta\u00adgio hay una trazabilidad desde el momento en que comenzaron a aparecer los contagios y se puede hacer una retrospectiva y uno puede darse cuen\u00adta por donde pudo haber iniciado\u201d, explic\u00f3.<\/p>\n\n\n\n<p>\u201cTenemos el control completamente. Noso\u00adtros tenemos la informa\u00adci\u00f3n y la socializamos con los equipos. Estamos en comunicaci\u00f3n constan\u00adte\u201d, declar\u00f3 sobre los 13 casos que hasta el mo\u00admento hay certificados en el Licey y 10 en los Gigan\u00adtes.<\/p>\n\n\n\n<p>\u201cObviamente, de par\u00adte de Salud P\u00fablica nun\u00adca se va a revelar porque ese es un tema personal. Le confiere a cada persona y maneja la informaci\u00f3n a su manera\u201d, indic\u00f3 el pro\u00adfesional de la medicina en una entrevista v\u00eda zoom realizada por el Editor De\u00adportivo de LIST\u00cdN DIARIO, H\u00e9ctor J. Cruz.<\/p>\n\n\n\n<p>Manifest\u00f3 que aunque se trata de un espect\u00e1cu\u00adlo p\u00fablico, el resultado de un diagn\u00f3stico es un tema personal.<\/p>\n\n\n\n<p>Ratific\u00f3 que ambos equipos permanecer\u00e1n in\u00adactivos hasta el viernes y sus miembros sometidos a pruebas de manera inter diaria para tratar de cortar la cadena de contagios.<\/p>\n\n\n\n<p>Apunt\u00f3 que el compor\u00ad&nbsp; &nbsp;tamiento del virus eviden\u00adcia que se transmite con facilidad y \u201clamentable\u00admente ha venido a cam\u00adbiar los paradigmas y el comportamiento de todos nosotros\u201d.<\/p>\n\n\n\n<p>El doctor Guzm\u00e1n se\u00f1a\u00adl\u00f3 que en la aplicaci\u00f3n del&nbsp; &nbsp;compor\u00ad<\/p>\n\n\n\n<p>protocolo sanitario hay una responsabilidad com\u00adpartida entre Salud P\u00fabli\u00adca, la Liga de B\u00e9isbol, los equipos y un personal de MLB que ha sido contrata\u00addo, pero que el mayor pe\u00adso recae sobre los jugado\u00adres en virtud de que deben tener conciencia sobre el peligro a que se exponen y exponen a los dem\u00e1s.<\/p>\n\n\n\n<p>Asimismo, indic\u00f3 que la semana pasada no pudo salir publicado un bolet\u00edn que recoger\u00e1 toda la infor\u00admaci\u00f3n sobre el n\u00famero de pruebas realizadas a los equipos y la cantidad de personas que resultaron positivas, pero que dio se\u00adguridades de que en el cur\u00adso de esta lo har\u00e1n.<\/p>\n","protected":false},"excerpt":{"rendered":"<p>Santo Domingo, RD.- El Ministerio de Salud P\u00fa\u00adblica, as\u00ed como los Tigres del Licey y Gigantes del Ci\u00adbao tienen la informaci\u00f3n sobre el posible origen de los casos de coronavirus que han afectado a varios de sus integrantes. La revelaci\u00f3n la hizo ayer el doctor Edward Guzm\u00e1n, viceministro de Salud P\u00fablica y encarga\u00addo del protocolo [&hellip;]<\/p>\n","protected":false},"author":1,"featured_media":902,"comment_status":"open","ping_status":"open","sticky":false,"template":"","format":"standard","meta":{"nf_dc_page":"","jetpack_post_was_ever_published":false,"_jetpack_newsletter_access":"","_jetpack_dont_email_post_to_subs":false,"_jetpack_newsletter_tier_id":0,"_jetpack_memberships_contains_paywalled_content":false,"_jetpack_memberships_contains_paid_content":false,"footnotes":"","jetpack_publicize_message":"","jetpack_publicize_feature_enabled":true,"jetpack_social_post_already_shared":false,"jetpack_social_options":{"image_generator_settings":{"template":"highway","default_image_id":0,"font":"","enabled":false},"version":2}},"categories":[80],"tags":[],"class_list":["post-901","post","type-post","status-publish","format-standard","has-post-thumbnail","hentry","category-beisbol"],"yoast_head":"<!-- This site is optimized with the Yoast SEO plugin v27.5 - https:\/\/yoast.com\/product\/yoast-seo-wordpress\/ -->\n<title>Salud Publica, Gigantes y Licey saben origen casos de Covid-19 - Minuto Cero RD<\/title>\n<meta name=\"robots\" content=\"index, follow, max-snippet:-1, max-image-preview:large, max-video-preview:-1\" \/>\n<link rel=\"canonical\" href=\"http:\/\/minutocerord.com\/?p=901\" \/>\n<meta property=\"og:locale\" content=\"es_ES\" \/>\n<meta property=\"og:type\" content=\"article\" \/>\n<meta property=\"og:title\" content=\"Salud Publica, Gigantes y Licey saben origen casos de Covid-19 - Minuto Cero RD\" \/>\n<meta property=\"og:description\" content=\"Santo Domingo, RD.- El Ministerio de Salud P\u00fa\u00adblica, as\u00ed como los Tigres del Licey y Gigantes del Ci\u00adbao tienen la informaci\u00f3n sobre el posible origen de los casos de coronavirus que han afectado a varios de sus integrantes. La revelaci\u00f3n la hizo ayer el doctor Edward Guzm\u00e1n, viceministro de Salud P\u00fablica y encarga\u00addo del protocolo [&hellip;]\" \/>\n<meta property=\"og:url\" content=\"http:\/\/minutocerord.com\/?p=901\" \/>\n<meta property=\"og:site_name\" content=\"Minuto Cero RD\" \/>\n<meta property=\"article:publisher\" content=\"https:\/\/www.facebook.com\/Genofnotes\" \/>\n<meta property=\"article:author\" content=\"https:\/\/www.facebook.com\/Genofnotes\" \/>\n<meta property=\"article:published_time\" content=\"2020-11-24T12:56:55+00:00\" \/>\n<meta property=\"article:modified_time\" content=\"2020-11-24T12:56:58+00:00\" \/>\n<meta property=\"og:image\" content=\"https:\/\/i0.wp.com\/minutocerord.com\/wp-content\/uploads\/2020\/11\/sp-gigantes-y-licey-saben-origen-casos-de-covid-19.jpeg?fit=680%2C407\" \/>\n\t<meta property=\"og:image:width\" content=\"680\" \/>\n\t<meta property=\"og:image:height\" content=\"407\" \/>\n\t<meta property=\"og:image:type\" content=\"image\/jpeg\" \/>\n<meta name=\"author\" content=\"Genof\u00f3ntes Urb\u00e1ez\" \/>\n<meta name=\"twitter:card\" content=\"summary_large_image\" \/>\n<meta name=\"twitter:label1\" content=\"Written by\" \/>\n\t<meta name=\"twitter:data1\" content=\"Genof\u00f3ntes Urb\u00e1ez\" \/>\n\t<meta name=\"twitter:label2\" content=\"Est. reading time\" \/>\n\t<meta name=\"twitter:data2\" content=\"2 minutos\" \/>\n<script type=\"application\/ld+json\" class=\"yoast-schema-graph\">{\"@context\":\"https:\\\/\\\/schema.org\",\"@graph\":[{\"@type\":\"Article\",\"@id\":\"http:\\\/\\\/minutocerord.com\\\/?p=901#article\",\"isPartOf\":{\"@id\":\"http:\\\/\\\/minutocerord.com\\\/?p=901\"},\"author\":{\"name\":\"Genof\u00f3ntes Urb\u00e1ez\",\"@id\":\"https:\\\/\\\/minutocerord.com\\\/#\\\/schema\\\/person\\\/60b5372d60aaa0a5171fb6488be9aee6\"},\"headline\":\"Salud Publica, Gigantes y Licey saben origen casos de Covid-19\",\"datePublished\":\"2020-11-24T12:56:55+00:00\",\"dateModified\":\"2020-11-24T12:56:58+00:00\",\"mainEntityOfPage\":{\"@id\":\"http:\\\/\\\/minutocerord.com\\\/?p=901\"},\"wordCount\":438,\"commentCount\":0,\"publisher\":{\"@id\":\"https:\\\/\\\/minutocerord.com\\\/#\\\/schema\\\/person\\\/60b5372d60aaa0a5171fb6488be9aee6\"},\"image\":{\"@id\":\"http:\\\/\\\/minutocerord.com\\\/?p=901#primaryimage\"},\"thumbnailUrl\":\"https:\\\/\\\/i0.wp.com\\\/minutocerord.com\\\/wp-content\\\/uploads\\\/2020\\\/11\\\/sp-gigantes-y-licey-saben-origen-casos-de-covid-19.jpeg?fit=680%2C407&ssl=1\",\"articleSection\":[\"Beisbol\"],\"inLanguage\":\"es-DO\",\"potentialAction\":[{\"@type\":\"CommentAction\",\"name\":\"Comment\",\"target\":[\"http:\\\/\\\/minutocerord.com\\\/?p=901#respond\"]}]},{\"@type\":\"WebPage\",\"@id\":\"http:\\\/\\\/minutocerord.com\\\/?p=901\",\"url\":\"http:\\\/\\\/minutocerord.com\\\/?p=901\",\"name\":\"Salud Publica, Gigantes y Licey saben origen casos de Covid-19 - Minuto Cero RD\",\"isPartOf\":{\"@id\":\"https:\\\/\\\/minutocerord.com\\\/#website\"},\"primaryImageOfPage\":{\"@id\":\"http:\\\/\\\/minutocerord.com\\\/?p=901#primaryimage\"},\"image\":{\"@id\":\"http:\\\/\\\/minutocerord.com\\\/?p=901#primaryimage\"},\"thumbnailUrl\":\"https:\\\/\\\/i0.wp.com\\\/minutocerord.com\\\/wp-content\\\/uploads\\\/2020\\\/11\\\/sp-gigantes-y-licey-saben-origen-casos-de-covid-19.jpeg?fit=680%2C407&ssl=1\",\"datePublished\":\"2020-11-24T12:56:55+00:00\",\"dateModified\":\"2020-11-24T12:56:58+00:00\",\"breadcrumb\":{\"@id\":\"http:\\\/\\\/minutocerord.com\\\/?p=901#breadcrumb\"},\"inLanguage\":\"es-DO\",\"potentialAction\":[{\"@type\":\"ReadAction\",\"target\":[\"http:\\\/\\\/minutocerord.com\\\/?p=901\"]}]},{\"@type\":\"ImageObject\",\"inLanguage\":\"es-DO\",\"@id\":\"http:\\\/\\\/minutocerord.com\\\/?p=901#primaryimage\",\"url\":\"https:\\\/\\\/i0.wp.com\\\/minutocerord.com\\\/wp-content\\\/uploads\\\/2020\\\/11\\\/sp-gigantes-y-licey-saben-origen-casos-de-covid-19.jpeg?fit=680%2C407&ssl=1\",\"contentUrl\":\"https:\\\/\\\/i0.wp.com\\\/minutocerord.com\\\/wp-content\\\/uploads\\\/2020\\\/11\\\/sp-gigantes-y-licey-saben-origen-casos-de-covid-19.jpeg?fit=680%2C407&ssl=1\",\"width\":680,\"height\":407},{\"@type\":\"BreadcrumbList\",\"@id\":\"http:\\\/\\\/minutocerord.com\\\/?p=901#breadcrumb\",\"itemListElement\":[{\"@type\":\"ListItem\",\"position\":1,\"name\":\"Home\",\"item\":\"https:\\\/\\\/minutocerord.com\\\/\"},{\"@type\":\"ListItem\",\"position\":2,\"name\":\"Salud Publica, Gigantes y Licey saben origen casos de Covid-19\"}]},{\"@type\":\"WebSite\",\"@id\":\"https:\\\/\\\/minutocerord.com\\\/#website\",\"url\":\"https:\\\/\\\/minutocerord.com\\\/\",\"name\":\"Minuto Cero RD\",\"description\":\"Periodismo serio y veraz\",\"publisher\":{\"@id\":\"https:\\\/\\\/minutocerord.com\\\/#\\\/schema\\\/person\\\/60b5372d60aaa0a5171fb6488be9aee6\"},\"potentialAction\":[{\"@type\":\"SearchAction\",\"target\":{\"@type\":\"EntryPoint\",\"urlTemplate\":\"https:\\\/\\\/minutocerord.com\\\/?s={search_term_string}\"},\"query-input\":{\"@type\":\"PropertyValueSpecification\",\"valueRequired\":true,\"valueName\":\"search_term_string\"}}],\"inLanguage\":\"es-DO\"},{\"@type\":[\"Person\",\"Organization\"],\"@id\":\"https:\\\/\\\/minutocerord.com\\\/#\\\/schema\\\/person\\\/60b5372d60aaa0a5171fb6488be9aee6\",\"name\":\"Genof\u00f3ntes Urb\u00e1ez\",\"image\":{\"@type\":\"ImageObject\",\"inLanguage\":\"es-DO\",\"@id\":\"https:\\\/\\\/secure.gravatar.com\\\/avatar\\\/a49ef3186a692098ac3e8a1612261e3ad70cf9e44553dff2929e67939a0ecb9d?s=96&d=identicon&r=g\",\"url\":\"https:\\\/\\\/secure.gravatar.com\\\/avatar\\\/a49ef3186a692098ac3e8a1612261e3ad70cf9e44553dff2929e67939a0ecb9d?s=96&d=identicon&r=g\",\"contentUrl\":\"https:\\\/\\\/secure.gravatar.com\\\/avatar\\\/a49ef3186a692098ac3e8a1612261e3ad70cf9e44553dff2929e67939a0ecb9d?s=96&d=identicon&r=g\",\"caption\":\"Genof\u00f3ntes Urb\u00e1ez\"},\"logo\":{\"@id\":\"https:\\\/\\\/secure.gravatar.com\\\/avatar\\\/a49ef3186a692098ac3e8a1612261e3ad70cf9e44553dff2929e67939a0ecb9d?s=96&d=identicon&r=g\"},\"description\":\"Periodista \\\/ Locutor\",\"sameAs\":[\"https:\\\/\\\/www.facebook.com\\\/Genofnotes\",\"https:\\\/\\\/www.instagram.com\\\/genofnotes\\\/\"]}]}<\/script>\n<!-- \/ Yoast SEO plugin. -->","yoast_head_json":{"title":"Salud Publica, Gigantes y Licey saben origen casos de Covid-19 - Minuto Cero RD","robots":{"index":"index","follow":"follow","max-snippet":"max-snippet:-1","max-image-preview":"max-image-preview:large","max-video-preview":"max-video-preview:-1"},"canonical":"http:\/\/minutocerord.com\/?p=901","og_locale":"es_ES","og_type":"article","og_title":"Salud Publica, Gigantes y Licey saben origen casos de Covid-19 - Minuto Cero RD","og_description":"Santo Domingo, RD.- El Ministerio de Salud P\u00fa\u00adblica, as\u00ed como los Tigres del Licey y Gigantes del Ci\u00adbao tienen la informaci\u00f3n sobre el posible origen de los casos de coronavirus que han afectado a varios de sus integrantes. La revelaci\u00f3n la hizo ayer el doctor Edward Guzm\u00e1n, viceministro de Salud P\u00fablica y encarga\u00addo del protocolo [&hellip;]","og_url":"http:\/\/minutocerord.com\/?p=901","og_site_name":"Minuto Cero RD","article_publisher":"https:\/\/www.facebook.com\/Genofnotes","article_author":"https:\/\/www.facebook.com\/Genofnotes","article_published_time":"2020-11-24T12:56:55+00:00","article_modified_time":"2020-11-24T12:56:58+00:00","og_image":[{"width":680,"height":407,"url":"https:\/\/i0.wp.com\/minutocerord.com\/wp-content\/uploads\/2020\/11\/sp-gigantes-y-licey-saben-origen-casos-de-covid-19.jpeg?fit=680%2C407","type":"image\/jpeg"}],"author":"Genof\u00f3ntes Urb\u00e1ez","twitter_card":"summary_large_image","twitter_misc":{"Written by":"Genof\u00f3ntes Urb\u00e1ez","Est. reading time":"2 minutos"},"schema":{"@context":"https:\/\/schema.org","@graph":[{"@type":"Article","@id":"http:\/\/minutocerord.com\/?p=901#article","isPartOf":{"@id":"http:\/\/minutocerord.com\/?p=901"},"author":{"name":"Genof\u00f3ntes Urb\u00e1ez","@id":"https:\/\/minutocerord.com\/#\/schema\/person\/60b5372d60aaa0a5171fb6488be9aee6"},"headline":"Salud Publica, Gigantes y Licey saben origen casos de Covid-19","datePublished":"2020-11-24T12:56:55+00:00","dateModified":"2020-11-24T12:56:58+00:00","mainEntityOfPage":{"@id":"http:\/\/minutocerord.com\/?p=901"},"wordCount":438,"commentCount":0,"publisher":{"@id":"https:\/\/minutocerord.com\/#\/schema\/person\/60b5372d60aaa0a5171fb6488be9aee6"},"image":{"@id":"http:\/\/minutocerord.com\/?p=901#primaryimage"},"thumbnailUrl":"https:\/\/i0.wp.com\/minutocerord.com\/wp-content\/uploads\/2020\/11\/sp-gigantes-y-licey-saben-origen-casos-de-covid-19.jpeg?fit=680%2C407&ssl=1","articleSection":["Beisbol"],"inLanguage":"es-DO","potentialAction":[{"@type":"CommentAction","name":"Comment","target":["http:\/\/minutocerord.com\/?p=901#respond"]}]},{"@type":"WebPage","@id":"http:\/\/minutocerord.com\/?p=901","url":"http:\/\/minutocerord.com\/?p=901","name":"Salud Publica, Gigantes y Licey saben origen casos de Covid-19 - Minuto Cero RD","isPartOf":{"@id":"https:\/\/minutocerord.com\/#website"},"primaryImageOfPage":{"@id":"http:\/\/minutocerord.com\/?p=901#primaryimage"},"image":{"@id":"http:\/\/minutocerord.com\/?p=901#primaryimage"},"thumbnailUrl":"https:\/\/i0.wp.com\/minutocerord.com\/wp-content\/uploads\/2020\/11\/sp-gigantes-y-licey-saben-origen-casos-de-covid-19.jpeg?fit=680%2C407&ssl=1","datePublished":"2020-11-24T12:56:55+00:00","dateModified":"2020-11-24T12:56:58+00:00","breadcrumb":{"@id":"http:\/\/minutocerord.com\/?p=901#breadcrumb"},"inLanguage":"es-DO","potentialAction":[{"@type":"ReadAction","target":["http:\/\/minutocerord.com\/?p=901"]}]},{"@type":"ImageObject","inLanguage":"es-DO","@id":"http:\/\/minutocerord.com\/?p=901#primaryimage","url":"https:\/\/i0.wp.com\/minutocerord.com\/wp-content\/uploads\/2020\/11\/sp-gigantes-y-licey-saben-origen-casos-de-covid-19.jpeg?fit=680%2C407&ssl=1","contentUrl":"https:\/\/i0.wp.com\/minutocerord.com\/wp-content\/uploads\/2020\/11\/sp-gigantes-y-licey-saben-origen-casos-de-covid-19.jpeg?fit=680%2C407&ssl=1","width":680,"height":407},{"@type":"BreadcrumbList","@id":"http:\/\/minutocerord.com\/?p=901#breadcrumb","itemListElement":[{"@type":"ListItem","position":1,"name":"Home","item":"https:\/\/minutocerord.com\/"},{"@type":"ListItem","position":2,"name":"Salud Publica, Gigantes y Licey saben origen casos de Covid-19"}]},{"@type":"WebSite","@id":"https:\/\/minutocerord.com\/#website","url":"https:\/\/minutocerord.com\/","name":"Minuto Cero RD","description":"Periodismo serio y veraz","publisher":{"@id":"https:\/\/minutocerord.com\/#\/schema\/person\/60b5372d60aaa0a5171fb6488be9aee6"},"potentialAction":[{"@type":"SearchAction","target":{"@type":"EntryPoint","urlTemplate":"https:\/\/minutocerord.com\/?s={search_term_string}"},"query-input":{"@type":"PropertyValueSpecification","valueRequired":true,"valueName":"search_term_string"}}],"inLanguage":"es-DO"},{"@type":["Person","Organization"],"@id":"https:\/\/minutocerord.com\/#\/schema\/person\/60b5372d60aaa0a5171fb6488be9aee6","name":"Genof\u00f3ntes Urb\u00e1ez","image":{"@type":"ImageObject","inLanguage":"es-DO","@id":"https:\/\/secure.gravatar.com\/avatar\/a49ef3186a692098ac3e8a1612261e3ad70cf9e44553dff2929e67939a0ecb9d?s=96&d=identicon&r=g","url":"https:\/\/secure.gravatar.com\/avatar\/a49ef3186a692098ac3e8a1612261e3ad70cf9e44553dff2929e67939a0ecb9d?s=96&d=identicon&r=g","contentUrl":"https:\/\/secure.gravatar.com\/avatar\/a49ef3186a692098ac3e8a1612261e3ad70cf9e44553dff2929e67939a0ecb9d?s=96&d=identicon&r=g","caption":"Genof\u00f3ntes Urb\u00e1ez"},"logo":{"@id":"https:\/\/secure.gravatar.com\/avatar\/a49ef3186a692098ac3e8a1612261e3ad70cf9e44553dff2929e67939a0ecb9d?s=96&d=identicon&r=g"},"description":"Periodista \/ Locutor","sameAs":["https:\/\/www.facebook.com\/Genofnotes","https:\/\/www.instagram.com\/genofnotes\/"]}]}},"jetpack_publicize_connections":[],"jetpack_featured_media_url":"https:\/\/i0.wp.com\/minutocerord.com\/wp-content\/uploads\/2020\/11\/sp-gigantes-y-licey-saben-origen-casos-de-covid-19.jpeg?fit=680%2C407&ssl=1","jetpack-related-posts":[],"jetpack_sharing_enabled":true,"_links":{"self":[{"href":"https:\/\/minutocerord.com\/index.php?rest_route=\/wp\/v2\/posts\/901","targetHints":{"allow":["GET"]}}],"collection":[{"href":"https:\/\/minutocerord.com\/index.php?rest_route=\/wp\/v2\/posts"}],"about":[{"href":"https:\/\/minutocerord.com\/index.php?rest_route=\/wp\/v2\/types\/post"}],"author":[{"embeddable":true,"href":"https:\/\/minutocerord.com\/index.php?rest_route=\/wp\/v2\/users\/1"}],"replies":[{"embeddable":true,"href":"https:\/\/minutocerord.com\/index.php?rest_route=%2Fwp%2Fv2%2Fcomments&post=901"}],"version-history":[{"count":1,"href":"https:\/\/minutocerord.com\/index.php?rest_route=\/wp\/v2\/posts\/901\/revisions"}],"predecessor-version":[{"id":903,"href":"https:\/\/minutocerord.com\/index.php?rest_route=\/wp\/v2\/posts\/901\/revisions\/903"}],"wp:featuredmedia":[{"embeddable":true,"href":"https:\/\/minutocerord.com\/index.php?rest_route=\/wp\/v2\/media\/902"}],"wp:attachment":[{"href":"https:\/\/minutocerord.com\/index.php?rest_route=%2Fwp%2Fv2%2Fmedia&parent=901"}],"wp:term":[{"taxonomy":"category","embeddable":true,"href":"https:\/\/minutocerord.com\/index.php?rest_route=%2Fwp%2Fv2%2Fcategories&post=901"},{"taxonomy":"post_tag","embeddable":true,"href":"https:\/\/minutocerord.com\/index.php?rest_route=%2Fwp%2Fv2%2Ftags&post=901"}],"curies":[{"name":"wp","href":"https:\/\/api.w.org\/{rel}","templated":true}]}}