{"id":904,"date":"2020-11-24T09:02:11","date_gmt":"2020-11-24T13:02:11","guid":{"rendered":"https:\/\/minutocerord.com\/?p=904"},"modified":"2020-11-24T09:02:14","modified_gmt":"2020-11-24T13:02:14","slug":"sdn-las-autoridades-sofocan-intento-de-motin-en-penitenciaria-la-victoria","status":"publish","type":"post","link":"https:\/\/minutocerord.com\/?p=904","title":{"rendered":"SDN: Las autoridades sofocan intento de mot\u00edn en penitenciar\u00eda La Victoria"},"content":{"rendered":"\n<p>SANTO DOMINGO NORTE.- La Penitenciar\u00eda Nacional de La Victoria se encuentra bajo control, luego de que la ma\u00f1ana de este lunes un grupo de internos intentara amotinarse con la intenci\u00f3n de impedir el traslado de cuatro de sus compa\u00f1eros que se dedicaban a la venta de drogas y alcohol en el recinto.<\/p>\n\n\n\n<p>As\u00ed lo inform\u00f3 la Direcci\u00f3n General de Prisiones a trav\u00e9s de un documento servido por la Procuradur\u00eda General de la Rep\u00fablica.<\/p>\n\n\n\n<p>El director de Prisiones, Roberto Hern\u00e1ndez Basilio, explic\u00f3 que las autoridades del penal trasladaron a los internos hacia centros del Nuevo Modelo de Gesti\u00f3n Penitenciaria, con el inter\u00e9s de separar a quienes violan los \u00abprotocolos de seguridad y disciplina\u00bb establecidos en el lugar.<\/p>\n\n\n\n<p>De acuerdo al funcionario, miembros del c\u00edrculo de los transferidos trataron de amotinarse, por lo que los agentes asignados a la seguridad del recinto usaron gases para controlarlos \u00aby en la actualidad la situaci\u00f3n est\u00e1 bajo control en La Victoria\u00bb.<\/p>\n\n\n\n<p>Tras calmar la situaci\u00f3n, seg\u00fan el comunicado, las autoridades realizaron una requisa al \u00e1rea de celdas conocida como Las Malvinas, donde hallaron tres porciones de un vegetal que se presume marihuana, un rev\u00f3lver, 13 cuchillos, 15 celulares, dos r\u00fater y 13 accesorios de amplificaci\u00f3n de sonido, entre bocinas y otros dispositivos, objetos introducidos de manera clandestina.<\/p>\n\n\n\n<p>El arma de fuego, escondida en un caj\u00f3n para bocina, es un Colt calibre 38, sin numeraci\u00f3n visible.<\/p>\n","protected":false},"excerpt":{"rendered":"<p>SANTO DOMINGO NORTE.- La Penitenciar\u00eda Nacional de La Victoria se encuentra bajo control, luego de que la ma\u00f1ana de este lunes un grupo de internos intentara amotinarse con la intenci\u00f3n de impedir el traslado de cuatro de sus compa\u00f1eros que se dedicaban a la venta de drogas y alcohol en el recinto. As\u00ed lo inform\u00f3 [&hellip;]<\/p>\n","protected":false},"author":1,"featured_media":905,"comment_status":"open","ping_status":"open","sticky":false,"template":"","format":"standard","meta":{"nf_dc_page":"","jetpack_post_was_ever_published":false,"_jetpack_newsletter_access":"","_jetpack_dont_email_post_to_subs":false,"_jetpack_newsletter_tier_id":0,"_jetpack_memberships_contains_paywalled_content":false,"_jetpack_memberships_contains_paid_content":false,"footnotes":"","jetpack_publicize_message":"","jetpack_publicize_feature_enabled":true,"jetpack_social_post_already_shared":false,"jetpack_social_options":{"image_generator_settings":{"template":"highway","default_image_id":0,"font":"","enabled":false},"version":2}},"categories":[91],"tags":[],"class_list":["post-904","post","type-post","status-publish","format-standard","has-post-thumbnail","hentry","category-provincia"],"yoast_head":"<!-- This site is optimized with the Yoast SEO plugin v27.5 - https:\/\/yoast.com\/product\/yoast-seo-wordpress\/ -->\n<title>SDN: Las autoridades sofocan intento de mot\u00edn en penitenciar\u00eda La Victoria - Minuto Cero RD<\/title>\n<meta name=\"robots\" content=\"index, follow, max-snippet:-1, max-image-preview:large, max-video-preview:-1\" \/>\n<link rel=\"canonical\" href=\"http:\/\/minutocerord.com\/?p=904\" \/>\n<meta property=\"og:locale\" content=\"es_ES\" \/>\n<meta property=\"og:type\" content=\"article\" \/>\n<meta property=\"og:title\" content=\"SDN: Las autoridades sofocan intento de mot\u00edn en penitenciar\u00eda La Victoria - Minuto Cero RD\" \/>\n<meta property=\"og:description\" content=\"SANTO DOMINGO NORTE.- La Penitenciar\u00eda Nacional de La Victoria se encuentra bajo control, luego de que la ma\u00f1ana de este lunes un grupo de internos intentara amotinarse con la intenci\u00f3n de impedir el traslado de cuatro de sus compa\u00f1eros que se dedicaban a la venta de drogas y alcohol en el recinto. As\u00ed lo inform\u00f3 [&hellip;]\" \/>\n<meta property=\"og:url\" content=\"http:\/\/minutocerord.com\/?p=904\" \/>\n<meta property=\"og:site_name\" content=\"Minuto Cero RD\" \/>\n<meta property=\"article:publisher\" content=\"https:\/\/www.facebook.com\/Genofnotes\" \/>\n<meta property=\"article:author\" content=\"https:\/\/www.facebook.com\/Genofnotes\" \/>\n<meta property=\"article:published_time\" content=\"2020-11-24T13:02:11+00:00\" \/>\n<meta property=\"article:modified_time\" content=\"2020-11-24T13:02:14+00:00\" \/>\n<meta property=\"og:image\" content=\"https:\/\/i0.wp.com\/minutocerord.com\/wp-content\/uploads\/2020\/11\/victoria.png?fit=781%2C360\" \/>\n\t<meta property=\"og:image:width\" content=\"781\" \/>\n\t<meta property=\"og:image:height\" content=\"360\" \/>\n\t<meta property=\"og:image:type\" content=\"image\/png\" \/>\n<meta name=\"author\" content=\"Genof\u00f3ntes Urb\u00e1ez\" \/>\n<meta name=\"twitter:card\" content=\"summary_large_image\" \/>\n<meta name=\"twitter:label1\" content=\"Written by\" \/>\n\t<meta name=\"twitter:data1\" content=\"Genof\u00f3ntes Urb\u00e1ez\" \/>\n\t<meta name=\"twitter:label2\" content=\"Est. reading time\" \/>\n\t<meta name=\"twitter:data2\" content=\"1 minuto\" \/>\n<script type=\"application\/ld+json\" class=\"yoast-schema-graph\">{\"@context\":\"https:\\\/\\\/schema.org\",\"@graph\":[{\"@type\":\"Article\",\"@id\":\"http:\\\/\\\/minutocerord.com\\\/?p=904#article\",\"isPartOf\":{\"@id\":\"http:\\\/\\\/minutocerord.com\\\/?p=904\"},\"author\":{\"name\":\"Genof\u00f3ntes Urb\u00e1ez\",\"@id\":\"https:\\\/\\\/minutocerord.com\\\/#\\\/schema\\\/person\\\/60b5372d60aaa0a5171fb6488be9aee6\"},\"headline\":\"SDN: Las autoridades sofocan intento de mot\u00edn en penitenciar\u00eda La Victoria\",\"datePublished\":\"2020-11-24T13:02:11+00:00\",\"dateModified\":\"2020-11-24T13:02:14+00:00\",\"mainEntityOfPage\":{\"@id\":\"http:\\\/\\\/minutocerord.com\\\/?p=904\"},\"wordCount\":260,\"commentCount\":0,\"publisher\":{\"@id\":\"https:\\\/\\\/minutocerord.com\\\/#\\\/schema\\\/person\\\/60b5372d60aaa0a5171fb6488be9aee6\"},\"image\":{\"@id\":\"http:\\\/\\\/minutocerord.com\\\/?p=904#primaryimage\"},\"thumbnailUrl\":\"https:\\\/\\\/i0.wp.com\\\/minutocerord.com\\\/wp-content\\\/uploads\\\/2020\\\/11\\\/victoria.png?fit=781%2C360&ssl=1\",\"articleSection\":[\"Provincia\"],\"inLanguage\":\"es-DO\",\"potentialAction\":[{\"@type\":\"CommentAction\",\"name\":\"Comment\",\"target\":[\"http:\\\/\\\/minutocerord.com\\\/?p=904#respond\"]}]},{\"@type\":\"WebPage\",\"@id\":\"http:\\\/\\\/minutocerord.com\\\/?p=904\",\"url\":\"http:\\\/\\\/minutocerord.com\\\/?p=904\",\"name\":\"SDN: Las autoridades sofocan intento de mot\u00edn en penitenciar\u00eda La Victoria - Minuto Cero RD\",\"isPartOf\":{\"@id\":\"https:\\\/\\\/minutocerord.com\\\/#website\"},\"primaryImageOfPage\":{\"@id\":\"http:\\\/\\\/minutocerord.com\\\/?p=904#primaryimage\"},\"image\":{\"@id\":\"http:\\\/\\\/minutocerord.com\\\/?p=904#primaryimage\"},\"thumbnailUrl\":\"https:\\\/\\\/i0.wp.com\\\/minutocerord.com\\\/wp-content\\\/uploads\\\/2020\\\/11\\\/victoria.png?fit=781%2C360&ssl=1\",\"datePublished\":\"2020-11-24T13:02:11+00:00\",\"dateModified\":\"2020-11-24T13:02:14+00:00\",\"breadcrumb\":{\"@id\":\"http:\\\/\\\/minutocerord.com\\\/?p=904#breadcrumb\"},\"inLanguage\":\"es-DO\",\"potentialAction\":[{\"@type\":\"ReadAction\",\"target\":[\"http:\\\/\\\/minutocerord.com\\\/?p=904\"]}]},{\"@type\":\"ImageObject\",\"inLanguage\":\"es-DO\",\"@id\":\"http:\\\/\\\/minutocerord.com\\\/?p=904#primaryimage\",\"url\":\"https:\\\/\\\/i0.wp.com\\\/minutocerord.com\\\/wp-content\\\/uploads\\\/2020\\\/11\\\/victoria.png?fit=781%2C360&ssl=1\",\"contentUrl\":\"https:\\\/\\\/i0.wp.com\\\/minutocerord.com\\\/wp-content\\\/uploads\\\/2020\\\/11\\\/victoria.png?fit=781%2C360&ssl=1\",\"width\":781,\"height\":360},{\"@type\":\"BreadcrumbList\",\"@id\":\"http:\\\/\\\/minutocerord.com\\\/?p=904#breadcrumb\",\"itemListElement\":[{\"@type\":\"ListItem\",\"position\":1,\"name\":\"Home\",\"item\":\"https:\\\/\\\/minutocerord.com\\\/\"},{\"@type\":\"ListItem\",\"position\":2,\"name\":\"SDN: Las autoridades sofocan intento de mot\u00edn en penitenciar\u00eda La Victoria\"}]},{\"@type\":\"WebSite\",\"@id\":\"https:\\\/\\\/minutocerord.com\\\/#website\",\"url\":\"https:\\\/\\\/minutocerord.com\\\/\",\"name\":\"Minuto Cero RD\",\"description\":\"Periodismo serio y veraz\",\"publisher\":{\"@id\":\"https:\\\/\\\/minutocerord.com\\\/#\\\/schema\\\/person\\\/60b5372d60aaa0a5171fb6488be9aee6\"},\"potentialAction\":[{\"@type\":\"SearchAction\",\"target\":{\"@type\":\"EntryPoint\",\"urlTemplate\":\"https:\\\/\\\/minutocerord.com\\\/?s={search_term_string}\"},\"query-input\":{\"@type\":\"PropertyValueSpecification\",\"valueRequired\":true,\"valueName\":\"search_term_string\"}}],\"inLanguage\":\"es-DO\"},{\"@type\":[\"Person\",\"Organization\"],\"@id\":\"https:\\\/\\\/minutocerord.com\\\/#\\\/schema\\\/person\\\/60b5372d60aaa0a5171fb6488be9aee6\",\"name\":\"Genof\u00f3ntes Urb\u00e1ez\",\"image\":{\"@type\":\"ImageObject\",\"inLanguage\":\"es-DO\",\"@id\":\"https:\\\/\\\/secure.gravatar.com\\\/avatar\\\/a49ef3186a692098ac3e8a1612261e3ad70cf9e44553dff2929e67939a0ecb9d?s=96&d=identicon&r=g\",\"url\":\"https:\\\/\\\/secure.gravatar.com\\\/avatar\\\/a49ef3186a692098ac3e8a1612261e3ad70cf9e44553dff2929e67939a0ecb9d?s=96&d=identicon&r=g\",\"contentUrl\":\"https:\\\/\\\/secure.gravatar.com\\\/avatar\\\/a49ef3186a692098ac3e8a1612261e3ad70cf9e44553dff2929e67939a0ecb9d?s=96&d=identicon&r=g\",\"caption\":\"Genof\u00f3ntes Urb\u00e1ez\"},\"logo\":{\"@id\":\"https:\\\/\\\/secure.gravatar.com\\\/avatar\\\/a49ef3186a692098ac3e8a1612261e3ad70cf9e44553dff2929e67939a0ecb9d?s=96&d=identicon&r=g\"},\"description\":\"Periodista \\\/ Locutor\",\"sameAs\":[\"https:\\\/\\\/www.facebook.com\\\/Genofnotes\",\"https:\\\/\\\/www.instagram.com\\\/genofnotes\\\/\"]}]}<\/script>\n<!-- \/ Yoast SEO plugin. -->","yoast_head_json":{"title":"SDN: Las autoridades sofocan intento de mot\u00edn en penitenciar\u00eda La Victoria - Minuto Cero RD","robots":{"index":"index","follow":"follow","max-snippet":"max-snippet:-1","max-image-preview":"max-image-preview:large","max-video-preview":"max-video-preview:-1"},"canonical":"http:\/\/minutocerord.com\/?p=904","og_locale":"es_ES","og_type":"article","og_title":"SDN: Las autoridades sofocan intento de mot\u00edn en penitenciar\u00eda La Victoria - Minuto Cero RD","og_description":"SANTO DOMINGO NORTE.- La Penitenciar\u00eda Nacional de La Victoria se encuentra bajo control, luego de que la ma\u00f1ana de este lunes un grupo de internos intentara amotinarse con la intenci\u00f3n de impedir el traslado de cuatro de sus compa\u00f1eros que se dedicaban a la venta de drogas y alcohol en el recinto. As\u00ed lo inform\u00f3 [&hellip;]","og_url":"http:\/\/minutocerord.com\/?p=904","og_site_name":"Minuto Cero RD","article_publisher":"https:\/\/www.facebook.com\/Genofnotes","article_author":"https:\/\/www.facebook.com\/Genofnotes","article_published_time":"2020-11-24T13:02:11+00:00","article_modified_time":"2020-11-24T13:02:14+00:00","og_image":[{"width":781,"height":360,"url":"https:\/\/i0.wp.com\/minutocerord.com\/wp-content\/uploads\/2020\/11\/victoria.png?fit=781%2C360","type":"image\/png"}],"author":"Genof\u00f3ntes Urb\u00e1ez","twitter_card":"summary_large_image","twitter_misc":{"Written by":"Genof\u00f3ntes Urb\u00e1ez","Est. reading time":"1 minuto"},"schema":{"@context":"https:\/\/schema.org","@graph":[{"@type":"Article","@id":"http:\/\/minutocerord.com\/?p=904#article","isPartOf":{"@id":"http:\/\/minutocerord.com\/?p=904"},"author":{"name":"Genof\u00f3ntes Urb\u00e1ez","@id":"https:\/\/minutocerord.com\/#\/schema\/person\/60b5372d60aaa0a5171fb6488be9aee6"},"headline":"SDN: Las autoridades sofocan intento de mot\u00edn en penitenciar\u00eda La Victoria","datePublished":"2020-11-24T13:02:11+00:00","dateModified":"2020-11-24T13:02:14+00:00","mainEntityOfPage":{"@id":"http:\/\/minutocerord.com\/?p=904"},"wordCount":260,"commentCount":0,"publisher":{"@id":"https:\/\/minutocerord.com\/#\/schema\/person\/60b5372d60aaa0a5171fb6488be9aee6"},"image":{"@id":"http:\/\/minutocerord.com\/?p=904#primaryimage"},"thumbnailUrl":"https:\/\/i0.wp.com\/minutocerord.com\/wp-content\/uploads\/2020\/11\/victoria.png?fit=781%2C360&ssl=1","articleSection":["Provincia"],"inLanguage":"es-DO","potentialAction":[{"@type":"CommentAction","name":"Comment","target":["http:\/\/minutocerord.com\/?p=904#respond"]}]},{"@type":"WebPage","@id":"http:\/\/minutocerord.com\/?p=904","url":"http:\/\/minutocerord.com\/?p=904","name":"SDN: Las autoridades sofocan intento de mot\u00edn en penitenciar\u00eda La Victoria - Minuto Cero RD","isPartOf":{"@id":"https:\/\/minutocerord.com\/#website"},"primaryImageOfPage":{"@id":"http:\/\/minutocerord.com\/?p=904#primaryimage"},"image":{"@id":"http:\/\/minutocerord.com\/?p=904#primaryimage"},"thumbnailUrl":"https:\/\/i0.wp.com\/minutocerord.com\/wp-content\/uploads\/2020\/11\/victoria.png?fit=781%2C360&ssl=1","datePublished":"2020-11-24T13:02:11+00:00","dateModified":"2020-11-24T13:02:14+00:00","breadcrumb":{"@id":"http:\/\/minutocerord.com\/?p=904#breadcrumb"},"inLanguage":"es-DO","potentialAction":[{"@type":"ReadAction","target":["http:\/\/minutocerord.com\/?p=904"]}]},{"@type":"ImageObject","inLanguage":"es-DO","@id":"http:\/\/minutocerord.com\/?p=904#primaryimage","url":"https:\/\/i0.wp.com\/minutocerord.com\/wp-content\/uploads\/2020\/11\/victoria.png?fit=781%2C360&ssl=1","contentUrl":"https:\/\/i0.wp.com\/minutocerord.com\/wp-content\/uploads\/2020\/11\/victoria.png?fit=781%2C360&ssl=1","width":781,"height":360},{"@type":"BreadcrumbList","@id":"http:\/\/minutocerord.com\/?p=904#breadcrumb","itemListElement":[{"@type":"ListItem","position":1,"name":"Home","item":"https:\/\/minutocerord.com\/"},{"@type":"ListItem","position":2,"name":"SDN: Las autoridades sofocan intento de mot\u00edn en penitenciar\u00eda La Victoria"}]},{"@type":"WebSite","@id":"https:\/\/minutocerord.com\/#website","url":"https:\/\/minutocerord.com\/","name":"Minuto Cero RD","description":"Periodismo serio y veraz","publisher":{"@id":"https:\/\/minutocerord.com\/#\/schema\/person\/60b5372d60aaa0a5171fb6488be9aee6"},"potentialAction":[{"@type":"SearchAction","target":{"@type":"EntryPoint","urlTemplate":"https:\/\/minutocerord.com\/?s={search_term_string}"},"query-input":{"@type":"PropertyValueSpecification","valueRequired":true,"valueName":"search_term_string"}}],"inLanguage":"es-DO"},{"@type":["Person","Organization"],"@id":"https:\/\/minutocerord.com\/#\/schema\/person\/60b5372d60aaa0a5171fb6488be9aee6","name":"Genof\u00f3ntes Urb\u00e1ez","image":{"@type":"ImageObject","inLanguage":"es-DO","@id":"https:\/\/secure.gravatar.com\/avatar\/a49ef3186a692098ac3e8a1612261e3ad70cf9e44553dff2929e67939a0ecb9d?s=96&d=identicon&r=g","url":"https:\/\/secure.gravatar.com\/avatar\/a49ef3186a692098ac3e8a1612261e3ad70cf9e44553dff2929e67939a0ecb9d?s=96&d=identicon&r=g","contentUrl":"https:\/\/secure.gravatar.com\/avatar\/a49ef3186a692098ac3e8a1612261e3ad70cf9e44553dff2929e67939a0ecb9d?s=96&d=identicon&r=g","caption":"Genof\u00f3ntes Urb\u00e1ez"},"logo":{"@id":"https:\/\/secure.gravatar.com\/avatar\/a49ef3186a692098ac3e8a1612261e3ad70cf9e44553dff2929e67939a0ecb9d?s=96&d=identicon&r=g"},"description":"Periodista \/ Locutor","sameAs":["https:\/\/www.facebook.com\/Genofnotes","https:\/\/www.instagram.com\/genofnotes\/"]}]}},"jetpack_publicize_connections":[],"jetpack_featured_media_url":"https:\/\/i0.wp.com\/minutocerord.com\/wp-content\/uploads\/2020\/11\/victoria.png?fit=781%2C360&ssl=1","jetpack-related-posts":[],"jetpack_sharing_enabled":true,"_links":{"self":[{"href":"https:\/\/minutocerord.com\/index.php?rest_route=\/wp\/v2\/posts\/904","targetHints":{"allow":["GET"]}}],"collection":[{"href":"https:\/\/minutocerord.com\/index.php?rest_route=\/wp\/v2\/posts"}],"about":[{"href":"https:\/\/minutocerord.com\/index.php?rest_route=\/wp\/v2\/types\/post"}],"author":[{"embeddable":true,"href":"https:\/\/minutocerord.com\/index.php?rest_route=\/wp\/v2\/users\/1"}],"replies":[{"embeddable":true,"href":"https:\/\/minutocerord.com\/index.php?rest_route=%2Fwp%2Fv2%2Fcomments&post=904"}],"version-history":[{"count":1,"href":"https:\/\/minutocerord.com\/index.php?rest_route=\/wp\/v2\/posts\/904\/revisions"}],"predecessor-version":[{"id":906,"href":"https:\/\/minutocerord.com\/index.php?rest_route=\/wp\/v2\/posts\/904\/revisions\/906"}],"wp:featuredmedia":[{"embeddable":true,"href":"https:\/\/minutocerord.com\/index.php?rest_route=\/wp\/v2\/media\/905"}],"wp:attachment":[{"href":"https:\/\/minutocerord.com\/index.php?rest_route=%2Fwp%2Fv2%2Fmedia&parent=904"}],"wp:term":[{"taxonomy":"category","embeddable":true,"href":"https:\/\/minutocerord.com\/index.php?rest_route=%2Fwp%2Fv2%2Fcategories&post=904"},{"taxonomy":"post_tag","embeddable":true,"href":"https:\/\/minutocerord.com\/index.php?rest_route=%2Fwp%2Fv2%2Ftags&post=904"}],"curies":[{"name":"wp","href":"https:\/\/api.w.org\/{rel}","templated":true}]}}