{"id":907,"date":"2020-11-24T09:07:09","date_gmt":"2020-11-24T13:07:09","guid":{"rendered":"https:\/\/minutocerord.com\/?p=907"},"modified":"2020-11-24T09:07:12","modified_gmt":"2020-11-24T13:07:12","slug":"n-york-declaran-barrio-dominicano-zona-amarilla-de-alto-riesgo-covid-19","status":"publish","type":"post","link":"https:\/\/minutocerord.com\/?p=907","title":{"rendered":"N. YORK: Declaran barrio dominicano \u2018zona amarilla\u2019 de alto riesgo COVID-19"},"content":{"rendered":"\n<p>NUEVA YORK.- Las autoridades de Salud de Nueva York categorizaron al vecindario Washington Heights, mayormente poblado por dominicanos, como una zona de alto riesgo de contagio por COVID-19.<\/p>\n\n\n\n<p>El sector, denominado \u2018Peque\u00f1a Rep\u00fablica Dominicana\u2019 en el Alto Manhattan,&nbsp; ya escal\u00f3 un preocupante promedio de positividad de 3.30%.<\/p>\n\n\n\n<p>El gobernador Andrew Cuomo puso este lunes el dedo en esta nueva \u00e1rea en el mapa de las \u2018zonas calientes\u2019, que muestra el ascenso de infecciones por coronavirus en la Gran Manzana, y en donde tambi\u00e9n destacan \u00e1reas de Queens como Jackson Heights con 3.15% de promedio de contagios y Astoria dispar\u00e1ndose con el 4%.<\/p>\n\n\n\n<p>\u201c\u00a1Estamos viviendo d\u00edas muy peligrosos! \u00a1La tasa de creciente de este virus nos obliga a tomar estas medidas. Y dolorosamente todo indica que vendr\u00e1n en secuencia otras m\u00e1s!\u201d, subray\u00f3 el mandatario estatal.<\/p>\n\n\n\n<p>Estas \u00e1reas puestas en alerta, que podr\u00edan en cuesti\u00f3n de d\u00edas tornarse a color naranja si el contador de nuevas infecciones no se detiene, tienen algo en com\u00fan: la mayor\u00eda de sus habitantes son familias de origen hispano. Y en el caso del eje Washington Heights-Inwood es el epicentro quisqueyano de la ciudad de Nueva York.<\/p>\n\n\n\n<p><strong>Primera \u2018zona caliente\u2019 en Manhattan<\/strong><\/p>\n\n\n\n<p>Los datos que proporcionan los resultados de las pruebas para cada c\u00f3digo postal de la Gran Manzana desde el 11 de noviembre, revelan que el porcentaje de pruebas de coronavirus que dan positivo en los c\u00f3digos postales 10040 y 10033 en el norte de Washington Heights son los m\u00e1s elevados de todo Manhattan.<\/p>\n\n\n\n<p>Espec\u00edficamente, el c\u00f3digo postal 10040 que incluye la calle 187 oeste del Alto Manhattan, subiendo hacia el norte hacia todo el sector conocido como Fort George, se ha mantenido con el nivel de infectados m\u00e1s alto en este condado y salt\u00f3 a la segunda tasa de positividad m\u00e1s alta en toda la ciudad de Nueva York, con un 5.23%, especifican los reportes oficiales.<\/p>\n\n\n\n<p>Esta es la primera zona de \u2018micro-localidades\u2019 designada por el gobernador Cuomo en Manhattan, lo que significa que debe mantener un 50% de capacidad en las iglesias, 25 personas m\u00e1ximo para reuniones no residenciales, los negocios no esenciales permanecen abiertos y cuatro personas como m\u00e1ximo por mesa para cenar en el interior y al aire libre.<\/p>\n","protected":false},"excerpt":{"rendered":"<p>NUEVA YORK.- Las autoridades de Salud de Nueva York categorizaron al vecindario Washington Heights, mayormente poblado por dominicanos, como una zona de alto riesgo de contagio por COVID-19. El sector, denominado \u2018Peque\u00f1a Rep\u00fablica Dominicana\u2019 en el Alto Manhattan,&nbsp; ya escal\u00f3 un preocupante promedio de positividad de 3.30%. El gobernador Andrew Cuomo puso este lunes el [&hellip;]<\/p>\n","protected":false},"author":1,"featured_media":908,"comment_status":"open","ping_status":"open","sticky":false,"template":"","format":"standard","meta":{"nf_dc_page":"","jetpack_post_was_ever_published":false,"_jetpack_newsletter_access":"","_jetpack_dont_email_post_to_subs":false,"_jetpack_newsletter_tier_id":0,"_jetpack_memberships_contains_paywalled_content":false,"_jetpack_memberships_contains_paid_content":false,"footnotes":"","jetpack_publicize_message":"","jetpack_publicize_feature_enabled":true,"jetpack_social_post_already_shared":false,"jetpack_social_options":{"image_generator_settings":{"template":"highway","default_image_id":0,"font":"","enabled":false},"version":2}},"categories":[82],"tags":[],"class_list":["post-907","post","type-post","status-publish","format-standard","has-post-thumbnail","hentry","category-new-york"],"yoast_head":"<!-- This site is optimized with the Yoast SEO plugin v27.5 - https:\/\/yoast.com\/product\/yoast-seo-wordpress\/ -->\n<title>N. YORK: Declaran barrio dominicano \u2018zona amarilla\u2019 de alto riesgo COVID-19 - Minuto Cero RD<\/title>\n<meta name=\"robots\" content=\"index, follow, max-snippet:-1, max-image-preview:large, max-video-preview:-1\" \/>\n<link rel=\"canonical\" href=\"http:\/\/minutocerord.com\/?p=907\" \/>\n<meta property=\"og:locale\" content=\"es_ES\" \/>\n<meta property=\"og:type\" content=\"article\" \/>\n<meta property=\"og:title\" content=\"N. YORK: Declaran barrio dominicano \u2018zona amarilla\u2019 de alto riesgo COVID-19 - Minuto Cero RD\" \/>\n<meta property=\"og:description\" content=\"NUEVA YORK.- Las autoridades de Salud de Nueva York categorizaron al vecindario Washington Heights, mayormente poblado por dominicanos, como una zona de alto riesgo de contagio por COVID-19. El sector, denominado \u2018Peque\u00f1a Rep\u00fablica Dominicana\u2019 en el Alto Manhattan,&nbsp; ya escal\u00f3 un preocupante promedio de positividad de 3.30%. El gobernador Andrew Cuomo puso este lunes el [&hellip;]\" \/>\n<meta property=\"og:url\" content=\"http:\/\/minutocerord.com\/?p=907\" \/>\n<meta property=\"og:site_name\" content=\"Minuto Cero RD\" \/>\n<meta property=\"article:publisher\" content=\"https:\/\/www.facebook.com\/Genofnotes\" \/>\n<meta property=\"article:author\" content=\"https:\/\/www.facebook.com\/Genofnotes\" \/>\n<meta property=\"article:published_time\" content=\"2020-11-24T13:07:09+00:00\" \/>\n<meta property=\"article:modified_time\" content=\"2020-11-24T13:07:12+00:00\" \/>\n<meta property=\"og:image\" content=\"https:\/\/i0.wp.com\/minutocerord.com\/wp-content\/uploads\/2020\/11\/image_content_9615219_20180301101405.jpg?fit=693%2C370\" \/>\n\t<meta property=\"og:image:width\" content=\"693\" \/>\n\t<meta property=\"og:image:height\" content=\"370\" \/>\n\t<meta property=\"og:image:type\" content=\"image\/jpeg\" \/>\n<meta name=\"author\" content=\"Genof\u00f3ntes Urb\u00e1ez\" \/>\n<meta name=\"twitter:card\" content=\"summary_large_image\" \/>\n<meta name=\"twitter:label1\" content=\"Written by\" \/>\n\t<meta name=\"twitter:data1\" content=\"Genof\u00f3ntes Urb\u00e1ez\" \/>\n\t<meta name=\"twitter:label2\" content=\"Est. reading time\" \/>\n\t<meta name=\"twitter:data2\" content=\"2 minutos\" \/>\n<script type=\"application\/ld+json\" class=\"yoast-schema-graph\">{\"@context\":\"https:\\\/\\\/schema.org\",\"@graph\":[{\"@type\":\"Article\",\"@id\":\"http:\\\/\\\/minutocerord.com\\\/?p=907#article\",\"isPartOf\":{\"@id\":\"http:\\\/\\\/minutocerord.com\\\/?p=907\"},\"author\":{\"name\":\"Genof\u00f3ntes Urb\u00e1ez\",\"@id\":\"https:\\\/\\\/minutocerord.com\\\/#\\\/schema\\\/person\\\/60b5372d60aaa0a5171fb6488be9aee6\"},\"headline\":\"N. YORK: Declaran barrio dominicano \u2018zona amarilla\u2019 de alto riesgo COVID-19\",\"datePublished\":\"2020-11-24T13:07:09+00:00\",\"dateModified\":\"2020-11-24T13:07:12+00:00\",\"mainEntityOfPage\":{\"@id\":\"http:\\\/\\\/minutocerord.com\\\/?p=907\"},\"wordCount\":390,\"commentCount\":0,\"publisher\":{\"@id\":\"https:\\\/\\\/minutocerord.com\\\/#\\\/schema\\\/person\\\/60b5372d60aaa0a5171fb6488be9aee6\"},\"image\":{\"@id\":\"http:\\\/\\\/minutocerord.com\\\/?p=907#primaryimage\"},\"thumbnailUrl\":\"https:\\\/\\\/i0.wp.com\\\/minutocerord.com\\\/wp-content\\\/uploads\\\/2020\\\/11\\\/image_content_9615219_20180301101405.jpg?fit=693%2C370&ssl=1\",\"articleSection\":[\"New York\"],\"inLanguage\":\"es-DO\",\"potentialAction\":[{\"@type\":\"CommentAction\",\"name\":\"Comment\",\"target\":[\"http:\\\/\\\/minutocerord.com\\\/?p=907#respond\"]}]},{\"@type\":\"WebPage\",\"@id\":\"http:\\\/\\\/minutocerord.com\\\/?p=907\",\"url\":\"http:\\\/\\\/minutocerord.com\\\/?p=907\",\"name\":\"N. YORK: Declaran barrio dominicano \u2018zona amarilla\u2019 de alto riesgo COVID-19 - Minuto Cero RD\",\"isPartOf\":{\"@id\":\"https:\\\/\\\/minutocerord.com\\\/#website\"},\"primaryImageOfPage\":{\"@id\":\"http:\\\/\\\/minutocerord.com\\\/?p=907#primaryimage\"},\"image\":{\"@id\":\"http:\\\/\\\/minutocerord.com\\\/?p=907#primaryimage\"},\"thumbnailUrl\":\"https:\\\/\\\/i0.wp.com\\\/minutocerord.com\\\/wp-content\\\/uploads\\\/2020\\\/11\\\/image_content_9615219_20180301101405.jpg?fit=693%2C370&ssl=1\",\"datePublished\":\"2020-11-24T13:07:09+00:00\",\"dateModified\":\"2020-11-24T13:07:12+00:00\",\"breadcrumb\":{\"@id\":\"http:\\\/\\\/minutocerord.com\\\/?p=907#breadcrumb\"},\"inLanguage\":\"es-DO\",\"potentialAction\":[{\"@type\":\"ReadAction\",\"target\":[\"http:\\\/\\\/minutocerord.com\\\/?p=907\"]}]},{\"@type\":\"ImageObject\",\"inLanguage\":\"es-DO\",\"@id\":\"http:\\\/\\\/minutocerord.com\\\/?p=907#primaryimage\",\"url\":\"https:\\\/\\\/i0.wp.com\\\/minutocerord.com\\\/wp-content\\\/uploads\\\/2020\\\/11\\\/image_content_9615219_20180301101405.jpg?fit=693%2C370&ssl=1\",\"contentUrl\":\"https:\\\/\\\/i0.wp.com\\\/minutocerord.com\\\/wp-content\\\/uploads\\\/2020\\\/11\\\/image_content_9615219_20180301101405.jpg?fit=693%2C370&ssl=1\",\"width\":693,\"height\":370},{\"@type\":\"BreadcrumbList\",\"@id\":\"http:\\\/\\\/minutocerord.com\\\/?p=907#breadcrumb\",\"itemListElement\":[{\"@type\":\"ListItem\",\"position\":1,\"name\":\"Home\",\"item\":\"https:\\\/\\\/minutocerord.com\\\/\"},{\"@type\":\"ListItem\",\"position\":2,\"name\":\"N. YORK: Declaran barrio dominicano \u2018zona amarilla\u2019 de alto riesgo COVID-19\"}]},{\"@type\":\"WebSite\",\"@id\":\"https:\\\/\\\/minutocerord.com\\\/#website\",\"url\":\"https:\\\/\\\/minutocerord.com\\\/\",\"name\":\"Minuto Cero RD\",\"description\":\"Periodismo serio y veraz\",\"publisher\":{\"@id\":\"https:\\\/\\\/minutocerord.com\\\/#\\\/schema\\\/person\\\/60b5372d60aaa0a5171fb6488be9aee6\"},\"potentialAction\":[{\"@type\":\"SearchAction\",\"target\":{\"@type\":\"EntryPoint\",\"urlTemplate\":\"https:\\\/\\\/minutocerord.com\\\/?s={search_term_string}\"},\"query-input\":{\"@type\":\"PropertyValueSpecification\",\"valueRequired\":true,\"valueName\":\"search_term_string\"}}],\"inLanguage\":\"es-DO\"},{\"@type\":[\"Person\",\"Organization\"],\"@id\":\"https:\\\/\\\/minutocerord.com\\\/#\\\/schema\\\/person\\\/60b5372d60aaa0a5171fb6488be9aee6\",\"name\":\"Genof\u00f3ntes Urb\u00e1ez\",\"image\":{\"@type\":\"ImageObject\",\"inLanguage\":\"es-DO\",\"@id\":\"https:\\\/\\\/secure.gravatar.com\\\/avatar\\\/a49ef3186a692098ac3e8a1612261e3ad70cf9e44553dff2929e67939a0ecb9d?s=96&d=identicon&r=g\",\"url\":\"https:\\\/\\\/secure.gravatar.com\\\/avatar\\\/a49ef3186a692098ac3e8a1612261e3ad70cf9e44553dff2929e67939a0ecb9d?s=96&d=identicon&r=g\",\"contentUrl\":\"https:\\\/\\\/secure.gravatar.com\\\/avatar\\\/a49ef3186a692098ac3e8a1612261e3ad70cf9e44553dff2929e67939a0ecb9d?s=96&d=identicon&r=g\",\"caption\":\"Genof\u00f3ntes Urb\u00e1ez\"},\"logo\":{\"@id\":\"https:\\\/\\\/secure.gravatar.com\\\/avatar\\\/a49ef3186a692098ac3e8a1612261e3ad70cf9e44553dff2929e67939a0ecb9d?s=96&d=identicon&r=g\"},\"description\":\"Periodista \\\/ Locutor\",\"sameAs\":[\"https:\\\/\\\/www.facebook.com\\\/Genofnotes\",\"https:\\\/\\\/www.instagram.com\\\/genofnotes\\\/\"]}]}<\/script>\n<!-- \/ Yoast SEO plugin. -->","yoast_head_json":{"title":"N. YORK: Declaran barrio dominicano \u2018zona amarilla\u2019 de alto riesgo COVID-19 - Minuto Cero RD","robots":{"index":"index","follow":"follow","max-snippet":"max-snippet:-1","max-image-preview":"max-image-preview:large","max-video-preview":"max-video-preview:-1"},"canonical":"http:\/\/minutocerord.com\/?p=907","og_locale":"es_ES","og_type":"article","og_title":"N. YORK: Declaran barrio dominicano \u2018zona amarilla\u2019 de alto riesgo COVID-19 - Minuto Cero RD","og_description":"NUEVA YORK.- Las autoridades de Salud de Nueva York categorizaron al vecindario Washington Heights, mayormente poblado por dominicanos, como una zona de alto riesgo de contagio por COVID-19. El sector, denominado \u2018Peque\u00f1a Rep\u00fablica Dominicana\u2019 en el Alto Manhattan,&nbsp; ya escal\u00f3 un preocupante promedio de positividad de 3.30%. El gobernador Andrew Cuomo puso este lunes el [&hellip;]","og_url":"http:\/\/minutocerord.com\/?p=907","og_site_name":"Minuto Cero RD","article_publisher":"https:\/\/www.facebook.com\/Genofnotes","article_author":"https:\/\/www.facebook.com\/Genofnotes","article_published_time":"2020-11-24T13:07:09+00:00","article_modified_time":"2020-11-24T13:07:12+00:00","og_image":[{"width":693,"height":370,"url":"https:\/\/i0.wp.com\/minutocerord.com\/wp-content\/uploads\/2020\/11\/image_content_9615219_20180301101405.jpg?fit=693%2C370","type":"image\/jpeg"}],"author":"Genof\u00f3ntes Urb\u00e1ez","twitter_card":"summary_large_image","twitter_misc":{"Written by":"Genof\u00f3ntes Urb\u00e1ez","Est. reading time":"2 minutos"},"schema":{"@context":"https:\/\/schema.org","@graph":[{"@type":"Article","@id":"http:\/\/minutocerord.com\/?p=907#article","isPartOf":{"@id":"http:\/\/minutocerord.com\/?p=907"},"author":{"name":"Genof\u00f3ntes Urb\u00e1ez","@id":"https:\/\/minutocerord.com\/#\/schema\/person\/60b5372d60aaa0a5171fb6488be9aee6"},"headline":"N. YORK: Declaran barrio dominicano \u2018zona amarilla\u2019 de alto riesgo COVID-19","datePublished":"2020-11-24T13:07:09+00:00","dateModified":"2020-11-24T13:07:12+00:00","mainEntityOfPage":{"@id":"http:\/\/minutocerord.com\/?p=907"},"wordCount":390,"commentCount":0,"publisher":{"@id":"https:\/\/minutocerord.com\/#\/schema\/person\/60b5372d60aaa0a5171fb6488be9aee6"},"image":{"@id":"http:\/\/minutocerord.com\/?p=907#primaryimage"},"thumbnailUrl":"https:\/\/i0.wp.com\/minutocerord.com\/wp-content\/uploads\/2020\/11\/image_content_9615219_20180301101405.jpg?fit=693%2C370&ssl=1","articleSection":["New York"],"inLanguage":"es-DO","potentialAction":[{"@type":"CommentAction","name":"Comment","target":["http:\/\/minutocerord.com\/?p=907#respond"]}]},{"@type":"WebPage","@id":"http:\/\/minutocerord.com\/?p=907","url":"http:\/\/minutocerord.com\/?p=907","name":"N. YORK: Declaran barrio dominicano \u2018zona amarilla\u2019 de alto riesgo COVID-19 - Minuto Cero RD","isPartOf":{"@id":"https:\/\/minutocerord.com\/#website"},"primaryImageOfPage":{"@id":"http:\/\/minutocerord.com\/?p=907#primaryimage"},"image":{"@id":"http:\/\/minutocerord.com\/?p=907#primaryimage"},"thumbnailUrl":"https:\/\/i0.wp.com\/minutocerord.com\/wp-content\/uploads\/2020\/11\/image_content_9615219_20180301101405.jpg?fit=693%2C370&ssl=1","datePublished":"2020-11-24T13:07:09+00:00","dateModified":"2020-11-24T13:07:12+00:00","breadcrumb":{"@id":"http:\/\/minutocerord.com\/?p=907#breadcrumb"},"inLanguage":"es-DO","potentialAction":[{"@type":"ReadAction","target":["http:\/\/minutocerord.com\/?p=907"]}]},{"@type":"ImageObject","inLanguage":"es-DO","@id":"http:\/\/minutocerord.com\/?p=907#primaryimage","url":"https:\/\/i0.wp.com\/minutocerord.com\/wp-content\/uploads\/2020\/11\/image_content_9615219_20180301101405.jpg?fit=693%2C370&ssl=1","contentUrl":"https:\/\/i0.wp.com\/minutocerord.com\/wp-content\/uploads\/2020\/11\/image_content_9615219_20180301101405.jpg?fit=693%2C370&ssl=1","width":693,"height":370},{"@type":"BreadcrumbList","@id":"http:\/\/minutocerord.com\/?p=907#breadcrumb","itemListElement":[{"@type":"ListItem","position":1,"name":"Home","item":"https:\/\/minutocerord.com\/"},{"@type":"ListItem","position":2,"name":"N. YORK: Declaran barrio dominicano \u2018zona amarilla\u2019 de alto riesgo COVID-19"}]},{"@type":"WebSite","@id":"https:\/\/minutocerord.com\/#website","url":"https:\/\/minutocerord.com\/","name":"Minuto Cero RD","description":"Periodismo serio y veraz","publisher":{"@id":"https:\/\/minutocerord.com\/#\/schema\/person\/60b5372d60aaa0a5171fb6488be9aee6"},"potentialAction":[{"@type":"SearchAction","target":{"@type":"EntryPoint","urlTemplate":"https:\/\/minutocerord.com\/?s={search_term_string}"},"query-input":{"@type":"PropertyValueSpecification","valueRequired":true,"valueName":"search_term_string"}}],"inLanguage":"es-DO"},{"@type":["Person","Organization"],"@id":"https:\/\/minutocerord.com\/#\/schema\/person\/60b5372d60aaa0a5171fb6488be9aee6","name":"Genof\u00f3ntes Urb\u00e1ez","image":{"@type":"ImageObject","inLanguage":"es-DO","@id":"https:\/\/secure.gravatar.com\/avatar\/a49ef3186a692098ac3e8a1612261e3ad70cf9e44553dff2929e67939a0ecb9d?s=96&d=identicon&r=g","url":"https:\/\/secure.gravatar.com\/avatar\/a49ef3186a692098ac3e8a1612261e3ad70cf9e44553dff2929e67939a0ecb9d?s=96&d=identicon&r=g","contentUrl":"https:\/\/secure.gravatar.com\/avatar\/a49ef3186a692098ac3e8a1612261e3ad70cf9e44553dff2929e67939a0ecb9d?s=96&d=identicon&r=g","caption":"Genof\u00f3ntes Urb\u00e1ez"},"logo":{"@id":"https:\/\/secure.gravatar.com\/avatar\/a49ef3186a692098ac3e8a1612261e3ad70cf9e44553dff2929e67939a0ecb9d?s=96&d=identicon&r=g"},"description":"Periodista \/ Locutor","sameAs":["https:\/\/www.facebook.com\/Genofnotes","https:\/\/www.instagram.com\/genofnotes\/"]}]}},"jetpack_publicize_connections":[],"jetpack_featured_media_url":"https:\/\/i0.wp.com\/minutocerord.com\/wp-content\/uploads\/2020\/11\/image_content_9615219_20180301101405.jpg?fit=693%2C370&ssl=1","jetpack-related-posts":[],"jetpack_sharing_enabled":true,"_links":{"self":[{"href":"https:\/\/minutocerord.com\/index.php?rest_route=\/wp\/v2\/posts\/907","targetHints":{"allow":["GET"]}}],"collection":[{"href":"https:\/\/minutocerord.com\/index.php?rest_route=\/wp\/v2\/posts"}],"about":[{"href":"https:\/\/minutocerord.com\/index.php?rest_route=\/wp\/v2\/types\/post"}],"author":[{"embeddable":true,"href":"https:\/\/minutocerord.com\/index.php?rest_route=\/wp\/v2\/users\/1"}],"replies":[{"embeddable":true,"href":"https:\/\/minutocerord.com\/index.php?rest_route=%2Fwp%2Fv2%2Fcomments&post=907"}],"version-history":[{"count":1,"href":"https:\/\/minutocerord.com\/index.php?rest_route=\/wp\/v2\/posts\/907\/revisions"}],"predecessor-version":[{"id":909,"href":"https:\/\/minutocerord.com\/index.php?rest_route=\/wp\/v2\/posts\/907\/revisions\/909"}],"wp:featuredmedia":[{"embeddable":true,"href":"https:\/\/minutocerord.com\/index.php?rest_route=\/wp\/v2\/media\/908"}],"wp:attachment":[{"href":"https:\/\/minutocerord.com\/index.php?rest_route=%2Fwp%2Fv2%2Fmedia&parent=907"}],"wp:term":[{"taxonomy":"category","embeddable":true,"href":"https:\/\/minutocerord.com\/index.php?rest_route=%2Fwp%2Fv2%2Fcategories&post=907"},{"taxonomy":"post_tag","embeddable":true,"href":"https:\/\/minutocerord.com\/index.php?rest_route=%2Fwp%2Fv2%2Ftags&post=907"}],"curies":[{"name":"wp","href":"https:\/\/api.w.org\/{rel}","templated":true}]}}