{"id":9085,"date":"2022-06-10T14:26:51","date_gmt":"2022-06-10T18:26:51","guid":{"rendered":"https:\/\/minutocerord.com\/?p=9085"},"modified":"2022-06-10T14:32:22","modified_gmt":"2022-06-10T18:32:22","slug":"la-policia-apresa-a-bombillo-que-asalto-con-un-cuchillo-un-autobus-del-corredor-charles-de-gaulle","status":"publish","type":"post","link":"https:\/\/minutocerord.com\/?p=9085","title":{"rendered":"La Polic\u00eda apresa (a) Bombillo, que asalt\u00f3 con un cuchillo un autob\u00fas del corredor Charles de Gaulle"},"content":{"rendered":"<div class=\"wp-block-image\">\n<figure class=\"aligncenter\"><a href=\"https:\/\/i0.wp.com\/blogger.googleusercontent.com\/img\/b\/R29vZ2xl\/AVvXsEh569ac3pQW85s-zHSAXHyZ3P8En0-Qo_m_KpOmNCsyjhOswlYUDo__Ky6jWLZq_YQrx7hN0oDw-N6p-Wdk_y36kiRpIdDqzvyAcMmhkVVHV04RWIKtKJtU6oa_mdwoJodI_Gp16k6UxDkIav0sqGmoOKIdm-kiFHkbhbPVE2To4Z2USVAJG53v-iuxqg\/s460\/arrestan-a-hombre-acusado-de-asaltar-autobus-en-la-charles-de-gaulle.webp?ssl=1\"><img data-recalc-dims=\"1\" decoding=\"async\" loading=\"lazy\" src=\"https:\/\/i0.wp.com\/blogger.googleusercontent.com\/img\/b\/R29vZ2xl\/AVvXsEh569ac3pQW85s-zHSAXHyZ3P8En0-Qo_m_KpOmNCsyjhOswlYUDo__Ky6jWLZq_YQrx7hN0oDw-N6p-Wdk_y36kiRpIdDqzvyAcMmhkVVHV04RWIKtKJtU6oa_mdwoJodI_Gp16k6UxDkIav0sqGmoOKIdm-kiFHkbhbPVE2To4Z2USVAJG53v-iuxqg\/w364-h400\/arrestan-a-hombre-acusado-de-asaltar-autobus-en-la-charles-de-gaulle.webp?w=640&#038;ssl=1\" alt=\"\"\/><\/a><\/figure>\n<\/div>\n\n\n<p><strong>Santo Domingo.-<\/strong> El Consorcio de Empresas del Transporte (Mochotran) inform\u00f3 que fue apresado por la polic\u00eda el hombre que el pasado s\u00e1bado asalt\u00f3 uno de sus autobuses del corredor Charles de Gaulle y carg\u00f3 con 12 mil pesos. La noticia fue confirmada por la Polic\u00eda Nacional a trav\u00e9s de una nota de prensa, en la que dijo que el detenido es Raphael Nolasco (a) Bombillo, de 22 a\u00f1os.<\/p>\n\n\n<div class=\"wp-block-image\">\n<figure class=\"alignright\"><a href=\"https:\/\/i0.wp.com\/blogger.googleusercontent.com\/img\/b\/R29vZ2xl\/AVvXsEjG1MLyaw1s-WZlPMuEWhFUGTrmExdbVL9-UEnxmRuUlMA1V5dJ0BROuVT58NjQDhcJ_poKUOiZLZ5NZIRibblNlF8_NIGRbA30cQPEQ1U2X8HcmRTLF_neUXZUaWwt3T0iEdJZjH8xo_S1K5qnnbKzDhPxHTepTsCmk-xnwNswqOzzWnO5qDjNNfYO8g\/s1024\/un-par-de-zapatos-deportivos-79ac18c0.jpeg?ssl=1\"><img data-recalc-dims=\"1\" decoding=\"async\" loading=\"lazy\" src=\"https:\/\/i0.wp.com\/blogger.googleusercontent.com\/img\/b\/R29vZ2xl\/AVvXsEjG1MLyaw1s-WZlPMuEWhFUGTrmExdbVL9-UEnxmRuUlMA1V5dJ0BROuVT58NjQDhcJ_poKUOiZLZ5NZIRibblNlF8_NIGRbA30cQPEQ1U2X8HcmRTLF_neUXZUaWwt3T0iEdJZjH8xo_S1K5qnnbKzDhPxHTepTsCmk-xnwNswqOzzWnO5qDjNNfYO8g\/w225-h400\/un-par-de-zapatos-deportivos-79ac18c0.jpeg?w=640&#038;ssl=1\" alt=\"\"\/><\/a><\/figure>\n<\/div>\n\n\n<p><br>&#8220;Tras el arresto, personal de la subdirecci\u00f3n de Investigaciones Santo Domingo Norte le dio seguimiento al caso, logrando ocupar la vestimenta que llevaba puesta Nolasco (a) Bombillo, as\u00ed como tambi\u00e9n el arma punzocortante con el cual cometi\u00f3 el asalto&#8221;, agreg\u00f3 la Polic\u00eda.&nbsp;<\/p>\n\n\n\n<p>En rueda de prensa m\u00e1s temprano, el presidente del consorcio, Alfredo Pulinario (Cambita), inform\u00f3 que el hombre identificado como Rafael Nolasco, est\u00e1 preso en el destacamento de Los Guaricanos para ser sometido a la justicia.<\/p>\n\n\n\n<p>Le quit\u00f3 12 mil pesos al chofer<\/p>\n\n\n\n<p>Dijo que se trata de un antisocial que con un cuchillo oblig\u00f3 al conductor de uno de los autobuses del corredor Charles de Gaulle para despojarlo de 12 mil pesos. Indic\u00f3 que desde que ocurri\u00f3 el hecho dieron parte a la Polic\u00eda y, que gracias a las c\u00e1maras de seguridad de los autobuses, se pudo identificar a esa persona.<\/p>\n\n\n\n<p>Manifest\u00f3 que cuentan con elementos de prueba suficientes para someter a la justicia al individuo que sembr\u00f3 el p\u00e1nico entre los usuarios del autob\u00fas asaltado.<\/p>\n\n\n\n<p>Manifest\u00f3 que no pueden pasar por alto ese acto vand\u00e1lico porque de lo contrario se convertir\u00e1 en una rutina que afectar\u00e1 a la empresa Mochotran y advirti\u00f3 que no permitir\u00e1n que delincuentes vuelvan repetir una haza\u00f1a similar.<\/p>\n\n\n\n<p>El empresario del transporte exhort\u00f3 a las autoridades a marcar un precedente con el sometimiento a la justicia de Rafael Nolasco para que caiga todo el peso de la ley en su contra y as\u00ed enviar una se\u00f1al de que el crimen se est\u00e1 enfrentando en todas sus vertientes.<\/p>\n\n\n\n<p>El presunto delincuente ser\u00e1 puesto bajo control del Ministerio P\u00fablico, para los fines legales correspondientes.<\/p>\n","protected":false},"excerpt":{"rendered":"<p>Santo Domingo.- El Consorcio de Empresas del Transporte (Mochotran) inform\u00f3 que fue apresado por la polic\u00eda el hombre que el pasado s\u00e1bado asalt\u00f3 uno de sus autobuses del corredor Charles de Gaulle y carg\u00f3 con 12 mil pesos. La noticia fue confirmada por la Polic\u00eda Nacional a trav\u00e9s de una nota de prensa, en la [&hellip;]<\/p>\n","protected":false},"author":1,"featured_media":9086,"comment_status":"open","ping_status":"open","sticky":false,"template":"","format":"standard","meta":{"nf_dc_page":"","jetpack_post_was_ever_published":false,"_jetpack_newsletter_access":"","_jetpack_dont_email_post_to_subs":false,"_jetpack_newsletter_tier_id":0,"_jetpack_memberships_contains_paywalled_content":false,"_jetpack_memberships_contains_paid_content":false,"footnotes":"","jetpack_publicize_message":"","jetpack_publicize_feature_enabled":true,"jetpack_social_post_already_shared":false,"jetpack_social_options":{"image_generator_settings":{"template":"highway","default_image_id":0,"font":"","enabled":false},"version":2}},"categories":[99],"tags":[],"class_list":["post-9085","post","type-post","status-publish","format-standard","has-post-thumbnail","hentry","category-policiales"],"yoast_head":"<!-- This site is optimized with the Yoast SEO plugin v27.4 - https:\/\/yoast.com\/product\/yoast-seo-wordpress\/ -->\n<title>La Polic\u00eda apresa (a) Bombillo, que asalt\u00f3 con un cuchillo un autob\u00fas del corredor Charles de Gaulle - Minuto Cero RD<\/title>\n<meta name=\"robots\" content=\"index, follow, max-snippet:-1, max-image-preview:large, max-video-preview:-1\" \/>\n<link rel=\"canonical\" href=\"http:\/\/minutocerord.com\/?p=9085\" \/>\n<meta property=\"og:locale\" content=\"es_ES\" \/>\n<meta property=\"og:type\" content=\"article\" \/>\n<meta property=\"og:title\" content=\"La Polic\u00eda apresa (a) Bombillo, que asalt\u00f3 con un cuchillo un autob\u00fas del corredor Charles de Gaulle - Minuto Cero RD\" \/>\n<meta property=\"og:description\" content=\"Santo Domingo.- El Consorcio de Empresas del Transporte (Mochotran) inform\u00f3 que fue apresado por la polic\u00eda el hombre que el pasado s\u00e1bado asalt\u00f3 uno de sus autobuses del corredor Charles de Gaulle y carg\u00f3 con 12 mil pesos. La noticia fue confirmada por la Polic\u00eda Nacional a trav\u00e9s de una nota de prensa, en la [&hellip;]\" \/>\n<meta property=\"og:url\" content=\"http:\/\/minutocerord.com\/?p=9085\" \/>\n<meta property=\"og:site_name\" content=\"Minuto Cero RD\" \/>\n<meta property=\"article:publisher\" content=\"https:\/\/www.facebook.com\/Genofnotes\" \/>\n<meta property=\"article:author\" content=\"https:\/\/www.facebook.com\/Genofnotes\" \/>\n<meta property=\"article:published_time\" content=\"2022-06-10T18:26:51+00:00\" \/>\n<meta property=\"article:modified_time\" content=\"2022-06-10T18:32:22+00:00\" \/>\n<meta property=\"og:image\" content=\"https:\/\/i0.wp.com\/minutocerord.com\/wp-content\/uploads\/2022\/06\/FU2j36JWIAAoswa.jpg?fit=1424%2C1080\" \/>\n\t<meta property=\"og:image:width\" content=\"1424\" \/>\n\t<meta property=\"og:image:height\" content=\"1080\" \/>\n\t<meta property=\"og:image:type\" content=\"image\/jpeg\" \/>\n<meta name=\"author\" content=\"Genof\u00f3ntes Urb\u00e1ez\" \/>\n<meta name=\"twitter:card\" content=\"summary_large_image\" \/>\n<meta name=\"twitter:label1\" content=\"Written by\" \/>\n\t<meta name=\"twitter:data1\" content=\"Genof\u00f3ntes Urb\u00e1ez\" \/>\n\t<meta name=\"twitter:label2\" content=\"Est. reading time\" \/>\n\t<meta name=\"twitter:data2\" content=\"2 minutos\" \/>\n<script type=\"application\/ld+json\" class=\"yoast-schema-graph\">{\"@context\":\"https:\\\/\\\/schema.org\",\"@graph\":[{\"@type\":\"Article\",\"@id\":\"http:\\\/\\\/minutocerord.com\\\/?p=9085#article\",\"isPartOf\":{\"@id\":\"http:\\\/\\\/minutocerord.com\\\/?p=9085\"},\"author\":{\"name\":\"Genof\u00f3ntes Urb\u00e1ez\",\"@id\":\"https:\\\/\\\/minutocerord.com\\\/#\\\/schema\\\/person\\\/60b5372d60aaa0a5171fb6488be9aee6\"},\"headline\":\"La Polic\u00eda apresa (a) Bombillo, que asalt\u00f3 con un cuchillo un autob\u00fas del corredor Charles de Gaulle\",\"datePublished\":\"2022-06-10T18:26:51+00:00\",\"dateModified\":\"2022-06-10T18:32:22+00:00\",\"mainEntityOfPage\":{\"@id\":\"http:\\\/\\\/minutocerord.com\\\/?p=9085\"},\"wordCount\":372,\"commentCount\":0,\"publisher\":{\"@id\":\"https:\\\/\\\/minutocerord.com\\\/#\\\/schema\\\/person\\\/60b5372d60aaa0a5171fb6488be9aee6\"},\"image\":{\"@id\":\"http:\\\/\\\/minutocerord.com\\\/?p=9085#primaryimage\"},\"thumbnailUrl\":\"https:\\\/\\\/i0.wp.com\\\/minutocerord.com\\\/wp-content\\\/uploads\\\/2022\\\/06\\\/FU2j36JWIAAoswa.jpg?fit=1424%2C1080&ssl=1\",\"articleSection\":[\"POLICIALES\"],\"inLanguage\":\"es-DO\",\"potentialAction\":[{\"@type\":\"CommentAction\",\"name\":\"Comment\",\"target\":[\"http:\\\/\\\/minutocerord.com\\\/?p=9085#respond\"]}]},{\"@type\":\"WebPage\",\"@id\":\"http:\\\/\\\/minutocerord.com\\\/?p=9085\",\"url\":\"http:\\\/\\\/minutocerord.com\\\/?p=9085\",\"name\":\"La Polic\u00eda apresa (a) Bombillo, que asalt\u00f3 con un cuchillo un autob\u00fas del corredor Charles de Gaulle - Minuto Cero RD\",\"isPartOf\":{\"@id\":\"https:\\\/\\\/minutocerord.com\\\/#website\"},\"primaryImageOfPage\":{\"@id\":\"http:\\\/\\\/minutocerord.com\\\/?p=9085#primaryimage\"},\"image\":{\"@id\":\"http:\\\/\\\/minutocerord.com\\\/?p=9085#primaryimage\"},\"thumbnailUrl\":\"https:\\\/\\\/i0.wp.com\\\/minutocerord.com\\\/wp-content\\\/uploads\\\/2022\\\/06\\\/FU2j36JWIAAoswa.jpg?fit=1424%2C1080&ssl=1\",\"datePublished\":\"2022-06-10T18:26:51+00:00\",\"dateModified\":\"2022-06-10T18:32:22+00:00\",\"breadcrumb\":{\"@id\":\"http:\\\/\\\/minutocerord.com\\\/?p=9085#breadcrumb\"},\"inLanguage\":\"es-DO\",\"potentialAction\":[{\"@type\":\"ReadAction\",\"target\":[\"http:\\\/\\\/minutocerord.com\\\/?p=9085\"]}]},{\"@type\":\"ImageObject\",\"inLanguage\":\"es-DO\",\"@id\":\"http:\\\/\\\/minutocerord.com\\\/?p=9085#primaryimage\",\"url\":\"https:\\\/\\\/i0.wp.com\\\/minutocerord.com\\\/wp-content\\\/uploads\\\/2022\\\/06\\\/FU2j36JWIAAoswa.jpg?fit=1424%2C1080&ssl=1\",\"contentUrl\":\"https:\\\/\\\/i0.wp.com\\\/minutocerord.com\\\/wp-content\\\/uploads\\\/2022\\\/06\\\/FU2j36JWIAAoswa.jpg?fit=1424%2C1080&ssl=1\",\"width\":1424,\"height\":1080},{\"@type\":\"BreadcrumbList\",\"@id\":\"http:\\\/\\\/minutocerord.com\\\/?p=9085#breadcrumb\",\"itemListElement\":[{\"@type\":\"ListItem\",\"position\":1,\"name\":\"Home\",\"item\":\"https:\\\/\\\/minutocerord.com\\\/\"},{\"@type\":\"ListItem\",\"position\":2,\"name\":\"La Polic\u00eda apresa (a) Bombillo, que asalt\u00f3 con un cuchillo un autob\u00fas del corredor Charles de Gaulle\"}]},{\"@type\":\"WebSite\",\"@id\":\"https:\\\/\\\/minutocerord.com\\\/#website\",\"url\":\"https:\\\/\\\/minutocerord.com\\\/\",\"name\":\"Minuto Cero RD\",\"description\":\"Periodismo serio y veraz\",\"publisher\":{\"@id\":\"https:\\\/\\\/minutocerord.com\\\/#\\\/schema\\\/person\\\/60b5372d60aaa0a5171fb6488be9aee6\"},\"potentialAction\":[{\"@type\":\"SearchAction\",\"target\":{\"@type\":\"EntryPoint\",\"urlTemplate\":\"https:\\\/\\\/minutocerord.com\\\/?s={search_term_string}\"},\"query-input\":{\"@type\":\"PropertyValueSpecification\",\"valueRequired\":true,\"valueName\":\"search_term_string\"}}],\"inLanguage\":\"es-DO\"},{\"@type\":[\"Person\",\"Organization\"],\"@id\":\"https:\\\/\\\/minutocerord.com\\\/#\\\/schema\\\/person\\\/60b5372d60aaa0a5171fb6488be9aee6\",\"name\":\"Genof\u00f3ntes Urb\u00e1ez\",\"image\":{\"@type\":\"ImageObject\",\"inLanguage\":\"es-DO\",\"@id\":\"https:\\\/\\\/secure.gravatar.com\\\/avatar\\\/a49ef3186a692098ac3e8a1612261e3ad70cf9e44553dff2929e67939a0ecb9d?s=96&d=identicon&r=g\",\"url\":\"https:\\\/\\\/secure.gravatar.com\\\/avatar\\\/a49ef3186a692098ac3e8a1612261e3ad70cf9e44553dff2929e67939a0ecb9d?s=96&d=identicon&r=g\",\"contentUrl\":\"https:\\\/\\\/secure.gravatar.com\\\/avatar\\\/a49ef3186a692098ac3e8a1612261e3ad70cf9e44553dff2929e67939a0ecb9d?s=96&d=identicon&r=g\",\"caption\":\"Genof\u00f3ntes Urb\u00e1ez\"},\"logo\":{\"@id\":\"https:\\\/\\\/secure.gravatar.com\\\/avatar\\\/a49ef3186a692098ac3e8a1612261e3ad70cf9e44553dff2929e67939a0ecb9d?s=96&d=identicon&r=g\"},\"description\":\"Periodista \\\/ Locutor\",\"sameAs\":[\"https:\\\/\\\/www.facebook.com\\\/Genofnotes\",\"https:\\\/\\\/www.instagram.com\\\/genofnotes\\\/\"]}]}<\/script>\n<!-- \/ Yoast SEO plugin. -->","yoast_head_json":{"title":"La Polic\u00eda apresa (a) Bombillo, que asalt\u00f3 con un cuchillo un autob\u00fas del corredor Charles de Gaulle - Minuto Cero RD","robots":{"index":"index","follow":"follow","max-snippet":"max-snippet:-1","max-image-preview":"max-image-preview:large","max-video-preview":"max-video-preview:-1"},"canonical":"http:\/\/minutocerord.com\/?p=9085","og_locale":"es_ES","og_type":"article","og_title":"La Polic\u00eda apresa (a) Bombillo, que asalt\u00f3 con un cuchillo un autob\u00fas del corredor Charles de Gaulle - Minuto Cero RD","og_description":"Santo Domingo.- El Consorcio de Empresas del Transporte (Mochotran) inform\u00f3 que fue apresado por la polic\u00eda el hombre que el pasado s\u00e1bado asalt\u00f3 uno de sus autobuses del corredor Charles de Gaulle y carg\u00f3 con 12 mil pesos. La noticia fue confirmada por la Polic\u00eda Nacional a trav\u00e9s de una nota de prensa, en la [&hellip;]","og_url":"http:\/\/minutocerord.com\/?p=9085","og_site_name":"Minuto Cero RD","article_publisher":"https:\/\/www.facebook.com\/Genofnotes","article_author":"https:\/\/www.facebook.com\/Genofnotes","article_published_time":"2022-06-10T18:26:51+00:00","article_modified_time":"2022-06-10T18:32:22+00:00","og_image":[{"width":1424,"height":1080,"url":"https:\/\/i0.wp.com\/minutocerord.com\/wp-content\/uploads\/2022\/06\/FU2j36JWIAAoswa.jpg?fit=1424%2C1080","type":"image\/jpeg"}],"author":"Genof\u00f3ntes Urb\u00e1ez","twitter_card":"summary_large_image","twitter_misc":{"Written by":"Genof\u00f3ntes Urb\u00e1ez","Est. reading time":"2 minutos"},"schema":{"@context":"https:\/\/schema.org","@graph":[{"@type":"Article","@id":"http:\/\/minutocerord.com\/?p=9085#article","isPartOf":{"@id":"http:\/\/minutocerord.com\/?p=9085"},"author":{"name":"Genof\u00f3ntes Urb\u00e1ez","@id":"https:\/\/minutocerord.com\/#\/schema\/person\/60b5372d60aaa0a5171fb6488be9aee6"},"headline":"La Polic\u00eda apresa (a) Bombillo, que asalt\u00f3 con un cuchillo un autob\u00fas del corredor Charles de Gaulle","datePublished":"2022-06-10T18:26:51+00:00","dateModified":"2022-06-10T18:32:22+00:00","mainEntityOfPage":{"@id":"http:\/\/minutocerord.com\/?p=9085"},"wordCount":372,"commentCount":0,"publisher":{"@id":"https:\/\/minutocerord.com\/#\/schema\/person\/60b5372d60aaa0a5171fb6488be9aee6"},"image":{"@id":"http:\/\/minutocerord.com\/?p=9085#primaryimage"},"thumbnailUrl":"https:\/\/i0.wp.com\/minutocerord.com\/wp-content\/uploads\/2022\/06\/FU2j36JWIAAoswa.jpg?fit=1424%2C1080&ssl=1","articleSection":["POLICIALES"],"inLanguage":"es-DO","potentialAction":[{"@type":"CommentAction","name":"Comment","target":["http:\/\/minutocerord.com\/?p=9085#respond"]}]},{"@type":"WebPage","@id":"http:\/\/minutocerord.com\/?p=9085","url":"http:\/\/minutocerord.com\/?p=9085","name":"La Polic\u00eda apresa (a) Bombillo, que asalt\u00f3 con un cuchillo un autob\u00fas del corredor Charles de Gaulle - Minuto Cero RD","isPartOf":{"@id":"https:\/\/minutocerord.com\/#website"},"primaryImageOfPage":{"@id":"http:\/\/minutocerord.com\/?p=9085#primaryimage"},"image":{"@id":"http:\/\/minutocerord.com\/?p=9085#primaryimage"},"thumbnailUrl":"https:\/\/i0.wp.com\/minutocerord.com\/wp-content\/uploads\/2022\/06\/FU2j36JWIAAoswa.jpg?fit=1424%2C1080&ssl=1","datePublished":"2022-06-10T18:26:51+00:00","dateModified":"2022-06-10T18:32:22+00:00","breadcrumb":{"@id":"http:\/\/minutocerord.com\/?p=9085#breadcrumb"},"inLanguage":"es-DO","potentialAction":[{"@type":"ReadAction","target":["http:\/\/minutocerord.com\/?p=9085"]}]},{"@type":"ImageObject","inLanguage":"es-DO","@id":"http:\/\/minutocerord.com\/?p=9085#primaryimage","url":"https:\/\/i0.wp.com\/minutocerord.com\/wp-content\/uploads\/2022\/06\/FU2j36JWIAAoswa.jpg?fit=1424%2C1080&ssl=1","contentUrl":"https:\/\/i0.wp.com\/minutocerord.com\/wp-content\/uploads\/2022\/06\/FU2j36JWIAAoswa.jpg?fit=1424%2C1080&ssl=1","width":1424,"height":1080},{"@type":"BreadcrumbList","@id":"http:\/\/minutocerord.com\/?p=9085#breadcrumb","itemListElement":[{"@type":"ListItem","position":1,"name":"Home","item":"https:\/\/minutocerord.com\/"},{"@type":"ListItem","position":2,"name":"La Polic\u00eda apresa (a) Bombillo, que asalt\u00f3 con un cuchillo un autob\u00fas del corredor Charles de Gaulle"}]},{"@type":"WebSite","@id":"https:\/\/minutocerord.com\/#website","url":"https:\/\/minutocerord.com\/","name":"Minuto Cero RD","description":"Periodismo serio y veraz","publisher":{"@id":"https:\/\/minutocerord.com\/#\/schema\/person\/60b5372d60aaa0a5171fb6488be9aee6"},"potentialAction":[{"@type":"SearchAction","target":{"@type":"EntryPoint","urlTemplate":"https:\/\/minutocerord.com\/?s={search_term_string}"},"query-input":{"@type":"PropertyValueSpecification","valueRequired":true,"valueName":"search_term_string"}}],"inLanguage":"es-DO"},{"@type":["Person","Organization"],"@id":"https:\/\/minutocerord.com\/#\/schema\/person\/60b5372d60aaa0a5171fb6488be9aee6","name":"Genof\u00f3ntes Urb\u00e1ez","image":{"@type":"ImageObject","inLanguage":"es-DO","@id":"https:\/\/secure.gravatar.com\/avatar\/a49ef3186a692098ac3e8a1612261e3ad70cf9e44553dff2929e67939a0ecb9d?s=96&d=identicon&r=g","url":"https:\/\/secure.gravatar.com\/avatar\/a49ef3186a692098ac3e8a1612261e3ad70cf9e44553dff2929e67939a0ecb9d?s=96&d=identicon&r=g","contentUrl":"https:\/\/secure.gravatar.com\/avatar\/a49ef3186a692098ac3e8a1612261e3ad70cf9e44553dff2929e67939a0ecb9d?s=96&d=identicon&r=g","caption":"Genof\u00f3ntes Urb\u00e1ez"},"logo":{"@id":"https:\/\/secure.gravatar.com\/avatar\/a49ef3186a692098ac3e8a1612261e3ad70cf9e44553dff2929e67939a0ecb9d?s=96&d=identicon&r=g"},"description":"Periodista \/ Locutor","sameAs":["https:\/\/www.facebook.com\/Genofnotes","https:\/\/www.instagram.com\/genofnotes\/"]}]}},"jetpack_publicize_connections":[],"jetpack_featured_media_url":"https:\/\/i0.wp.com\/minutocerord.com\/wp-content\/uploads\/2022\/06\/FU2j36JWIAAoswa.jpg?fit=1424%2C1080&ssl=1","jetpack-related-posts":[],"jetpack_sharing_enabled":true,"_links":{"self":[{"href":"https:\/\/minutocerord.com\/index.php?rest_route=\/wp\/v2\/posts\/9085","targetHints":{"allow":["GET"]}}],"collection":[{"href":"https:\/\/minutocerord.com\/index.php?rest_route=\/wp\/v2\/posts"}],"about":[{"href":"https:\/\/minutocerord.com\/index.php?rest_route=\/wp\/v2\/types\/post"}],"author":[{"embeddable":true,"href":"https:\/\/minutocerord.com\/index.php?rest_route=\/wp\/v2\/users\/1"}],"replies":[{"embeddable":true,"href":"https:\/\/minutocerord.com\/index.php?rest_route=%2Fwp%2Fv2%2Fcomments&post=9085"}],"version-history":[{"count":1,"href":"https:\/\/minutocerord.com\/index.php?rest_route=\/wp\/v2\/posts\/9085\/revisions"}],"predecessor-version":[{"id":9087,"href":"https:\/\/minutocerord.com\/index.php?rest_route=\/wp\/v2\/posts\/9085\/revisions\/9087"}],"wp:featuredmedia":[{"embeddable":true,"href":"https:\/\/minutocerord.com\/index.php?rest_route=\/wp\/v2\/media\/9086"}],"wp:attachment":[{"href":"https:\/\/minutocerord.com\/index.php?rest_route=%2Fwp%2Fv2%2Fmedia&parent=9085"}],"wp:term":[{"taxonomy":"category","embeddable":true,"href":"https:\/\/minutocerord.com\/index.php?rest_route=%2Fwp%2Fv2%2Fcategories&post=9085"},{"taxonomy":"post_tag","embeddable":true,"href":"https:\/\/minutocerord.com\/index.php?rest_route=%2Fwp%2Fv2%2Ftags&post=9085"}],"curies":[{"name":"wp","href":"https:\/\/api.w.org\/{rel}","templated":true}]}}