{"id":9088,"date":"2022-06-12T08:09:12","date_gmt":"2022-06-12T12:09:12","guid":{"rendered":"https:\/\/minutocerord.com\/?p=9088"},"modified":"2022-06-12T08:09:15","modified_gmt":"2022-06-12T12:09:15","slug":"dictan-un-ano-de-coercion-a-cruz-por-asesinato-orlando-jorge-mera","status":"publish","type":"post","link":"https:\/\/minutocerord.com\/?p=9088","title":{"rendered":"Dictan un a\u00f1o de coerci\u00f3n a Cruz por asesinato Orlando Jorge Mera"},"content":{"rendered":"\n<p><a href=\"https:\/\/almomento.net\/wp-content\/uploads\/2022\/06\/CRUZ.png\"><\/a><strong>SANTO DOMINGO.-\u00a0<\/strong> \u00a0El Juez titular del Segundo Juzgado de la Instrucci\u00f3n del Distrito Nacional impuso un a\u00f1o de prisi\u00f3n preventiva a Fausto Miguel Cruz, por el asesinato del ministro de Medio Ambiente, Orlando Jorge Mera.<\/p>\n\n\n\n<p>El magistrado Rigoberto Sena dispuso que el confeso asesino cumplir\u00e1 la prisi\u00f3n preventiva en el Centro Correccional Najayo Hombre.<\/p>\n\n\n\n<p>\u00abEl Tribunal ha acogido en todas sus partes la solicitud presentada por el Ministerio P\u00fablico imponiendo 12 meses de prisi\u00f3n preventiva para el imputado, tal y como hemos requerido en nuestro escrito de medida de coerci\u00f3n\u00bb, indic\u00f3 la fiscal Mirna Ortiz.<\/p>\n\n\n\n<p>De su lado, el abogado representante de la familia de Jorge Mera, Miguel Valerio, no se opuso a la medida&nbsp; y dijo que un \u00abhecho tan horrendo\u00bb no deber\u00eda ser discutido en estos momentos.<\/p>\n\n\n\n<p>La audiencia, a la que no se present\u00f3 la familia del confeso homicida, dur\u00f3 aproximadamente una hora.<\/p>\n\n\n\n<p>Adem\u00e1s de los abogados de ambas partes, en la sala estaban familiares del malogrado ministro de Jorge Mera.<\/p>\n\n\n\n<p>De acuerdo con el expediente del \u00f3rgano acusador, Cruz planific\u00f3 el asesinato del Ministro porque este se opon\u00eda a otorgarle unos permisos para exportar 5,000 toneladas de bater\u00edas usadas a trav\u00e9s de la empresa Aurum Gavia, S.A.<\/p>\n\n\n\n<p>Supuestamente, el imputado estaba frustrado porque \u201chizo campa\u00f1a pol\u00edtica para el Partido Revolucionario Moderno (PRM) y no le resolvieron\u00bb.<\/p>\n","protected":false},"excerpt":{"rendered":"<p>SANTO DOMINGO.-\u00a0 \u00a0El Juez titular del Segundo Juzgado de la Instrucci\u00f3n del Distrito Nacional impuso un a\u00f1o de prisi\u00f3n preventiva a Fausto Miguel Cruz, por el asesinato del ministro de Medio Ambiente, Orlando Jorge Mera. El magistrado Rigoberto Sena dispuso que el confeso asesino cumplir\u00e1 la prisi\u00f3n preventiva en el Centro Correccional Najayo Hombre. \u00abEl [&hellip;]<\/p>\n","protected":false},"author":1,"featured_media":9089,"comment_status":"open","ping_status":"open","sticky":false,"template":"","format":"standard","meta":{"nf_dc_page":"","jetpack_post_was_ever_published":false,"_jetpack_newsletter_access":"","_jetpack_dont_email_post_to_subs":false,"_jetpack_newsletter_tier_id":0,"_jetpack_memberships_contains_paywalled_content":false,"_jetpack_memberships_contains_paid_content":false,"footnotes":"","jetpack_publicize_message":"","jetpack_publicize_feature_enabled":true,"jetpack_social_post_already_shared":false,"jetpack_social_options":{"image_generator_settings":{"template":"highway","default_image_id":0,"font":"","enabled":false},"version":2}},"categories":[93],"tags":[],"class_list":["post-9088","post","type-post","status-publish","format-standard","has-post-thumbnail","hentry","category-justicia"],"yoast_head":"<!-- This site is optimized with the Yoast SEO plugin v27.4 - https:\/\/yoast.com\/product\/yoast-seo-wordpress\/ -->\n<title>Dictan un a\u00f1o de coerci\u00f3n a Cruz por asesinato Orlando Jorge Mera - Minuto Cero RD<\/title>\n<meta name=\"robots\" content=\"index, follow, max-snippet:-1, max-image-preview:large, max-video-preview:-1\" \/>\n<link rel=\"canonical\" href=\"http:\/\/minutocerord.com\/?p=9088\" \/>\n<meta property=\"og:locale\" content=\"es_ES\" \/>\n<meta property=\"og:type\" content=\"article\" \/>\n<meta property=\"og:title\" content=\"Dictan un a\u00f1o de coerci\u00f3n a Cruz por asesinato Orlando Jorge Mera - Minuto Cero RD\" \/>\n<meta property=\"og:description\" content=\"SANTO DOMINGO.-\u00a0 \u00a0El Juez titular del Segundo Juzgado de la Instrucci\u00f3n del Distrito Nacional impuso un a\u00f1o de prisi\u00f3n preventiva a Fausto Miguel Cruz, por el asesinato del ministro de Medio Ambiente, Orlando Jorge Mera. El magistrado Rigoberto Sena dispuso que el confeso asesino cumplir\u00e1 la prisi\u00f3n preventiva en el Centro Correccional Najayo Hombre. \u00abEl [&hellip;]\" \/>\n<meta property=\"og:url\" content=\"http:\/\/minutocerord.com\/?p=9088\" \/>\n<meta property=\"og:site_name\" content=\"Minuto Cero RD\" \/>\n<meta property=\"article:publisher\" content=\"https:\/\/www.facebook.com\/Genofnotes\" \/>\n<meta property=\"article:author\" content=\"https:\/\/www.facebook.com\/Genofnotes\" \/>\n<meta property=\"article:published_time\" content=\"2022-06-12T12:09:12+00:00\" \/>\n<meta property=\"article:modified_time\" content=\"2022-06-12T12:09:15+00:00\" \/>\n<meta property=\"og:image\" content=\"https:\/\/i0.wp.com\/minutocerord.com\/wp-content\/uploads\/2022\/06\/CRUZ.png?fit=950%2C471\" \/>\n\t<meta property=\"og:image:width\" content=\"950\" \/>\n\t<meta property=\"og:image:height\" content=\"471\" \/>\n\t<meta property=\"og:image:type\" content=\"image\/png\" \/>\n<meta name=\"author\" content=\"Genof\u00f3ntes Urb\u00e1ez\" \/>\n<meta name=\"twitter:card\" content=\"summary_large_image\" \/>\n<meta name=\"twitter:label1\" content=\"Written by\" \/>\n\t<meta name=\"twitter:data1\" content=\"Genof\u00f3ntes Urb\u00e1ez\" \/>\n\t<meta name=\"twitter:label2\" content=\"Est. reading time\" \/>\n\t<meta name=\"twitter:data2\" content=\"2 minutos\" \/>\n<script type=\"application\/ld+json\" class=\"yoast-schema-graph\">{\"@context\":\"https:\\\/\\\/schema.org\",\"@graph\":[{\"@type\":\"Article\",\"@id\":\"http:\\\/\\\/minutocerord.com\\\/?p=9088#article\",\"isPartOf\":{\"@id\":\"http:\\\/\\\/minutocerord.com\\\/?p=9088\"},\"author\":{\"name\":\"Genof\u00f3ntes Urb\u00e1ez\",\"@id\":\"https:\\\/\\\/minutocerord.com\\\/#\\\/schema\\\/person\\\/60b5372d60aaa0a5171fb6488be9aee6\"},\"headline\":\"Dictan un a\u00f1o de coerci\u00f3n a Cruz por asesinato Orlando Jorge Mera\",\"datePublished\":\"2022-06-12T12:09:12+00:00\",\"dateModified\":\"2022-06-12T12:09:15+00:00\",\"mainEntityOfPage\":{\"@id\":\"http:\\\/\\\/minutocerord.com\\\/?p=9088\"},\"wordCount\":249,\"commentCount\":0,\"publisher\":{\"@id\":\"https:\\\/\\\/minutocerord.com\\\/#\\\/schema\\\/person\\\/60b5372d60aaa0a5171fb6488be9aee6\"},\"image\":{\"@id\":\"http:\\\/\\\/minutocerord.com\\\/?p=9088#primaryimage\"},\"thumbnailUrl\":\"https:\\\/\\\/i0.wp.com\\\/minutocerord.com\\\/wp-content\\\/uploads\\\/2022\\\/06\\\/CRUZ.png?fit=950%2C471&ssl=1\",\"articleSection\":[\"Justicia\"],\"inLanguage\":\"es-DO\",\"potentialAction\":[{\"@type\":\"CommentAction\",\"name\":\"Comment\",\"target\":[\"http:\\\/\\\/minutocerord.com\\\/?p=9088#respond\"]}]},{\"@type\":\"WebPage\",\"@id\":\"http:\\\/\\\/minutocerord.com\\\/?p=9088\",\"url\":\"http:\\\/\\\/minutocerord.com\\\/?p=9088\",\"name\":\"Dictan un a\u00f1o de coerci\u00f3n a Cruz por asesinato Orlando Jorge Mera - Minuto Cero RD\",\"isPartOf\":{\"@id\":\"https:\\\/\\\/minutocerord.com\\\/#website\"},\"primaryImageOfPage\":{\"@id\":\"http:\\\/\\\/minutocerord.com\\\/?p=9088#primaryimage\"},\"image\":{\"@id\":\"http:\\\/\\\/minutocerord.com\\\/?p=9088#primaryimage\"},\"thumbnailUrl\":\"https:\\\/\\\/i0.wp.com\\\/minutocerord.com\\\/wp-content\\\/uploads\\\/2022\\\/06\\\/CRUZ.png?fit=950%2C471&ssl=1\",\"datePublished\":\"2022-06-12T12:09:12+00:00\",\"dateModified\":\"2022-06-12T12:09:15+00:00\",\"breadcrumb\":{\"@id\":\"http:\\\/\\\/minutocerord.com\\\/?p=9088#breadcrumb\"},\"inLanguage\":\"es-DO\",\"potentialAction\":[{\"@type\":\"ReadAction\",\"target\":[\"http:\\\/\\\/minutocerord.com\\\/?p=9088\"]}]},{\"@type\":\"ImageObject\",\"inLanguage\":\"es-DO\",\"@id\":\"http:\\\/\\\/minutocerord.com\\\/?p=9088#primaryimage\",\"url\":\"https:\\\/\\\/i0.wp.com\\\/minutocerord.com\\\/wp-content\\\/uploads\\\/2022\\\/06\\\/CRUZ.png?fit=950%2C471&ssl=1\",\"contentUrl\":\"https:\\\/\\\/i0.wp.com\\\/minutocerord.com\\\/wp-content\\\/uploads\\\/2022\\\/06\\\/CRUZ.png?fit=950%2C471&ssl=1\",\"width\":950,\"height\":471},{\"@type\":\"BreadcrumbList\",\"@id\":\"http:\\\/\\\/minutocerord.com\\\/?p=9088#breadcrumb\",\"itemListElement\":[{\"@type\":\"ListItem\",\"position\":1,\"name\":\"Home\",\"item\":\"https:\\\/\\\/minutocerord.com\\\/\"},{\"@type\":\"ListItem\",\"position\":2,\"name\":\"Dictan un a\u00f1o de coerci\u00f3n a Cruz por asesinato Orlando Jorge Mera\"}]},{\"@type\":\"WebSite\",\"@id\":\"https:\\\/\\\/minutocerord.com\\\/#website\",\"url\":\"https:\\\/\\\/minutocerord.com\\\/\",\"name\":\"Minuto Cero RD\",\"description\":\"Periodismo serio y veraz\",\"publisher\":{\"@id\":\"https:\\\/\\\/minutocerord.com\\\/#\\\/schema\\\/person\\\/60b5372d60aaa0a5171fb6488be9aee6\"},\"potentialAction\":[{\"@type\":\"SearchAction\",\"target\":{\"@type\":\"EntryPoint\",\"urlTemplate\":\"https:\\\/\\\/minutocerord.com\\\/?s={search_term_string}\"},\"query-input\":{\"@type\":\"PropertyValueSpecification\",\"valueRequired\":true,\"valueName\":\"search_term_string\"}}],\"inLanguage\":\"es-DO\"},{\"@type\":[\"Person\",\"Organization\"],\"@id\":\"https:\\\/\\\/minutocerord.com\\\/#\\\/schema\\\/person\\\/60b5372d60aaa0a5171fb6488be9aee6\",\"name\":\"Genof\u00f3ntes Urb\u00e1ez\",\"image\":{\"@type\":\"ImageObject\",\"inLanguage\":\"es-DO\",\"@id\":\"https:\\\/\\\/secure.gravatar.com\\\/avatar\\\/a49ef3186a692098ac3e8a1612261e3ad70cf9e44553dff2929e67939a0ecb9d?s=96&d=identicon&r=g\",\"url\":\"https:\\\/\\\/secure.gravatar.com\\\/avatar\\\/a49ef3186a692098ac3e8a1612261e3ad70cf9e44553dff2929e67939a0ecb9d?s=96&d=identicon&r=g\",\"contentUrl\":\"https:\\\/\\\/secure.gravatar.com\\\/avatar\\\/a49ef3186a692098ac3e8a1612261e3ad70cf9e44553dff2929e67939a0ecb9d?s=96&d=identicon&r=g\",\"caption\":\"Genof\u00f3ntes Urb\u00e1ez\"},\"logo\":{\"@id\":\"https:\\\/\\\/secure.gravatar.com\\\/avatar\\\/a49ef3186a692098ac3e8a1612261e3ad70cf9e44553dff2929e67939a0ecb9d?s=96&d=identicon&r=g\"},\"description\":\"Periodista \\\/ Locutor\",\"sameAs\":[\"https:\\\/\\\/www.facebook.com\\\/Genofnotes\",\"https:\\\/\\\/www.instagram.com\\\/genofnotes\\\/\"]}]}<\/script>\n<!-- \/ Yoast SEO plugin. -->","yoast_head_json":{"title":"Dictan un a\u00f1o de coerci\u00f3n a Cruz por asesinato Orlando Jorge Mera - Minuto Cero RD","robots":{"index":"index","follow":"follow","max-snippet":"max-snippet:-1","max-image-preview":"max-image-preview:large","max-video-preview":"max-video-preview:-1"},"canonical":"http:\/\/minutocerord.com\/?p=9088","og_locale":"es_ES","og_type":"article","og_title":"Dictan un a\u00f1o de coerci\u00f3n a Cruz por asesinato Orlando Jorge Mera - Minuto Cero RD","og_description":"SANTO DOMINGO.-\u00a0 \u00a0El Juez titular del Segundo Juzgado de la Instrucci\u00f3n del Distrito Nacional impuso un a\u00f1o de prisi\u00f3n preventiva a Fausto Miguel Cruz, por el asesinato del ministro de Medio Ambiente, Orlando Jorge Mera. El magistrado Rigoberto Sena dispuso que el confeso asesino cumplir\u00e1 la prisi\u00f3n preventiva en el Centro Correccional Najayo Hombre. \u00abEl [&hellip;]","og_url":"http:\/\/minutocerord.com\/?p=9088","og_site_name":"Minuto Cero RD","article_publisher":"https:\/\/www.facebook.com\/Genofnotes","article_author":"https:\/\/www.facebook.com\/Genofnotes","article_published_time":"2022-06-12T12:09:12+00:00","article_modified_time":"2022-06-12T12:09:15+00:00","og_image":[{"width":950,"height":471,"url":"https:\/\/i0.wp.com\/minutocerord.com\/wp-content\/uploads\/2022\/06\/CRUZ.png?fit=950%2C471","type":"image\/png"}],"author":"Genof\u00f3ntes Urb\u00e1ez","twitter_card":"summary_large_image","twitter_misc":{"Written by":"Genof\u00f3ntes Urb\u00e1ez","Est. reading time":"2 minutos"},"schema":{"@context":"https:\/\/schema.org","@graph":[{"@type":"Article","@id":"http:\/\/minutocerord.com\/?p=9088#article","isPartOf":{"@id":"http:\/\/minutocerord.com\/?p=9088"},"author":{"name":"Genof\u00f3ntes Urb\u00e1ez","@id":"https:\/\/minutocerord.com\/#\/schema\/person\/60b5372d60aaa0a5171fb6488be9aee6"},"headline":"Dictan un a\u00f1o de coerci\u00f3n a Cruz por asesinato Orlando Jorge Mera","datePublished":"2022-06-12T12:09:12+00:00","dateModified":"2022-06-12T12:09:15+00:00","mainEntityOfPage":{"@id":"http:\/\/minutocerord.com\/?p=9088"},"wordCount":249,"commentCount":0,"publisher":{"@id":"https:\/\/minutocerord.com\/#\/schema\/person\/60b5372d60aaa0a5171fb6488be9aee6"},"image":{"@id":"http:\/\/minutocerord.com\/?p=9088#primaryimage"},"thumbnailUrl":"https:\/\/i0.wp.com\/minutocerord.com\/wp-content\/uploads\/2022\/06\/CRUZ.png?fit=950%2C471&ssl=1","articleSection":["Justicia"],"inLanguage":"es-DO","potentialAction":[{"@type":"CommentAction","name":"Comment","target":["http:\/\/minutocerord.com\/?p=9088#respond"]}]},{"@type":"WebPage","@id":"http:\/\/minutocerord.com\/?p=9088","url":"http:\/\/minutocerord.com\/?p=9088","name":"Dictan un a\u00f1o de coerci\u00f3n a Cruz por asesinato Orlando Jorge Mera - Minuto Cero RD","isPartOf":{"@id":"https:\/\/minutocerord.com\/#website"},"primaryImageOfPage":{"@id":"http:\/\/minutocerord.com\/?p=9088#primaryimage"},"image":{"@id":"http:\/\/minutocerord.com\/?p=9088#primaryimage"},"thumbnailUrl":"https:\/\/i0.wp.com\/minutocerord.com\/wp-content\/uploads\/2022\/06\/CRUZ.png?fit=950%2C471&ssl=1","datePublished":"2022-06-12T12:09:12+00:00","dateModified":"2022-06-12T12:09:15+00:00","breadcrumb":{"@id":"http:\/\/minutocerord.com\/?p=9088#breadcrumb"},"inLanguage":"es-DO","potentialAction":[{"@type":"ReadAction","target":["http:\/\/minutocerord.com\/?p=9088"]}]},{"@type":"ImageObject","inLanguage":"es-DO","@id":"http:\/\/minutocerord.com\/?p=9088#primaryimage","url":"https:\/\/i0.wp.com\/minutocerord.com\/wp-content\/uploads\/2022\/06\/CRUZ.png?fit=950%2C471&ssl=1","contentUrl":"https:\/\/i0.wp.com\/minutocerord.com\/wp-content\/uploads\/2022\/06\/CRUZ.png?fit=950%2C471&ssl=1","width":950,"height":471},{"@type":"BreadcrumbList","@id":"http:\/\/minutocerord.com\/?p=9088#breadcrumb","itemListElement":[{"@type":"ListItem","position":1,"name":"Home","item":"https:\/\/minutocerord.com\/"},{"@type":"ListItem","position":2,"name":"Dictan un a\u00f1o de coerci\u00f3n a Cruz por asesinato Orlando Jorge Mera"}]},{"@type":"WebSite","@id":"https:\/\/minutocerord.com\/#website","url":"https:\/\/minutocerord.com\/","name":"Minuto Cero RD","description":"Periodismo serio y veraz","publisher":{"@id":"https:\/\/minutocerord.com\/#\/schema\/person\/60b5372d60aaa0a5171fb6488be9aee6"},"potentialAction":[{"@type":"SearchAction","target":{"@type":"EntryPoint","urlTemplate":"https:\/\/minutocerord.com\/?s={search_term_string}"},"query-input":{"@type":"PropertyValueSpecification","valueRequired":true,"valueName":"search_term_string"}}],"inLanguage":"es-DO"},{"@type":["Person","Organization"],"@id":"https:\/\/minutocerord.com\/#\/schema\/person\/60b5372d60aaa0a5171fb6488be9aee6","name":"Genof\u00f3ntes Urb\u00e1ez","image":{"@type":"ImageObject","inLanguage":"es-DO","@id":"https:\/\/secure.gravatar.com\/avatar\/a49ef3186a692098ac3e8a1612261e3ad70cf9e44553dff2929e67939a0ecb9d?s=96&d=identicon&r=g","url":"https:\/\/secure.gravatar.com\/avatar\/a49ef3186a692098ac3e8a1612261e3ad70cf9e44553dff2929e67939a0ecb9d?s=96&d=identicon&r=g","contentUrl":"https:\/\/secure.gravatar.com\/avatar\/a49ef3186a692098ac3e8a1612261e3ad70cf9e44553dff2929e67939a0ecb9d?s=96&d=identicon&r=g","caption":"Genof\u00f3ntes Urb\u00e1ez"},"logo":{"@id":"https:\/\/secure.gravatar.com\/avatar\/a49ef3186a692098ac3e8a1612261e3ad70cf9e44553dff2929e67939a0ecb9d?s=96&d=identicon&r=g"},"description":"Periodista \/ Locutor","sameAs":["https:\/\/www.facebook.com\/Genofnotes","https:\/\/www.instagram.com\/genofnotes\/"]}]}},"jetpack_publicize_connections":[],"jetpack_featured_media_url":"https:\/\/i0.wp.com\/minutocerord.com\/wp-content\/uploads\/2022\/06\/CRUZ.png?fit=950%2C471&ssl=1","jetpack-related-posts":[],"jetpack_sharing_enabled":true,"_links":{"self":[{"href":"https:\/\/minutocerord.com\/index.php?rest_route=\/wp\/v2\/posts\/9088","targetHints":{"allow":["GET"]}}],"collection":[{"href":"https:\/\/minutocerord.com\/index.php?rest_route=\/wp\/v2\/posts"}],"about":[{"href":"https:\/\/minutocerord.com\/index.php?rest_route=\/wp\/v2\/types\/post"}],"author":[{"embeddable":true,"href":"https:\/\/minutocerord.com\/index.php?rest_route=\/wp\/v2\/users\/1"}],"replies":[{"embeddable":true,"href":"https:\/\/minutocerord.com\/index.php?rest_route=%2Fwp%2Fv2%2Fcomments&post=9088"}],"version-history":[{"count":1,"href":"https:\/\/minutocerord.com\/index.php?rest_route=\/wp\/v2\/posts\/9088\/revisions"}],"predecessor-version":[{"id":9090,"href":"https:\/\/minutocerord.com\/index.php?rest_route=\/wp\/v2\/posts\/9088\/revisions\/9090"}],"wp:featuredmedia":[{"embeddable":true,"href":"https:\/\/minutocerord.com\/index.php?rest_route=\/wp\/v2\/media\/9089"}],"wp:attachment":[{"href":"https:\/\/minutocerord.com\/index.php?rest_route=%2Fwp%2Fv2%2Fmedia&parent=9088"}],"wp:term":[{"taxonomy":"category","embeddable":true,"href":"https:\/\/minutocerord.com\/index.php?rest_route=%2Fwp%2Fv2%2Fcategories&post=9088"},{"taxonomy":"post_tag","embeddable":true,"href":"https:\/\/minutocerord.com\/index.php?rest_route=%2Fwp%2Fv2%2Ftags&post=9088"}],"curies":[{"name":"wp","href":"https:\/\/api.w.org\/{rel}","templated":true}]}}