{"id":9098,"date":"2022-06-12T08:51:49","date_gmt":"2022-06-12T12:51:49","guid":{"rendered":"https:\/\/minutocerord.com\/?p=9098"},"modified":"2022-06-12T08:51:52","modified_gmt":"2022-06-12T12:51:52","slug":"pandilla-asalta-y-toma-control-de-palacio-de-justicia-en-haiti","status":"publish","type":"post","link":"https:\/\/minutocerord.com\/?p=9098","title":{"rendered":"Pandilla asalta y toma control de Palacio de Justicia en Hait\u00ed"},"content":{"rendered":"\n<p><strong>Puerto Pr\u00edncipe.- <\/strong>Individuos armados asaltaron y tomaron control del Palacio de Justicia de Hait\u00ed, situado en un desfavorable barrio de la capital bajo la influencia de las pandillas, confirm\u00f3 el comisario de Gobierno, Jacques Lafontant.<\/p>\n\n\n\n<p>Los hechos sucedieron este viernes cuando el grupo, supuestamente integrado por miembros de la pandilla Cinco segundos, irrumpi\u00f3 en la sede judicial y dispar\u00f3 hacia diversas direcciones, pese a la resistencia policial.<\/p>\n\n\n\n<p>Medios locales indicaron que varias personas resultaron heridas, aunque por el momento no se reportan fallecidos.<\/p>\n\n\n\n<p>Lafontant precis\u00f3 a la prensa que al menos seis veh\u00edculos de las fuerzas del orden y otros cuatros pertenecientes a comisarios de Gobierno se encuentran ahora en manos de la banda.<\/p>\n\n\n\n<p>El atraco ocurri\u00f3 horas despu\u00e9s de que la propia pandilla secuestrara dos autobuses con 36 pasajeros que se dirig\u00edan a Mirago\u00e2ne, principal ciudad del sure\u00f1o departamento de Nippes.<\/p>\n\n\n\n<p>En un video divulgado en las redes social, uno de los presuntos secuestradores muestra los rostros de los rehenes, y asegura que el acto responde a la ejecuci\u00f3n sumaria de un integrante de banda conocido como Zo Pwon por el comisario del Gobierno de Mirago\u00e2ne, Jean Ernest Muscadin.<\/p>\n\n\n\n<p>La demostraci\u00f3n de fuerza de la pandilla tambi\u00e9n tuvo lugar en la misma jornada en la que el primer ministro, Ariel Henry, reconoci\u00f3 durante su intervenci\u00f3n ante la IX Cumbre de las Am\u00e9ricas, que las pandillas armadas roban, violan, asesinan y secuestran tanto a nacionales como a extranjeros, y sus actividades delictivas impiden la libre circulaci\u00f3n de personas.<\/p>\n\n\n\n<p>El pasado lunes, Lafontant denunci\u00f3 un nuevo saqueo del Tribunal de Primera Instancia, situado en el Palacio de Justicia, y calific\u00f3 los actos de repulsivos. Ese fue el segundo acto de este tipo en menos de un mes y el tercero desde octubre.<\/p>\n\n\n\n<p>Por su parte, Naciones Unidas critic\u00f3 recientemente el auge de la violencia de las pandillas, y lament\u00f3 que solo en mayo unas 200 personas fueron secuestradas y una cifra similar asesinadas durante los enfrentamientos de las bandas por el control del noreste de Puerto Pr\u00edncipe.<\/p>\n","protected":false},"excerpt":{"rendered":"<p>Puerto Pr\u00edncipe.- Individuos armados asaltaron y tomaron control del Palacio de Justicia de Hait\u00ed, situado en un desfavorable barrio de la capital bajo la influencia de las pandillas, confirm\u00f3 el comisario de Gobierno, Jacques Lafontant. Los hechos sucedieron este viernes cuando el grupo, supuestamente integrado por miembros de la pandilla Cinco segundos, irrumpi\u00f3 en la [&hellip;]<\/p>\n","protected":false},"author":1,"featured_media":9099,"comment_status":"open","ping_status":"open","sticky":false,"template":"","format":"standard","meta":{"nf_dc_page":"","jetpack_post_was_ever_published":false,"_jetpack_newsletter_access":"","_jetpack_dont_email_post_to_subs":false,"_jetpack_newsletter_tier_id":0,"_jetpack_memberships_contains_paywalled_content":false,"_jetpack_memberships_contains_paid_content":false,"footnotes":"","jetpack_publicize_message":"","jetpack_publicize_feature_enabled":true,"jetpack_social_post_already_shared":false,"jetpack_social_options":{"image_generator_settings":{"template":"highway","default_image_id":0,"font":"","enabled":false},"version":2}},"categories":[75],"tags":[],"class_list":["post-9098","post","type-post","status-publish","format-standard","has-post-thumbnail","hentry","category-haiti"],"yoast_head":"<!-- This site is optimized with the Yoast SEO plugin v27.4 - https:\/\/yoast.com\/product\/yoast-seo-wordpress\/ -->\n<title>Pandilla asalta y toma control de Palacio de Justicia en Hait\u00ed - Minuto Cero RD<\/title>\n<meta name=\"robots\" content=\"index, follow, max-snippet:-1, max-image-preview:large, max-video-preview:-1\" \/>\n<link rel=\"canonical\" href=\"https:\/\/minutocerord.com\/?p=9098\" \/>\n<meta property=\"og:locale\" content=\"es_ES\" \/>\n<meta property=\"og:type\" content=\"article\" \/>\n<meta property=\"og:title\" content=\"Pandilla asalta y toma control de Palacio de Justicia en Hait\u00ed - Minuto Cero RD\" \/>\n<meta property=\"og:description\" content=\"Puerto Pr\u00edncipe.- Individuos armados asaltaron y tomaron control del Palacio de Justicia de Hait\u00ed, situado en un desfavorable barrio de la capital bajo la influencia de las pandillas, confirm\u00f3 el comisario de Gobierno, Jacques Lafontant. Los hechos sucedieron este viernes cuando el grupo, supuestamente integrado por miembros de la pandilla Cinco segundos, irrumpi\u00f3 en la [&hellip;]\" \/>\n<meta property=\"og:url\" content=\"https:\/\/minutocerord.com\/?p=9098\" \/>\n<meta property=\"og:site_name\" content=\"Minuto Cero RD\" \/>\n<meta property=\"article:publisher\" content=\"https:\/\/www.facebook.com\/Genofnotes\" \/>\n<meta property=\"article:author\" content=\"https:\/\/www.facebook.com\/Genofnotes\" \/>\n<meta property=\"article:published_time\" content=\"2022-06-12T12:51:49+00:00\" \/>\n<meta property=\"article:modified_time\" content=\"2022-06-12T12:51:52+00:00\" \/>\n<meta property=\"og:image\" content=\"https:\/\/i0.wp.com\/minutocerord.com\/wp-content\/uploads\/2022\/06\/HAITITROPAS.jpg?fit=691%2C470&ssl=1\" \/>\n\t<meta property=\"og:image:width\" content=\"691\" \/>\n\t<meta property=\"og:image:height\" content=\"470\" \/>\n\t<meta property=\"og:image:type\" content=\"image\/jpeg\" \/>\n<meta name=\"author\" content=\"Genof\u00f3ntes Urb\u00e1ez\" \/>\n<meta name=\"twitter:card\" content=\"summary_large_image\" \/>\n<meta name=\"twitter:label1\" content=\"Written by\" \/>\n\t<meta name=\"twitter:data1\" content=\"Genof\u00f3ntes Urb\u00e1ez\" \/>\n\t<meta name=\"twitter:label2\" content=\"Est. reading time\" \/>\n\t<meta name=\"twitter:data2\" content=\"2 minutos\" \/>\n<script type=\"application\/ld+json\" class=\"yoast-schema-graph\">{\"@context\":\"https:\\\/\\\/schema.org\",\"@graph\":[{\"@type\":\"Article\",\"@id\":\"https:\\\/\\\/minutocerord.com\\\/?p=9098#article\",\"isPartOf\":{\"@id\":\"https:\\\/\\\/minutocerord.com\\\/?p=9098\"},\"author\":{\"name\":\"Genof\u00f3ntes Urb\u00e1ez\",\"@id\":\"https:\\\/\\\/minutocerord.com\\\/#\\\/schema\\\/person\\\/60b5372d60aaa0a5171fb6488be9aee6\"},\"headline\":\"Pandilla asalta y toma control de Palacio de Justicia en Hait\u00ed\",\"datePublished\":\"2022-06-12T12:51:49+00:00\",\"dateModified\":\"2022-06-12T12:51:52+00:00\",\"mainEntityOfPage\":{\"@id\":\"https:\\\/\\\/minutocerord.com\\\/?p=9098\"},\"wordCount\":360,\"commentCount\":0,\"publisher\":{\"@id\":\"https:\\\/\\\/minutocerord.com\\\/#\\\/schema\\\/person\\\/60b5372d60aaa0a5171fb6488be9aee6\"},\"image\":{\"@id\":\"https:\\\/\\\/minutocerord.com\\\/?p=9098#primaryimage\"},\"thumbnailUrl\":\"https:\\\/\\\/i0.wp.com\\\/minutocerord.com\\\/wp-content\\\/uploads\\\/2022\\\/06\\\/HAITITROPAS.jpg?fit=691%2C470&ssl=1\",\"articleSection\":[\"Hait\u00ed\"],\"inLanguage\":\"es-DO\",\"potentialAction\":[{\"@type\":\"CommentAction\",\"name\":\"Comment\",\"target\":[\"https:\\\/\\\/minutocerord.com\\\/?p=9098#respond\"]}]},{\"@type\":\"WebPage\",\"@id\":\"https:\\\/\\\/minutocerord.com\\\/?p=9098\",\"url\":\"https:\\\/\\\/minutocerord.com\\\/?p=9098\",\"name\":\"Pandilla asalta y toma control de Palacio de Justicia en Hait\u00ed - Minuto Cero RD\",\"isPartOf\":{\"@id\":\"https:\\\/\\\/minutocerord.com\\\/#website\"},\"primaryImageOfPage\":{\"@id\":\"https:\\\/\\\/minutocerord.com\\\/?p=9098#primaryimage\"},\"image\":{\"@id\":\"https:\\\/\\\/minutocerord.com\\\/?p=9098#primaryimage\"},\"thumbnailUrl\":\"https:\\\/\\\/i0.wp.com\\\/minutocerord.com\\\/wp-content\\\/uploads\\\/2022\\\/06\\\/HAITITROPAS.jpg?fit=691%2C470&ssl=1\",\"datePublished\":\"2022-06-12T12:51:49+00:00\",\"dateModified\":\"2022-06-12T12:51:52+00:00\",\"breadcrumb\":{\"@id\":\"https:\\\/\\\/minutocerord.com\\\/?p=9098#breadcrumb\"},\"inLanguage\":\"es-DO\",\"potentialAction\":[{\"@type\":\"ReadAction\",\"target\":[\"https:\\\/\\\/minutocerord.com\\\/?p=9098\"]}]},{\"@type\":\"ImageObject\",\"inLanguage\":\"es-DO\",\"@id\":\"https:\\\/\\\/minutocerord.com\\\/?p=9098#primaryimage\",\"url\":\"https:\\\/\\\/i0.wp.com\\\/minutocerord.com\\\/wp-content\\\/uploads\\\/2022\\\/06\\\/HAITITROPAS.jpg?fit=691%2C470&ssl=1\",\"contentUrl\":\"https:\\\/\\\/i0.wp.com\\\/minutocerord.com\\\/wp-content\\\/uploads\\\/2022\\\/06\\\/HAITITROPAS.jpg?fit=691%2C470&ssl=1\",\"width\":691,\"height\":470},{\"@type\":\"BreadcrumbList\",\"@id\":\"https:\\\/\\\/minutocerord.com\\\/?p=9098#breadcrumb\",\"itemListElement\":[{\"@type\":\"ListItem\",\"position\":1,\"name\":\"Home\",\"item\":\"https:\\\/\\\/minutocerord.com\\\/\"},{\"@type\":\"ListItem\",\"position\":2,\"name\":\"Pandilla asalta y toma control de Palacio de Justicia en Hait\u00ed\"}]},{\"@type\":\"WebSite\",\"@id\":\"https:\\\/\\\/minutocerord.com\\\/#website\",\"url\":\"https:\\\/\\\/minutocerord.com\\\/\",\"name\":\"Minuto Cero RD\",\"description\":\"Periodismo serio y veraz\",\"publisher\":{\"@id\":\"https:\\\/\\\/minutocerord.com\\\/#\\\/schema\\\/person\\\/60b5372d60aaa0a5171fb6488be9aee6\"},\"potentialAction\":[{\"@type\":\"SearchAction\",\"target\":{\"@type\":\"EntryPoint\",\"urlTemplate\":\"https:\\\/\\\/minutocerord.com\\\/?s={search_term_string}\"},\"query-input\":{\"@type\":\"PropertyValueSpecification\",\"valueRequired\":true,\"valueName\":\"search_term_string\"}}],\"inLanguage\":\"es-DO\"},{\"@type\":[\"Person\",\"Organization\"],\"@id\":\"https:\\\/\\\/minutocerord.com\\\/#\\\/schema\\\/person\\\/60b5372d60aaa0a5171fb6488be9aee6\",\"name\":\"Genof\u00f3ntes Urb\u00e1ez\",\"image\":{\"@type\":\"ImageObject\",\"inLanguage\":\"es-DO\",\"@id\":\"https:\\\/\\\/secure.gravatar.com\\\/avatar\\\/a49ef3186a692098ac3e8a1612261e3ad70cf9e44553dff2929e67939a0ecb9d?s=96&d=identicon&r=g\",\"url\":\"https:\\\/\\\/secure.gravatar.com\\\/avatar\\\/a49ef3186a692098ac3e8a1612261e3ad70cf9e44553dff2929e67939a0ecb9d?s=96&d=identicon&r=g\",\"contentUrl\":\"https:\\\/\\\/secure.gravatar.com\\\/avatar\\\/a49ef3186a692098ac3e8a1612261e3ad70cf9e44553dff2929e67939a0ecb9d?s=96&d=identicon&r=g\",\"caption\":\"Genof\u00f3ntes Urb\u00e1ez\"},\"logo\":{\"@id\":\"https:\\\/\\\/secure.gravatar.com\\\/avatar\\\/a49ef3186a692098ac3e8a1612261e3ad70cf9e44553dff2929e67939a0ecb9d?s=96&d=identicon&r=g\"},\"description\":\"Periodista \\\/ Locutor\",\"sameAs\":[\"https:\\\/\\\/www.facebook.com\\\/Genofnotes\",\"https:\\\/\\\/www.instagram.com\\\/genofnotes\\\/\"]}]}<\/script>\n<!-- \/ Yoast SEO plugin. -->","yoast_head_json":{"title":"Pandilla asalta y toma control de Palacio de Justicia en Hait\u00ed - Minuto Cero RD","robots":{"index":"index","follow":"follow","max-snippet":"max-snippet:-1","max-image-preview":"max-image-preview:large","max-video-preview":"max-video-preview:-1"},"canonical":"https:\/\/minutocerord.com\/?p=9098","og_locale":"es_ES","og_type":"article","og_title":"Pandilla asalta y toma control de Palacio de Justicia en Hait\u00ed - Minuto Cero RD","og_description":"Puerto Pr\u00edncipe.- Individuos armados asaltaron y tomaron control del Palacio de Justicia de Hait\u00ed, situado en un desfavorable barrio de la capital bajo la influencia de las pandillas, confirm\u00f3 el comisario de Gobierno, Jacques Lafontant. Los hechos sucedieron este viernes cuando el grupo, supuestamente integrado por miembros de la pandilla Cinco segundos, irrumpi\u00f3 en la [&hellip;]","og_url":"https:\/\/minutocerord.com\/?p=9098","og_site_name":"Minuto Cero RD","article_publisher":"https:\/\/www.facebook.com\/Genofnotes","article_author":"https:\/\/www.facebook.com\/Genofnotes","article_published_time":"2022-06-12T12:51:49+00:00","article_modified_time":"2022-06-12T12:51:52+00:00","og_image":[{"width":691,"height":470,"url":"https:\/\/i0.wp.com\/minutocerord.com\/wp-content\/uploads\/2022\/06\/HAITITROPAS.jpg?fit=691%2C470&ssl=1","type":"image\/jpeg"}],"author":"Genof\u00f3ntes Urb\u00e1ez","twitter_card":"summary_large_image","twitter_misc":{"Written by":"Genof\u00f3ntes Urb\u00e1ez","Est. reading time":"2 minutos"},"schema":{"@context":"https:\/\/schema.org","@graph":[{"@type":"Article","@id":"https:\/\/minutocerord.com\/?p=9098#article","isPartOf":{"@id":"https:\/\/minutocerord.com\/?p=9098"},"author":{"name":"Genof\u00f3ntes Urb\u00e1ez","@id":"https:\/\/minutocerord.com\/#\/schema\/person\/60b5372d60aaa0a5171fb6488be9aee6"},"headline":"Pandilla asalta y toma control de Palacio de Justicia en Hait\u00ed","datePublished":"2022-06-12T12:51:49+00:00","dateModified":"2022-06-12T12:51:52+00:00","mainEntityOfPage":{"@id":"https:\/\/minutocerord.com\/?p=9098"},"wordCount":360,"commentCount":0,"publisher":{"@id":"https:\/\/minutocerord.com\/#\/schema\/person\/60b5372d60aaa0a5171fb6488be9aee6"},"image":{"@id":"https:\/\/minutocerord.com\/?p=9098#primaryimage"},"thumbnailUrl":"https:\/\/i0.wp.com\/minutocerord.com\/wp-content\/uploads\/2022\/06\/HAITITROPAS.jpg?fit=691%2C470&ssl=1","articleSection":["Hait\u00ed"],"inLanguage":"es-DO","potentialAction":[{"@type":"CommentAction","name":"Comment","target":["https:\/\/minutocerord.com\/?p=9098#respond"]}]},{"@type":"WebPage","@id":"https:\/\/minutocerord.com\/?p=9098","url":"https:\/\/minutocerord.com\/?p=9098","name":"Pandilla asalta y toma control de Palacio de Justicia en Hait\u00ed - Minuto Cero RD","isPartOf":{"@id":"https:\/\/minutocerord.com\/#website"},"primaryImageOfPage":{"@id":"https:\/\/minutocerord.com\/?p=9098#primaryimage"},"image":{"@id":"https:\/\/minutocerord.com\/?p=9098#primaryimage"},"thumbnailUrl":"https:\/\/i0.wp.com\/minutocerord.com\/wp-content\/uploads\/2022\/06\/HAITITROPAS.jpg?fit=691%2C470&ssl=1","datePublished":"2022-06-12T12:51:49+00:00","dateModified":"2022-06-12T12:51:52+00:00","breadcrumb":{"@id":"https:\/\/minutocerord.com\/?p=9098#breadcrumb"},"inLanguage":"es-DO","potentialAction":[{"@type":"ReadAction","target":["https:\/\/minutocerord.com\/?p=9098"]}]},{"@type":"ImageObject","inLanguage":"es-DO","@id":"https:\/\/minutocerord.com\/?p=9098#primaryimage","url":"https:\/\/i0.wp.com\/minutocerord.com\/wp-content\/uploads\/2022\/06\/HAITITROPAS.jpg?fit=691%2C470&ssl=1","contentUrl":"https:\/\/i0.wp.com\/minutocerord.com\/wp-content\/uploads\/2022\/06\/HAITITROPAS.jpg?fit=691%2C470&ssl=1","width":691,"height":470},{"@type":"BreadcrumbList","@id":"https:\/\/minutocerord.com\/?p=9098#breadcrumb","itemListElement":[{"@type":"ListItem","position":1,"name":"Home","item":"https:\/\/minutocerord.com\/"},{"@type":"ListItem","position":2,"name":"Pandilla asalta y toma control de Palacio de Justicia en Hait\u00ed"}]},{"@type":"WebSite","@id":"https:\/\/minutocerord.com\/#website","url":"https:\/\/minutocerord.com\/","name":"Minuto Cero RD","description":"Periodismo serio y veraz","publisher":{"@id":"https:\/\/minutocerord.com\/#\/schema\/person\/60b5372d60aaa0a5171fb6488be9aee6"},"potentialAction":[{"@type":"SearchAction","target":{"@type":"EntryPoint","urlTemplate":"https:\/\/minutocerord.com\/?s={search_term_string}"},"query-input":{"@type":"PropertyValueSpecification","valueRequired":true,"valueName":"search_term_string"}}],"inLanguage":"es-DO"},{"@type":["Person","Organization"],"@id":"https:\/\/minutocerord.com\/#\/schema\/person\/60b5372d60aaa0a5171fb6488be9aee6","name":"Genof\u00f3ntes Urb\u00e1ez","image":{"@type":"ImageObject","inLanguage":"es-DO","@id":"https:\/\/secure.gravatar.com\/avatar\/a49ef3186a692098ac3e8a1612261e3ad70cf9e44553dff2929e67939a0ecb9d?s=96&d=identicon&r=g","url":"https:\/\/secure.gravatar.com\/avatar\/a49ef3186a692098ac3e8a1612261e3ad70cf9e44553dff2929e67939a0ecb9d?s=96&d=identicon&r=g","contentUrl":"https:\/\/secure.gravatar.com\/avatar\/a49ef3186a692098ac3e8a1612261e3ad70cf9e44553dff2929e67939a0ecb9d?s=96&d=identicon&r=g","caption":"Genof\u00f3ntes Urb\u00e1ez"},"logo":{"@id":"https:\/\/secure.gravatar.com\/avatar\/a49ef3186a692098ac3e8a1612261e3ad70cf9e44553dff2929e67939a0ecb9d?s=96&d=identicon&r=g"},"description":"Periodista \/ Locutor","sameAs":["https:\/\/www.facebook.com\/Genofnotes","https:\/\/www.instagram.com\/genofnotes\/"]}]}},"jetpack_publicize_connections":[],"jetpack_featured_media_url":"https:\/\/i0.wp.com\/minutocerord.com\/wp-content\/uploads\/2022\/06\/HAITITROPAS.jpg?fit=691%2C470&ssl=1","jetpack-related-posts":[],"jetpack_sharing_enabled":true,"_links":{"self":[{"href":"https:\/\/minutocerord.com\/index.php?rest_route=\/wp\/v2\/posts\/9098","targetHints":{"allow":["GET"]}}],"collection":[{"href":"https:\/\/minutocerord.com\/index.php?rest_route=\/wp\/v2\/posts"}],"about":[{"href":"https:\/\/minutocerord.com\/index.php?rest_route=\/wp\/v2\/types\/post"}],"author":[{"embeddable":true,"href":"https:\/\/minutocerord.com\/index.php?rest_route=\/wp\/v2\/users\/1"}],"replies":[{"embeddable":true,"href":"https:\/\/minutocerord.com\/index.php?rest_route=%2Fwp%2Fv2%2Fcomments&post=9098"}],"version-history":[{"count":1,"href":"https:\/\/minutocerord.com\/index.php?rest_route=\/wp\/v2\/posts\/9098\/revisions"}],"predecessor-version":[{"id":9100,"href":"https:\/\/minutocerord.com\/index.php?rest_route=\/wp\/v2\/posts\/9098\/revisions\/9100"}],"wp:featuredmedia":[{"embeddable":true,"href":"https:\/\/minutocerord.com\/index.php?rest_route=\/wp\/v2\/media\/9099"}],"wp:attachment":[{"href":"https:\/\/minutocerord.com\/index.php?rest_route=%2Fwp%2Fv2%2Fmedia&parent=9098"}],"wp:term":[{"taxonomy":"category","embeddable":true,"href":"https:\/\/minutocerord.com\/index.php?rest_route=%2Fwp%2Fv2%2Fcategories&post=9098"},{"taxonomy":"post_tag","embeddable":true,"href":"https:\/\/minutocerord.com\/index.php?rest_route=%2Fwp%2Fv2%2Ftags&post=9098"}],"curies":[{"name":"wp","href":"https:\/\/api.w.org\/{rel}","templated":true}]}}