{"id":9101,"date":"2022-06-12T09:00:41","date_gmt":"2022-06-12T13:00:41","guid":{"rendered":"https:\/\/minutocerord.com\/?p=9101"},"modified":"2022-06-12T09:00:43","modified_gmt":"2022-06-12T13:00:43","slug":"eeuu-miles-exigen-en-las-calles-mayor-control-en-posesion-armas","status":"publish","type":"post","link":"https:\/\/minutocerord.com\/?p=9101","title":{"rendered":"EEUU: Miles exigen en las calles mayor control en posesi\u00f3n armas"},"content":{"rendered":"\n<p>WASHINGTON.- Miles de manifestantes han salido este s\u00e1bado a las calles de las principales ciudades de Estados Unidos para exigir mayor control para la posesi\u00f3n de armas tras las recientes masacres.<\/p>\n\n\n\n<p>Hay unas 300 protestas convocadas en Washington, Florida, M\u00edchigan, Portland o Nueva York en una ola iniciada tras la muerte de 19 menores y dos profesoras asesinadas en un colegio de Uvalde, Texas, y el asesinato de diez personas negras en un supermercado de Buffalo, Nueva York.<\/p>\n\n\n\n<p>Las manifestaciones han sido convocadas por la Marcha por Nuestra Vida, una organizaci\u00f3n fundada por estudiantes supervivientes de la matanza perpetrada en un instituto de Parkland, Florida, en 2018, cuando murieron 17 personas.<\/p>\n\n\n\n<p>\u00abBasta\u00bb, ha declarado la alcaldesa del Distrito de Columbia, Muriel Bowser, durante la manifestaci\u00f3n en la capital federal. \u00abPuedo hablar como alcaldesa, como madre, por los millones de estadounidenses y alcaldes estadounidenses que piden que el Congreso haga su trabajo. Y su trabajo es protegernos, proteger a nuestros hijos de la violencia con armas de fuego\u00bb, ha apuntado, seg\u00fan recoge la cadena CBS.<\/p>\n\n\n\n<p>Todos los oradores han apelado a los senadores, principal escollo para imponer mayor control a la tenencia de armas, y les han advertido de que no ser\u00e1n reelegidos si no act\u00faan.<\/p>\n\n\n\n<p>\u00abSi nuestro gobierno no puede hacer nada para evitar que 19 ni\u00f1os sean asesinados en su propio colegio, que sean decapitados, ha llegado el momento de cambiar qui\u00e9n gobierna\u00bb, ha planteado David Hogg, superviviente del ataque de Parkland.<\/p>\n\n\n\n<p>Otra superviviente y fundadora de la Marcha por Nuestras Vidas, X Gonz\u00e1lez, ha recordado que \u00abnos est\u00e1n matando\u00bb y ha implorado al Congreso que intervenga.<\/p>\n\n\n\n<p>\u00abEsta vez es diferente porque no es una cuesti\u00f3n pol\u00edtica, sino moral. No de derechas e izquierdas, sino de bien o mal. No se trata de condolencias y oraciones, sino de valent\u00eda y acci\u00f3n\u00bb, ha argumentado por su parte Yolanda King, nieta de Martin Luther King.<\/p>\n\n\n\n<p>Tambi\u00e9n ha habido manifestaciones en lugares tan emblem\u00e1ticos como Parkland o Brooklyn, en Nueva York, donde el alcalde neoyorquino, Eric Adams, se ha sumado a la protesta.<\/p>\n\n\n\n<p>\u00abLos ni\u00f1os no son reemplazables, pero los senadores s\u00ed. Vota\u00bb, o \u00abQuiero sentirme seguro en el colegio\u00bb han sido algunos de los lemas escritos en pancartas y se han coreado consignas contra la Asociaci\u00f3n Nacional del Rifle (NRA) principal grupo de presi\u00f3n contrario a la regulaci\u00f3n de la tenencia de armas.<\/p>\n\n\n\n<p>La primera Marcha por Nuestras Vidas reuni\u00f3n a m\u00e1s de 200.000 personas en 2018. Ahora los convocantes han apostado por manifestaciones m\u00e1s peque\u00f1as en m\u00e1s ciudades y se espera a unas 50.000 personas en Washington.<\/p>\n\n\n\n<p>Europa Press<\/p>\n","protected":false},"excerpt":{"rendered":"<p>WASHINGTON.- Miles de manifestantes han salido este s\u00e1bado a las calles de las principales ciudades de Estados Unidos para exigir mayor control para la posesi\u00f3n de armas tras las recientes masacres. Hay unas 300 protestas convocadas en Washington, Florida, M\u00edchigan, Portland o Nueva York en una ola iniciada tras la muerte de 19 menores y [&hellip;]<\/p>\n","protected":false},"author":1,"featured_media":9102,"comment_status":"open","ping_status":"open","sticky":false,"template":"","format":"standard","meta":{"nf_dc_page":"","jetpack_post_was_ever_published":false,"_jetpack_newsletter_access":"","_jetpack_dont_email_post_to_subs":false,"_jetpack_newsletter_tier_id":0,"_jetpack_memberships_contains_paywalled_content":false,"_jetpack_memberships_contains_paid_content":false,"footnotes":"","jetpack_publicize_message":"","jetpack_publicize_feature_enabled":true,"jetpack_social_post_already_shared":false,"jetpack_social_options":{"image_generator_settings":{"template":"highway","default_image_id":0,"font":"","enabled":false},"version":2}},"categories":[83],"tags":[],"class_list":["post-9101","post","type-post","status-publish","format-standard","has-post-thumbnail","hentry","category-estados-unidos"],"yoast_head":"<!-- This site is optimized with the Yoast SEO plugin v27.4 - https:\/\/yoast.com\/product\/yoast-seo-wordpress\/ -->\n<title>EEUU: Miles exigen en las calles mayor control en posesi\u00f3n armas - Minuto Cero RD<\/title>\n<meta name=\"robots\" content=\"index, follow, max-snippet:-1, max-image-preview:large, max-video-preview:-1\" \/>\n<link rel=\"canonical\" href=\"http:\/\/minutocerord.com\/?p=9101\" \/>\n<meta property=\"og:locale\" content=\"es_ES\" \/>\n<meta property=\"og:type\" content=\"article\" \/>\n<meta property=\"og:title\" content=\"EEUU: Miles exigen en las calles mayor control en posesi\u00f3n armas - Minuto Cero RD\" \/>\n<meta property=\"og:description\" content=\"WASHINGTON.- Miles de manifestantes han salido este s\u00e1bado a las calles de las principales ciudades de Estados Unidos para exigir mayor control para la posesi\u00f3n de armas tras las recientes masacres. Hay unas 300 protestas convocadas en Washington, Florida, M\u00edchigan, Portland o Nueva York en una ola iniciada tras la muerte de 19 menores y [&hellip;]\" \/>\n<meta property=\"og:url\" content=\"http:\/\/minutocerord.com\/?p=9101\" \/>\n<meta property=\"og:site_name\" content=\"Minuto Cero RD\" \/>\n<meta property=\"article:publisher\" content=\"https:\/\/www.facebook.com\/Genofnotes\" \/>\n<meta property=\"article:author\" content=\"https:\/\/www.facebook.com\/Genofnotes\" \/>\n<meta property=\"article:published_time\" content=\"2022-06-12T13:00:41+00:00\" \/>\n<meta property=\"article:modified_time\" content=\"2022-06-12T13:00:43+00:00\" \/>\n<meta property=\"og:image\" content=\"https:\/\/i0.wp.com\/minutocerord.com\/wp-content\/uploads\/2022\/06\/NUESTRAS-VIDAS.jpg?fit=622%2C350\" \/>\n\t<meta property=\"og:image:width\" content=\"622\" \/>\n\t<meta property=\"og:image:height\" content=\"350\" \/>\n\t<meta property=\"og:image:type\" content=\"image\/jpeg\" \/>\n<meta name=\"author\" content=\"Genof\u00f3ntes Urb\u00e1ez\" \/>\n<meta name=\"twitter:card\" content=\"summary_large_image\" \/>\n<meta name=\"twitter:label1\" content=\"Written by\" \/>\n\t<meta name=\"twitter:data1\" content=\"Genof\u00f3ntes Urb\u00e1ez\" \/>\n\t<meta name=\"twitter:label2\" content=\"Est. reading time\" \/>\n\t<meta name=\"twitter:data2\" content=\"2 minutos\" \/>\n<script type=\"application\/ld+json\" class=\"yoast-schema-graph\">{\"@context\":\"https:\\\/\\\/schema.org\",\"@graph\":[{\"@type\":\"Article\",\"@id\":\"http:\\\/\\\/minutocerord.com\\\/?p=9101#article\",\"isPartOf\":{\"@id\":\"http:\\\/\\\/minutocerord.com\\\/?p=9101\"},\"author\":{\"name\":\"Genof\u00f3ntes Urb\u00e1ez\",\"@id\":\"https:\\\/\\\/minutocerord.com\\\/#\\\/schema\\\/person\\\/60b5372d60aaa0a5171fb6488be9aee6\"},\"headline\":\"EEUU: Miles exigen en las calles mayor control en posesi\u00f3n armas\",\"datePublished\":\"2022-06-12T13:00:41+00:00\",\"dateModified\":\"2022-06-12T13:00:43+00:00\",\"mainEntityOfPage\":{\"@id\":\"http:\\\/\\\/minutocerord.com\\\/?p=9101\"},\"wordCount\":461,\"commentCount\":0,\"publisher\":{\"@id\":\"https:\\\/\\\/minutocerord.com\\\/#\\\/schema\\\/person\\\/60b5372d60aaa0a5171fb6488be9aee6\"},\"image\":{\"@id\":\"http:\\\/\\\/minutocerord.com\\\/?p=9101#primaryimage\"},\"thumbnailUrl\":\"https:\\\/\\\/i0.wp.com\\\/minutocerord.com\\\/wp-content\\\/uploads\\\/2022\\\/06\\\/NUESTRAS-VIDAS.jpg?fit=622%2C350&ssl=1\",\"articleSection\":[\"Estados Unidos\"],\"inLanguage\":\"es-DO\",\"potentialAction\":[{\"@type\":\"CommentAction\",\"name\":\"Comment\",\"target\":[\"http:\\\/\\\/minutocerord.com\\\/?p=9101#respond\"]}]},{\"@type\":\"WebPage\",\"@id\":\"http:\\\/\\\/minutocerord.com\\\/?p=9101\",\"url\":\"http:\\\/\\\/minutocerord.com\\\/?p=9101\",\"name\":\"EEUU: Miles exigen en las calles mayor control en posesi\u00f3n armas - Minuto Cero RD\",\"isPartOf\":{\"@id\":\"https:\\\/\\\/minutocerord.com\\\/#website\"},\"primaryImageOfPage\":{\"@id\":\"http:\\\/\\\/minutocerord.com\\\/?p=9101#primaryimage\"},\"image\":{\"@id\":\"http:\\\/\\\/minutocerord.com\\\/?p=9101#primaryimage\"},\"thumbnailUrl\":\"https:\\\/\\\/i0.wp.com\\\/minutocerord.com\\\/wp-content\\\/uploads\\\/2022\\\/06\\\/NUESTRAS-VIDAS.jpg?fit=622%2C350&ssl=1\",\"datePublished\":\"2022-06-12T13:00:41+00:00\",\"dateModified\":\"2022-06-12T13:00:43+00:00\",\"breadcrumb\":{\"@id\":\"http:\\\/\\\/minutocerord.com\\\/?p=9101#breadcrumb\"},\"inLanguage\":\"es-DO\",\"potentialAction\":[{\"@type\":\"ReadAction\",\"target\":[\"http:\\\/\\\/minutocerord.com\\\/?p=9101\"]}]},{\"@type\":\"ImageObject\",\"inLanguage\":\"es-DO\",\"@id\":\"http:\\\/\\\/minutocerord.com\\\/?p=9101#primaryimage\",\"url\":\"https:\\\/\\\/i0.wp.com\\\/minutocerord.com\\\/wp-content\\\/uploads\\\/2022\\\/06\\\/NUESTRAS-VIDAS.jpg?fit=622%2C350&ssl=1\",\"contentUrl\":\"https:\\\/\\\/i0.wp.com\\\/minutocerord.com\\\/wp-content\\\/uploads\\\/2022\\\/06\\\/NUESTRAS-VIDAS.jpg?fit=622%2C350&ssl=1\",\"width\":622,\"height\":350},{\"@type\":\"BreadcrumbList\",\"@id\":\"http:\\\/\\\/minutocerord.com\\\/?p=9101#breadcrumb\",\"itemListElement\":[{\"@type\":\"ListItem\",\"position\":1,\"name\":\"Home\",\"item\":\"https:\\\/\\\/minutocerord.com\\\/\"},{\"@type\":\"ListItem\",\"position\":2,\"name\":\"EEUU: Miles exigen en las calles mayor control en posesi\u00f3n armas\"}]},{\"@type\":\"WebSite\",\"@id\":\"https:\\\/\\\/minutocerord.com\\\/#website\",\"url\":\"https:\\\/\\\/minutocerord.com\\\/\",\"name\":\"Minuto Cero RD\",\"description\":\"Periodismo serio y veraz\",\"publisher\":{\"@id\":\"https:\\\/\\\/minutocerord.com\\\/#\\\/schema\\\/person\\\/60b5372d60aaa0a5171fb6488be9aee6\"},\"potentialAction\":[{\"@type\":\"SearchAction\",\"target\":{\"@type\":\"EntryPoint\",\"urlTemplate\":\"https:\\\/\\\/minutocerord.com\\\/?s={search_term_string}\"},\"query-input\":{\"@type\":\"PropertyValueSpecification\",\"valueRequired\":true,\"valueName\":\"search_term_string\"}}],\"inLanguage\":\"es-DO\"},{\"@type\":[\"Person\",\"Organization\"],\"@id\":\"https:\\\/\\\/minutocerord.com\\\/#\\\/schema\\\/person\\\/60b5372d60aaa0a5171fb6488be9aee6\",\"name\":\"Genof\u00f3ntes Urb\u00e1ez\",\"image\":{\"@type\":\"ImageObject\",\"inLanguage\":\"es-DO\",\"@id\":\"https:\\\/\\\/secure.gravatar.com\\\/avatar\\\/a49ef3186a692098ac3e8a1612261e3ad70cf9e44553dff2929e67939a0ecb9d?s=96&d=identicon&r=g\",\"url\":\"https:\\\/\\\/secure.gravatar.com\\\/avatar\\\/a49ef3186a692098ac3e8a1612261e3ad70cf9e44553dff2929e67939a0ecb9d?s=96&d=identicon&r=g\",\"contentUrl\":\"https:\\\/\\\/secure.gravatar.com\\\/avatar\\\/a49ef3186a692098ac3e8a1612261e3ad70cf9e44553dff2929e67939a0ecb9d?s=96&d=identicon&r=g\",\"caption\":\"Genof\u00f3ntes Urb\u00e1ez\"},\"logo\":{\"@id\":\"https:\\\/\\\/secure.gravatar.com\\\/avatar\\\/a49ef3186a692098ac3e8a1612261e3ad70cf9e44553dff2929e67939a0ecb9d?s=96&d=identicon&r=g\"},\"description\":\"Periodista \\\/ Locutor\",\"sameAs\":[\"https:\\\/\\\/www.facebook.com\\\/Genofnotes\",\"https:\\\/\\\/www.instagram.com\\\/genofnotes\\\/\"]}]}<\/script>\n<!-- \/ Yoast SEO plugin. -->","yoast_head_json":{"title":"EEUU: Miles exigen en las calles mayor control en posesi\u00f3n armas - Minuto Cero RD","robots":{"index":"index","follow":"follow","max-snippet":"max-snippet:-1","max-image-preview":"max-image-preview:large","max-video-preview":"max-video-preview:-1"},"canonical":"http:\/\/minutocerord.com\/?p=9101","og_locale":"es_ES","og_type":"article","og_title":"EEUU: Miles exigen en las calles mayor control en posesi\u00f3n armas - Minuto Cero RD","og_description":"WASHINGTON.- Miles de manifestantes han salido este s\u00e1bado a las calles de las principales ciudades de Estados Unidos para exigir mayor control para la posesi\u00f3n de armas tras las recientes masacres. Hay unas 300 protestas convocadas en Washington, Florida, M\u00edchigan, Portland o Nueva York en una ola iniciada tras la muerte de 19 menores y [&hellip;]","og_url":"http:\/\/minutocerord.com\/?p=9101","og_site_name":"Minuto Cero RD","article_publisher":"https:\/\/www.facebook.com\/Genofnotes","article_author":"https:\/\/www.facebook.com\/Genofnotes","article_published_time":"2022-06-12T13:00:41+00:00","article_modified_time":"2022-06-12T13:00:43+00:00","og_image":[{"width":622,"height":350,"url":"https:\/\/i0.wp.com\/minutocerord.com\/wp-content\/uploads\/2022\/06\/NUESTRAS-VIDAS.jpg?fit=622%2C350","type":"image\/jpeg"}],"author":"Genof\u00f3ntes Urb\u00e1ez","twitter_card":"summary_large_image","twitter_misc":{"Written by":"Genof\u00f3ntes Urb\u00e1ez","Est. reading time":"2 minutos"},"schema":{"@context":"https:\/\/schema.org","@graph":[{"@type":"Article","@id":"http:\/\/minutocerord.com\/?p=9101#article","isPartOf":{"@id":"http:\/\/minutocerord.com\/?p=9101"},"author":{"name":"Genof\u00f3ntes Urb\u00e1ez","@id":"https:\/\/minutocerord.com\/#\/schema\/person\/60b5372d60aaa0a5171fb6488be9aee6"},"headline":"EEUU: Miles exigen en las calles mayor control en posesi\u00f3n armas","datePublished":"2022-06-12T13:00:41+00:00","dateModified":"2022-06-12T13:00:43+00:00","mainEntityOfPage":{"@id":"http:\/\/minutocerord.com\/?p=9101"},"wordCount":461,"commentCount":0,"publisher":{"@id":"https:\/\/minutocerord.com\/#\/schema\/person\/60b5372d60aaa0a5171fb6488be9aee6"},"image":{"@id":"http:\/\/minutocerord.com\/?p=9101#primaryimage"},"thumbnailUrl":"https:\/\/i0.wp.com\/minutocerord.com\/wp-content\/uploads\/2022\/06\/NUESTRAS-VIDAS.jpg?fit=622%2C350&ssl=1","articleSection":["Estados Unidos"],"inLanguage":"es-DO","potentialAction":[{"@type":"CommentAction","name":"Comment","target":["http:\/\/minutocerord.com\/?p=9101#respond"]}]},{"@type":"WebPage","@id":"http:\/\/minutocerord.com\/?p=9101","url":"http:\/\/minutocerord.com\/?p=9101","name":"EEUU: Miles exigen en las calles mayor control en posesi\u00f3n armas - Minuto Cero RD","isPartOf":{"@id":"https:\/\/minutocerord.com\/#website"},"primaryImageOfPage":{"@id":"http:\/\/minutocerord.com\/?p=9101#primaryimage"},"image":{"@id":"http:\/\/minutocerord.com\/?p=9101#primaryimage"},"thumbnailUrl":"https:\/\/i0.wp.com\/minutocerord.com\/wp-content\/uploads\/2022\/06\/NUESTRAS-VIDAS.jpg?fit=622%2C350&ssl=1","datePublished":"2022-06-12T13:00:41+00:00","dateModified":"2022-06-12T13:00:43+00:00","breadcrumb":{"@id":"http:\/\/minutocerord.com\/?p=9101#breadcrumb"},"inLanguage":"es-DO","potentialAction":[{"@type":"ReadAction","target":["http:\/\/minutocerord.com\/?p=9101"]}]},{"@type":"ImageObject","inLanguage":"es-DO","@id":"http:\/\/minutocerord.com\/?p=9101#primaryimage","url":"https:\/\/i0.wp.com\/minutocerord.com\/wp-content\/uploads\/2022\/06\/NUESTRAS-VIDAS.jpg?fit=622%2C350&ssl=1","contentUrl":"https:\/\/i0.wp.com\/minutocerord.com\/wp-content\/uploads\/2022\/06\/NUESTRAS-VIDAS.jpg?fit=622%2C350&ssl=1","width":622,"height":350},{"@type":"BreadcrumbList","@id":"http:\/\/minutocerord.com\/?p=9101#breadcrumb","itemListElement":[{"@type":"ListItem","position":1,"name":"Home","item":"https:\/\/minutocerord.com\/"},{"@type":"ListItem","position":2,"name":"EEUU: Miles exigen en las calles mayor control en posesi\u00f3n armas"}]},{"@type":"WebSite","@id":"https:\/\/minutocerord.com\/#website","url":"https:\/\/minutocerord.com\/","name":"Minuto Cero RD","description":"Periodismo serio y veraz","publisher":{"@id":"https:\/\/minutocerord.com\/#\/schema\/person\/60b5372d60aaa0a5171fb6488be9aee6"},"potentialAction":[{"@type":"SearchAction","target":{"@type":"EntryPoint","urlTemplate":"https:\/\/minutocerord.com\/?s={search_term_string}"},"query-input":{"@type":"PropertyValueSpecification","valueRequired":true,"valueName":"search_term_string"}}],"inLanguage":"es-DO"},{"@type":["Person","Organization"],"@id":"https:\/\/minutocerord.com\/#\/schema\/person\/60b5372d60aaa0a5171fb6488be9aee6","name":"Genof\u00f3ntes Urb\u00e1ez","image":{"@type":"ImageObject","inLanguage":"es-DO","@id":"https:\/\/secure.gravatar.com\/avatar\/a49ef3186a692098ac3e8a1612261e3ad70cf9e44553dff2929e67939a0ecb9d?s=96&d=identicon&r=g","url":"https:\/\/secure.gravatar.com\/avatar\/a49ef3186a692098ac3e8a1612261e3ad70cf9e44553dff2929e67939a0ecb9d?s=96&d=identicon&r=g","contentUrl":"https:\/\/secure.gravatar.com\/avatar\/a49ef3186a692098ac3e8a1612261e3ad70cf9e44553dff2929e67939a0ecb9d?s=96&d=identicon&r=g","caption":"Genof\u00f3ntes Urb\u00e1ez"},"logo":{"@id":"https:\/\/secure.gravatar.com\/avatar\/a49ef3186a692098ac3e8a1612261e3ad70cf9e44553dff2929e67939a0ecb9d?s=96&d=identicon&r=g"},"description":"Periodista \/ Locutor","sameAs":["https:\/\/www.facebook.com\/Genofnotes","https:\/\/www.instagram.com\/genofnotes\/"]}]}},"jetpack_publicize_connections":[],"jetpack_featured_media_url":"https:\/\/i0.wp.com\/minutocerord.com\/wp-content\/uploads\/2022\/06\/NUESTRAS-VIDAS.jpg?fit=622%2C350&ssl=1","jetpack-related-posts":[],"jetpack_sharing_enabled":true,"_links":{"self":[{"href":"https:\/\/minutocerord.com\/index.php?rest_route=\/wp\/v2\/posts\/9101","targetHints":{"allow":["GET"]}}],"collection":[{"href":"https:\/\/minutocerord.com\/index.php?rest_route=\/wp\/v2\/posts"}],"about":[{"href":"https:\/\/minutocerord.com\/index.php?rest_route=\/wp\/v2\/types\/post"}],"author":[{"embeddable":true,"href":"https:\/\/minutocerord.com\/index.php?rest_route=\/wp\/v2\/users\/1"}],"replies":[{"embeddable":true,"href":"https:\/\/minutocerord.com\/index.php?rest_route=%2Fwp%2Fv2%2Fcomments&post=9101"}],"version-history":[{"count":1,"href":"https:\/\/minutocerord.com\/index.php?rest_route=\/wp\/v2\/posts\/9101\/revisions"}],"predecessor-version":[{"id":9103,"href":"https:\/\/minutocerord.com\/index.php?rest_route=\/wp\/v2\/posts\/9101\/revisions\/9103"}],"wp:featuredmedia":[{"embeddable":true,"href":"https:\/\/minutocerord.com\/index.php?rest_route=\/wp\/v2\/media\/9102"}],"wp:attachment":[{"href":"https:\/\/minutocerord.com\/index.php?rest_route=%2Fwp%2Fv2%2Fmedia&parent=9101"}],"wp:term":[{"taxonomy":"category","embeddable":true,"href":"https:\/\/minutocerord.com\/index.php?rest_route=%2Fwp%2Fv2%2Fcategories&post=9101"},{"taxonomy":"post_tag","embeddable":true,"href":"https:\/\/minutocerord.com\/index.php?rest_route=%2Fwp%2Fv2%2Ftags&post=9101"}],"curies":[{"name":"wp","href":"https:\/\/api.w.org\/{rel}","templated":true}]}}