{"id":9104,"date":"2022-06-12T09:14:42","date_gmt":"2022-06-12T13:14:42","guid":{"rendered":"https:\/\/minutocerord.com\/?p=9104"},"modified":"2022-06-12T09:15:11","modified_gmt":"2022-06-12T13:15:11","slug":"santiago-dos-hombres-pierden-la-vida-en-un-enfrentamiento-entre-ellos-por-viejas-rencillas-personales","status":"publish","type":"post","link":"https:\/\/minutocerord.com\/?p=9104","title":{"rendered":"SANTIAGO: Dos hombres pierden la vida en un enfrentamiento entre ellos por viejas rencillas personales."},"content":{"rendered":"\n<p><strong>Santiago.- <\/strong>Dos amigos se ultimaron a tiros uno a otro durante un enfrentamiento que sostuvieron en un hecho ocurrido en el Hoyo de Elias, serca del tanque en el sector Yaguita de Pastor Bella Vista.<\/p>\n\n\n\n<p>Esto sucedio la tarde de este sabado 11\/junio\/22 a las 2:10pm, &#8220;El Piro&#8221; y &#8220;El Pumpi&#8221; tenian planeado encontrarse en un lugar para negociar una arma de fuego (pistola) ilegal y terminaron quitandose la vida.&nbsp;<\/p>\n\n\n\n<p>El pumpi fue acompa\u00f1ado con unos de sus amigos en un veh\u00edculo color blanco para encontrarse con El Piro, d\u00f3nde se supon\u00eda que iban a &#8220;negociar&#8221; el arma de fuego ilegal (pistola). Todavia no se sabe&nbsp; que desacuerdo tuvieron mientras conversaban, pero seg\u00fan nos imfotmaciones El Piro le dispar\u00f3 a El Pumpi, luego los que andaban con El pumpi le quitaron la vida a El Piro de varios disparos, luego del hecho de sangre los que andaban con el pumpi emprendien la huida.<\/p>\n\n\n\n<p>Los occisos fueron identificados por sus apodos &#8220;El Piro&#8221; quien resid\u00eda en la Yag\u00fcita de Pastor y &#8220;El Pumpi&#8221; el cual resid\u00eda en Pastor de Bella Vista, Santiago de los Caballeros.<\/p>\n\n\n\n<p>El hecho ocurri\u00f3 en el Hoyo de El\u00edas en la Yag\u00fcita de Pastor, Santiago de los Caballeros, hoy 11 de Junio alrededor de las 2:10 p.m.<\/p>\n\n\n\n<p>De acuerdo a los reportes, en el lugar del hecho ocuparon una arma de fuego sin documento, hasta el momento no hay m\u00e1s detalles sobre este caso<\/p>\n","protected":false},"excerpt":{"rendered":"<p>Santiago.- Dos amigos se ultimaron a tiros uno a otro durante un enfrentamiento que sostuvieron en un hecho ocurrido en el Hoyo de Elias, serca del tanque en el sector Yaguita de Pastor Bella Vista. Esto sucedio la tarde de este sabado 11\/junio\/22 a las 2:10pm, &#8220;El Piro&#8221; y &#8220;El Pumpi&#8221; tenian planeado encontrarse en [&hellip;]<\/p>\n","protected":false},"author":1,"featured_media":9105,"comment_status":"open","ping_status":"open","sticky":false,"template":"","format":"standard","meta":{"nf_dc_page":"","jetpack_post_was_ever_published":false,"_jetpack_newsletter_access":"","_jetpack_dont_email_post_to_subs":false,"_jetpack_newsletter_tier_id":0,"_jetpack_memberships_contains_paywalled_content":false,"_jetpack_memberships_contains_paid_content":false,"footnotes":"","jetpack_publicize_message":"","jetpack_publicize_feature_enabled":true,"jetpack_social_post_already_shared":false,"jetpack_social_options":{"image_generator_settings":{"template":"highway","default_image_id":0,"font":"","enabled":false},"version":2}},"categories":[89],"tags":[],"class_list":["post-9104","post","type-post","status-publish","format-standard","has-post-thumbnail","hentry","category-santiago"],"yoast_head":"<!-- This site is optimized with the Yoast SEO plugin v27.4 - https:\/\/yoast.com\/product\/yoast-seo-wordpress\/ -->\n<title>SANTIAGO: Dos hombres pierden la vida en un enfrentamiento entre ellos por viejas rencillas personales. - Minuto Cero RD<\/title>\n<meta name=\"robots\" content=\"index, follow, max-snippet:-1, max-image-preview:large, max-video-preview:-1\" \/>\n<link rel=\"canonical\" href=\"http:\/\/minutocerord.com\/?p=9104\" \/>\n<meta property=\"og:locale\" content=\"es_ES\" \/>\n<meta property=\"og:type\" content=\"article\" \/>\n<meta property=\"og:title\" content=\"SANTIAGO: Dos hombres pierden la vida en un enfrentamiento entre ellos por viejas rencillas personales. - Minuto Cero RD\" \/>\n<meta property=\"og:description\" content=\"Santiago.- Dos amigos se ultimaron a tiros uno a otro durante un enfrentamiento que sostuvieron en un hecho ocurrido en el Hoyo de Elias, serca del tanque en el sector Yaguita de Pastor Bella Vista. Esto sucedio la tarde de este sabado 11\/junio\/22 a las 2:10pm, &#8220;El Piro&#8221; y &#8220;El Pumpi&#8221; tenian planeado encontrarse en [&hellip;]\" \/>\n<meta property=\"og:url\" content=\"http:\/\/minutocerord.com\/?p=9104\" \/>\n<meta property=\"og:site_name\" content=\"Minuto Cero RD\" \/>\n<meta property=\"article:publisher\" content=\"https:\/\/www.facebook.com\/Genofnotes\" \/>\n<meta property=\"article:author\" content=\"https:\/\/www.facebook.com\/Genofnotes\" \/>\n<meta property=\"article:published_time\" content=\"2022-06-12T13:14:42+00:00\" \/>\n<meta property=\"article:modified_time\" content=\"2022-06-12T13:15:11+00:00\" \/>\n<meta property=\"og:image\" content=\"https:\/\/i0.wp.com\/minutocerord.com\/wp-content\/uploads\/2022\/06\/descarga-2.jpg?fit=1600%2C1200\" \/>\n\t<meta property=\"og:image:width\" content=\"1600\" \/>\n\t<meta property=\"og:image:height\" content=\"1200\" \/>\n\t<meta property=\"og:image:type\" content=\"image\/jpeg\" \/>\n<meta name=\"author\" content=\"Genof\u00f3ntes Urb\u00e1ez\" \/>\n<meta name=\"twitter:card\" content=\"summary_large_image\" \/>\n<meta name=\"twitter:label1\" content=\"Written by\" \/>\n\t<meta name=\"twitter:data1\" content=\"Genof\u00f3ntes Urb\u00e1ez\" \/>\n\t<meta name=\"twitter:label2\" content=\"Est. reading time\" \/>\n\t<meta name=\"twitter:data2\" content=\"2 minutos\" \/>\n<script type=\"application\/ld+json\" class=\"yoast-schema-graph\">{\"@context\":\"https:\\\/\\\/schema.org\",\"@graph\":[{\"@type\":\"Article\",\"@id\":\"http:\\\/\\\/minutocerord.com\\\/?p=9104#article\",\"isPartOf\":{\"@id\":\"http:\\\/\\\/minutocerord.com\\\/?p=9104\"},\"author\":{\"name\":\"Genof\u00f3ntes Urb\u00e1ez\",\"@id\":\"https:\\\/\\\/minutocerord.com\\\/#\\\/schema\\\/person\\\/60b5372d60aaa0a5171fb6488be9aee6\"},\"headline\":\"SANTIAGO: Dos hombres pierden la vida en un enfrentamiento entre ellos por viejas rencillas personales.\",\"datePublished\":\"2022-06-12T13:14:42+00:00\",\"dateModified\":\"2022-06-12T13:15:11+00:00\",\"mainEntityOfPage\":{\"@id\":\"http:\\\/\\\/minutocerord.com\\\/?p=9104\"},\"wordCount\":265,\"commentCount\":0,\"publisher\":{\"@id\":\"https:\\\/\\\/minutocerord.com\\\/#\\\/schema\\\/person\\\/60b5372d60aaa0a5171fb6488be9aee6\"},\"image\":{\"@id\":\"http:\\\/\\\/minutocerord.com\\\/?p=9104#primaryimage\"},\"thumbnailUrl\":\"https:\\\/\\\/i0.wp.com\\\/minutocerord.com\\\/wp-content\\\/uploads\\\/2022\\\/06\\\/descarga-2.jpg?fit=1600%2C1200&ssl=1\",\"articleSection\":[\"Santiago\"],\"inLanguage\":\"es-DO\",\"potentialAction\":[{\"@type\":\"CommentAction\",\"name\":\"Comment\",\"target\":[\"http:\\\/\\\/minutocerord.com\\\/?p=9104#respond\"]}]},{\"@type\":\"WebPage\",\"@id\":\"http:\\\/\\\/minutocerord.com\\\/?p=9104\",\"url\":\"http:\\\/\\\/minutocerord.com\\\/?p=9104\",\"name\":\"SANTIAGO: Dos hombres pierden la vida en un enfrentamiento entre ellos por viejas rencillas personales. - Minuto Cero RD\",\"isPartOf\":{\"@id\":\"https:\\\/\\\/minutocerord.com\\\/#website\"},\"primaryImageOfPage\":{\"@id\":\"http:\\\/\\\/minutocerord.com\\\/?p=9104#primaryimage\"},\"image\":{\"@id\":\"http:\\\/\\\/minutocerord.com\\\/?p=9104#primaryimage\"},\"thumbnailUrl\":\"https:\\\/\\\/i0.wp.com\\\/minutocerord.com\\\/wp-content\\\/uploads\\\/2022\\\/06\\\/descarga-2.jpg?fit=1600%2C1200&ssl=1\",\"datePublished\":\"2022-06-12T13:14:42+00:00\",\"dateModified\":\"2022-06-12T13:15:11+00:00\",\"breadcrumb\":{\"@id\":\"http:\\\/\\\/minutocerord.com\\\/?p=9104#breadcrumb\"},\"inLanguage\":\"es-DO\",\"potentialAction\":[{\"@type\":\"ReadAction\",\"target\":[\"http:\\\/\\\/minutocerord.com\\\/?p=9104\"]}]},{\"@type\":\"ImageObject\",\"inLanguage\":\"es-DO\",\"@id\":\"http:\\\/\\\/minutocerord.com\\\/?p=9104#primaryimage\",\"url\":\"https:\\\/\\\/i0.wp.com\\\/minutocerord.com\\\/wp-content\\\/uploads\\\/2022\\\/06\\\/descarga-2.jpg?fit=1600%2C1200&ssl=1\",\"contentUrl\":\"https:\\\/\\\/i0.wp.com\\\/minutocerord.com\\\/wp-content\\\/uploads\\\/2022\\\/06\\\/descarga-2.jpg?fit=1600%2C1200&ssl=1\",\"width\":1600,\"height\":1200},{\"@type\":\"BreadcrumbList\",\"@id\":\"http:\\\/\\\/minutocerord.com\\\/?p=9104#breadcrumb\",\"itemListElement\":[{\"@type\":\"ListItem\",\"position\":1,\"name\":\"Home\",\"item\":\"https:\\\/\\\/minutocerord.com\\\/\"},{\"@type\":\"ListItem\",\"position\":2,\"name\":\"SANTIAGO: Dos hombres pierden la vida en un enfrentamiento entre ellos por viejas rencillas personales.\"}]},{\"@type\":\"WebSite\",\"@id\":\"https:\\\/\\\/minutocerord.com\\\/#website\",\"url\":\"https:\\\/\\\/minutocerord.com\\\/\",\"name\":\"Minuto Cero RD\",\"description\":\"Periodismo serio y veraz\",\"publisher\":{\"@id\":\"https:\\\/\\\/minutocerord.com\\\/#\\\/schema\\\/person\\\/60b5372d60aaa0a5171fb6488be9aee6\"},\"potentialAction\":[{\"@type\":\"SearchAction\",\"target\":{\"@type\":\"EntryPoint\",\"urlTemplate\":\"https:\\\/\\\/minutocerord.com\\\/?s={search_term_string}\"},\"query-input\":{\"@type\":\"PropertyValueSpecification\",\"valueRequired\":true,\"valueName\":\"search_term_string\"}}],\"inLanguage\":\"es-DO\"},{\"@type\":[\"Person\",\"Organization\"],\"@id\":\"https:\\\/\\\/minutocerord.com\\\/#\\\/schema\\\/person\\\/60b5372d60aaa0a5171fb6488be9aee6\",\"name\":\"Genof\u00f3ntes Urb\u00e1ez\",\"image\":{\"@type\":\"ImageObject\",\"inLanguage\":\"es-DO\",\"@id\":\"https:\\\/\\\/secure.gravatar.com\\\/avatar\\\/a49ef3186a692098ac3e8a1612261e3ad70cf9e44553dff2929e67939a0ecb9d?s=96&d=identicon&r=g\",\"url\":\"https:\\\/\\\/secure.gravatar.com\\\/avatar\\\/a49ef3186a692098ac3e8a1612261e3ad70cf9e44553dff2929e67939a0ecb9d?s=96&d=identicon&r=g\",\"contentUrl\":\"https:\\\/\\\/secure.gravatar.com\\\/avatar\\\/a49ef3186a692098ac3e8a1612261e3ad70cf9e44553dff2929e67939a0ecb9d?s=96&d=identicon&r=g\",\"caption\":\"Genof\u00f3ntes Urb\u00e1ez\"},\"logo\":{\"@id\":\"https:\\\/\\\/secure.gravatar.com\\\/avatar\\\/a49ef3186a692098ac3e8a1612261e3ad70cf9e44553dff2929e67939a0ecb9d?s=96&d=identicon&r=g\"},\"description\":\"Periodista \\\/ Locutor\",\"sameAs\":[\"https:\\\/\\\/www.facebook.com\\\/Genofnotes\",\"https:\\\/\\\/www.instagram.com\\\/genofnotes\\\/\"]}]}<\/script>\n<!-- \/ Yoast SEO plugin. -->","yoast_head_json":{"title":"SANTIAGO: Dos hombres pierden la vida en un enfrentamiento entre ellos por viejas rencillas personales. - Minuto Cero RD","robots":{"index":"index","follow":"follow","max-snippet":"max-snippet:-1","max-image-preview":"max-image-preview:large","max-video-preview":"max-video-preview:-1"},"canonical":"http:\/\/minutocerord.com\/?p=9104","og_locale":"es_ES","og_type":"article","og_title":"SANTIAGO: Dos hombres pierden la vida en un enfrentamiento entre ellos por viejas rencillas personales. - Minuto Cero RD","og_description":"Santiago.- Dos amigos se ultimaron a tiros uno a otro durante un enfrentamiento que sostuvieron en un hecho ocurrido en el Hoyo de Elias, serca del tanque en el sector Yaguita de Pastor Bella Vista. Esto sucedio la tarde de este sabado 11\/junio\/22 a las 2:10pm, &#8220;El Piro&#8221; y &#8220;El Pumpi&#8221; tenian planeado encontrarse en [&hellip;]","og_url":"http:\/\/minutocerord.com\/?p=9104","og_site_name":"Minuto Cero RD","article_publisher":"https:\/\/www.facebook.com\/Genofnotes","article_author":"https:\/\/www.facebook.com\/Genofnotes","article_published_time":"2022-06-12T13:14:42+00:00","article_modified_time":"2022-06-12T13:15:11+00:00","og_image":[{"width":1600,"height":1200,"url":"https:\/\/i0.wp.com\/minutocerord.com\/wp-content\/uploads\/2022\/06\/descarga-2.jpg?fit=1600%2C1200","type":"image\/jpeg"}],"author":"Genof\u00f3ntes Urb\u00e1ez","twitter_card":"summary_large_image","twitter_misc":{"Written by":"Genof\u00f3ntes Urb\u00e1ez","Est. reading time":"2 minutos"},"schema":{"@context":"https:\/\/schema.org","@graph":[{"@type":"Article","@id":"http:\/\/minutocerord.com\/?p=9104#article","isPartOf":{"@id":"http:\/\/minutocerord.com\/?p=9104"},"author":{"name":"Genof\u00f3ntes Urb\u00e1ez","@id":"https:\/\/minutocerord.com\/#\/schema\/person\/60b5372d60aaa0a5171fb6488be9aee6"},"headline":"SANTIAGO: Dos hombres pierden la vida en un enfrentamiento entre ellos por viejas rencillas personales.","datePublished":"2022-06-12T13:14:42+00:00","dateModified":"2022-06-12T13:15:11+00:00","mainEntityOfPage":{"@id":"http:\/\/minutocerord.com\/?p=9104"},"wordCount":265,"commentCount":0,"publisher":{"@id":"https:\/\/minutocerord.com\/#\/schema\/person\/60b5372d60aaa0a5171fb6488be9aee6"},"image":{"@id":"http:\/\/minutocerord.com\/?p=9104#primaryimage"},"thumbnailUrl":"https:\/\/i0.wp.com\/minutocerord.com\/wp-content\/uploads\/2022\/06\/descarga-2.jpg?fit=1600%2C1200&ssl=1","articleSection":["Santiago"],"inLanguage":"es-DO","potentialAction":[{"@type":"CommentAction","name":"Comment","target":["http:\/\/minutocerord.com\/?p=9104#respond"]}]},{"@type":"WebPage","@id":"http:\/\/minutocerord.com\/?p=9104","url":"http:\/\/minutocerord.com\/?p=9104","name":"SANTIAGO: Dos hombres pierden la vida en un enfrentamiento entre ellos por viejas rencillas personales. - Minuto Cero RD","isPartOf":{"@id":"https:\/\/minutocerord.com\/#website"},"primaryImageOfPage":{"@id":"http:\/\/minutocerord.com\/?p=9104#primaryimage"},"image":{"@id":"http:\/\/minutocerord.com\/?p=9104#primaryimage"},"thumbnailUrl":"https:\/\/i0.wp.com\/minutocerord.com\/wp-content\/uploads\/2022\/06\/descarga-2.jpg?fit=1600%2C1200&ssl=1","datePublished":"2022-06-12T13:14:42+00:00","dateModified":"2022-06-12T13:15:11+00:00","breadcrumb":{"@id":"http:\/\/minutocerord.com\/?p=9104#breadcrumb"},"inLanguage":"es-DO","potentialAction":[{"@type":"ReadAction","target":["http:\/\/minutocerord.com\/?p=9104"]}]},{"@type":"ImageObject","inLanguage":"es-DO","@id":"http:\/\/minutocerord.com\/?p=9104#primaryimage","url":"https:\/\/i0.wp.com\/minutocerord.com\/wp-content\/uploads\/2022\/06\/descarga-2.jpg?fit=1600%2C1200&ssl=1","contentUrl":"https:\/\/i0.wp.com\/minutocerord.com\/wp-content\/uploads\/2022\/06\/descarga-2.jpg?fit=1600%2C1200&ssl=1","width":1600,"height":1200},{"@type":"BreadcrumbList","@id":"http:\/\/minutocerord.com\/?p=9104#breadcrumb","itemListElement":[{"@type":"ListItem","position":1,"name":"Home","item":"https:\/\/minutocerord.com\/"},{"@type":"ListItem","position":2,"name":"SANTIAGO: Dos hombres pierden la vida en un enfrentamiento entre ellos por viejas rencillas personales."}]},{"@type":"WebSite","@id":"https:\/\/minutocerord.com\/#website","url":"https:\/\/minutocerord.com\/","name":"Minuto Cero RD","description":"Periodismo serio y veraz","publisher":{"@id":"https:\/\/minutocerord.com\/#\/schema\/person\/60b5372d60aaa0a5171fb6488be9aee6"},"potentialAction":[{"@type":"SearchAction","target":{"@type":"EntryPoint","urlTemplate":"https:\/\/minutocerord.com\/?s={search_term_string}"},"query-input":{"@type":"PropertyValueSpecification","valueRequired":true,"valueName":"search_term_string"}}],"inLanguage":"es-DO"},{"@type":["Person","Organization"],"@id":"https:\/\/minutocerord.com\/#\/schema\/person\/60b5372d60aaa0a5171fb6488be9aee6","name":"Genof\u00f3ntes Urb\u00e1ez","image":{"@type":"ImageObject","inLanguage":"es-DO","@id":"https:\/\/secure.gravatar.com\/avatar\/a49ef3186a692098ac3e8a1612261e3ad70cf9e44553dff2929e67939a0ecb9d?s=96&d=identicon&r=g","url":"https:\/\/secure.gravatar.com\/avatar\/a49ef3186a692098ac3e8a1612261e3ad70cf9e44553dff2929e67939a0ecb9d?s=96&d=identicon&r=g","contentUrl":"https:\/\/secure.gravatar.com\/avatar\/a49ef3186a692098ac3e8a1612261e3ad70cf9e44553dff2929e67939a0ecb9d?s=96&d=identicon&r=g","caption":"Genof\u00f3ntes Urb\u00e1ez"},"logo":{"@id":"https:\/\/secure.gravatar.com\/avatar\/a49ef3186a692098ac3e8a1612261e3ad70cf9e44553dff2929e67939a0ecb9d?s=96&d=identicon&r=g"},"description":"Periodista \/ Locutor","sameAs":["https:\/\/www.facebook.com\/Genofnotes","https:\/\/www.instagram.com\/genofnotes\/"]}]}},"jetpack_publicize_connections":[],"jetpack_featured_media_url":"https:\/\/i0.wp.com\/minutocerord.com\/wp-content\/uploads\/2022\/06\/descarga-2.jpg?fit=1600%2C1200&ssl=1","jetpack-related-posts":[],"jetpack_sharing_enabled":true,"_links":{"self":[{"href":"https:\/\/minutocerord.com\/index.php?rest_route=\/wp\/v2\/posts\/9104","targetHints":{"allow":["GET"]}}],"collection":[{"href":"https:\/\/minutocerord.com\/index.php?rest_route=\/wp\/v2\/posts"}],"about":[{"href":"https:\/\/minutocerord.com\/index.php?rest_route=\/wp\/v2\/types\/post"}],"author":[{"embeddable":true,"href":"https:\/\/minutocerord.com\/index.php?rest_route=\/wp\/v2\/users\/1"}],"replies":[{"embeddable":true,"href":"https:\/\/minutocerord.com\/index.php?rest_route=%2Fwp%2Fv2%2Fcomments&post=9104"}],"version-history":[{"count":1,"href":"https:\/\/minutocerord.com\/index.php?rest_route=\/wp\/v2\/posts\/9104\/revisions"}],"predecessor-version":[{"id":9106,"href":"https:\/\/minutocerord.com\/index.php?rest_route=\/wp\/v2\/posts\/9104\/revisions\/9106"}],"wp:featuredmedia":[{"embeddable":true,"href":"https:\/\/minutocerord.com\/index.php?rest_route=\/wp\/v2\/media\/9105"}],"wp:attachment":[{"href":"https:\/\/minutocerord.com\/index.php?rest_route=%2Fwp%2Fv2%2Fmedia&parent=9104"}],"wp:term":[{"taxonomy":"category","embeddable":true,"href":"https:\/\/minutocerord.com\/index.php?rest_route=%2Fwp%2Fv2%2Fcategories&post=9104"},{"taxonomy":"post_tag","embeddable":true,"href":"https:\/\/minutocerord.com\/index.php?rest_route=%2Fwp%2Fv2%2Ftags&post=9104"}],"curies":[{"name":"wp","href":"https:\/\/api.w.org\/{rel}","templated":true}]}}