{"id":9110,"date":"2022-06-12T10:16:16","date_gmt":"2022-06-12T14:16:16","guid":{"rendered":"https:\/\/minutocerord.com\/?p=9110"},"modified":"2022-06-12T10:16:18","modified_gmt":"2022-06-12T14:16:18","slug":"la-guerra-de-ucrania-incita-a-otros-paises-a-negociar-con-republica-dominicana-en-el-sector-ferretero-y-de-la-construccion","status":"publish","type":"post","link":"https:\/\/minutocerord.com\/?p=9110","title":{"rendered":"La guerra de Ucrania incita a otros pa\u00edses a negociar con Rep\u00fablica Dominicana en el sector ferretero y de la construcci\u00f3n"},"content":{"rendered":"\n<p><strong>La escasez ha incitado a otros pa\u00edses que tienen \u201ccalidad de fabricaci\u00f3n y son competitivos\u201d, a acudir a Rep\u00fablica Dominicana hacer negocios como, por ejemplo, Brasil, M\u00e9xico y Colombia<\/strong><\/p>\n\n\n\n<p><strong>Santo Domingo, RD<\/strong>.- Adem\u00e1s, de la pandemia provocada por el coronavirus, la inflaci\u00f3n generada por la guerra entre Rusia y Ucrania\u00a0<strong>ha afectado al sector<\/strong>\u00a0<strong>ferretero y construcci\u00f3n<\/strong>, tanto al consumidor como al distribuidor, sin embargo, ha motivado a otros pa\u00edses a negociar con Rep\u00fablica Dominicana.<\/p>\n\n\n\n<p>As\u00ed lo dio a conocer la gerente de la&nbsp;<strong>Expo-ferretera 2022<\/strong>, Ana Ventura, la cual est\u00e1 a cargo del desarrollo de la feria que se desarrolla en el hotel Dominican Fiesta de esta capital con el objetivo de dinamizar el sector, haciendo<strong>&nbsp;intercambio de negocios con otros pa\u00edses junto a los distribuidores<\/strong>&nbsp;importadores locales.<\/p>\n\n\n\n<p>Dijo que durante \u201cla pandemia hubo escases de materia prima y ahora con la&nbsp;<strong>guerra en Ucrania&nbsp;<\/strong>tenemos que nos afecta lo que se construye en pa\u00edses Europeos\u201d.<\/p>\n\n\n\n<p>Sin embargo, destac\u00f3 que la escasez ha incitado a otros pa\u00edses que tienen \u201ccalidad de fabricaci\u00f3n y son competitivos\u201d, a acudir a Rep\u00fablica Dominicana hacer negocios como, por ejemplo,<strong>&nbsp;Brasil, M\u00e9xico y Colombia.<\/strong><\/p>\n\n\n\n<p>\u201cHay situaciones que afectan a un sector, pero pueden favorecen a otros. El hecho de volver abrir este evento ha permitido que las empresas busquen nuevas alternativas de negocios a pesar de la crisis y de las subidas de precios\u201d, se\u00f1al\u00f3 al conversar con un equipo de LISTIN DIARIO.&nbsp;<\/p>\n\n\n\n<p>La feria ferretera ha sido el escenario para reunir a varios representantes del sector ferretero de Brasil y Puerto Rico, quienes tambi\u00e9n quieren<strong>&nbsp;aprovechar la<\/strong>&nbsp;<strong>ubicaci\u00f3n geogr\u00e1fica de la Rep\u00fablica Dominicana<\/strong>&nbsp;para suplir a los mercados vecinos de otras islas del Caribe.<\/p>\n\n\n\n<p>Adem\u00e1s, participan aproximadamente&nbsp;<strong>40 empresas expositoras&nbsp;<\/strong>locales e internacionales de pa\u00edses como M\u00e9xico, Brasil, Colombia, Italia, Puerto Rico y Guatemala interesadas en explorar oportunidades de negocios en el pa\u00eds.<\/p>\n\n\n\n<p>Destac\u00f3 que en la feria los diferentes expositores nacionales e internacionales&nbsp;<strong>\u201ctienen precios especiales<\/strong>&nbsp;para los ferreteros y distribuidores\u201d que acudan a adquirir algunos productos de inter\u00e9s para su empresa. Precis\u00f3 que los especiales son competitivos.<\/p>\n\n\n\n<p>Se\u00f1al\u00f3 que a pesar de la incidencia de la pandemia, el sector ferretero no se vio \u201ctan afectado\u201d porque el confinamiento motiv\u00f3 a muchos hogares a reparar \u201ccosas de las casas\u201d que ten\u00edan pendiente, en algunos casos.<\/p>\n\n\n\n<p>No obstante, dentro de los aspectos negativos fue que impidi\u00f3 la realizaci\u00f3n de la feria afectando el contacto humano con los ciudadanos en el evento que no se realiz\u00f3 por la presencia de la enfermedad.<\/p>\n\n\n\n<h2 class=\"wp-block-heading\"><strong>Expectativas<\/strong><\/h2>\n\n\n\n<p>Asimismo, se\u00f1al\u00f3 que el evento super\u00f3 sus expectativas debido a que en el d\u00eda de ayer recibieron<strong>&nbsp;al menos 500 personas que cerraron \u201cimportantes negocios\u201d.&nbsp;<\/strong>La feria fue inaugurada el viernes por la Asociaci\u00f3n de Dominicana de Ferreteros (Asodefe).<\/p>\n\n\n\n<p>Durante el transcurso del d\u00eda estar\u00e1n recibiendo ferreteros de algunas provincias del pa\u00eds y continuaran ma\u00f1ana agotando un amplio itinerario de actividades desde las&nbsp;<strong>10:00 de la ma\u00f1ana hasta las 7:00 de la noche<\/strong>, donde culminaran con el cierre de la Expo-ferretera 2022.<\/p>\n","protected":false},"excerpt":{"rendered":"<p>La escasez ha incitado a otros pa\u00edses que tienen \u201ccalidad de fabricaci\u00f3n y son competitivos\u201d, a acudir a Rep\u00fablica Dominicana hacer negocios como, por ejemplo, Brasil, M\u00e9xico y Colombia Santo Domingo, RD.- Adem\u00e1s, de la pandemia provocada por el coronavirus, la inflaci\u00f3n generada por la guerra entre Rusia y Ucrania\u00a0ha afectado al sector\u00a0ferretero y construcci\u00f3n, [&hellip;]<\/p>\n","protected":false},"author":1,"featured_media":9111,"comment_status":"open","ping_status":"open","sticky":false,"template":"","format":"standard","meta":{"nf_dc_page":"","jetpack_post_was_ever_published":false,"_jetpack_newsletter_access":"","_jetpack_dont_email_post_to_subs":false,"_jetpack_newsletter_tier_id":0,"_jetpack_memberships_contains_paywalled_content":false,"_jetpack_memberships_contains_paid_content":false,"footnotes":"","jetpack_publicize_message":"","jetpack_publicize_feature_enabled":true,"jetpack_social_post_already_shared":false,"jetpack_social_options":{"image_generator_settings":{"template":"highway","default_image_id":0,"font":"","enabled":false},"version":2}},"categories":[74],"tags":[],"class_list":["post-9110","post","type-post","status-publish","format-standard","has-post-thumbnail","hentry","category-economicas"],"yoast_head":"<!-- This site is optimized with the Yoast SEO plugin v27.4 - https:\/\/yoast.com\/product\/yoast-seo-wordpress\/ -->\n<title>La guerra de Ucrania incita a otros pa\u00edses a negociar con Rep\u00fablica Dominicana en el sector ferretero y de la construcci\u00f3n - Minuto Cero RD<\/title>\n<meta name=\"robots\" content=\"index, follow, max-snippet:-1, max-image-preview:large, max-video-preview:-1\" \/>\n<link rel=\"canonical\" href=\"http:\/\/minutocerord.com\/?p=9110\" \/>\n<meta property=\"og:locale\" content=\"es_ES\" \/>\n<meta property=\"og:type\" content=\"article\" \/>\n<meta property=\"og:title\" content=\"La guerra de Ucrania incita a otros pa\u00edses a negociar con Rep\u00fablica Dominicana en el sector ferretero y de la construcci\u00f3n - Minuto Cero RD\" \/>\n<meta property=\"og:description\" content=\"La escasez ha incitado a otros pa\u00edses que tienen \u201ccalidad de fabricaci\u00f3n y son competitivos\u201d, a acudir a Rep\u00fablica Dominicana hacer negocios como, por ejemplo, Brasil, M\u00e9xico y Colombia Santo Domingo, RD.- Adem\u00e1s, de la pandemia provocada por el coronavirus, la inflaci\u00f3n generada por la guerra entre Rusia y Ucrania\u00a0ha afectado al sector\u00a0ferretero y construcci\u00f3n, [&hellip;]\" \/>\n<meta property=\"og:url\" content=\"http:\/\/minutocerord.com\/?p=9110\" \/>\n<meta property=\"og:site_name\" content=\"Minuto Cero RD\" \/>\n<meta property=\"article:publisher\" content=\"https:\/\/www.facebook.com\/Genofnotes\" \/>\n<meta property=\"article:author\" content=\"https:\/\/www.facebook.com\/Genofnotes\" \/>\n<meta property=\"article:published_time\" content=\"2022-06-12T14:16:16+00:00\" \/>\n<meta property=\"article:modified_time\" content=\"2022-06-12T14:16:18+00:00\" \/>\n<meta property=\"og:image\" content=\"https:\/\/i0.wp.com\/minutocerord.com\/wp-content\/uploads\/2022\/06\/la-guerra-de-ucrania-incita-a-otros-paises-a-negociar-con-republica-dominicana-en-el-sector-ferretero-y-de-la-construccion.jpeg?fit=680%2C454\" \/>\n\t<meta property=\"og:image:width\" content=\"680\" \/>\n\t<meta property=\"og:image:height\" content=\"454\" \/>\n\t<meta property=\"og:image:type\" content=\"image\/jpeg\" \/>\n<meta name=\"author\" content=\"Genof\u00f3ntes Urb\u00e1ez\" \/>\n<meta name=\"twitter:card\" content=\"summary_large_image\" \/>\n<meta name=\"twitter:label1\" content=\"Written by\" \/>\n\t<meta name=\"twitter:data1\" content=\"Genof\u00f3ntes Urb\u00e1ez\" \/>\n\t<meta name=\"twitter:label2\" content=\"Est. reading time\" \/>\n\t<meta name=\"twitter:data2\" content=\"3 minutos\" \/>\n<script type=\"application\/ld+json\" class=\"yoast-schema-graph\">{\"@context\":\"https:\\\/\\\/schema.org\",\"@graph\":[{\"@type\":\"Article\",\"@id\":\"http:\\\/\\\/minutocerord.com\\\/?p=9110#article\",\"isPartOf\":{\"@id\":\"http:\\\/\\\/minutocerord.com\\\/?p=9110\"},\"author\":{\"name\":\"Genof\u00f3ntes Urb\u00e1ez\",\"@id\":\"https:\\\/\\\/minutocerord.com\\\/#\\\/schema\\\/person\\\/60b5372d60aaa0a5171fb6488be9aee6\"},\"headline\":\"La guerra de Ucrania incita a otros pa\u00edses a negociar con Rep\u00fablica Dominicana en el sector ferretero y de la construcci\u00f3n\",\"datePublished\":\"2022-06-12T14:16:16+00:00\",\"dateModified\":\"2022-06-12T14:16:18+00:00\",\"mainEntityOfPage\":{\"@id\":\"http:\\\/\\\/minutocerord.com\\\/?p=9110\"},\"wordCount\":573,\"commentCount\":0,\"publisher\":{\"@id\":\"https:\\\/\\\/minutocerord.com\\\/#\\\/schema\\\/person\\\/60b5372d60aaa0a5171fb6488be9aee6\"},\"image\":{\"@id\":\"http:\\\/\\\/minutocerord.com\\\/?p=9110#primaryimage\"},\"thumbnailUrl\":\"https:\\\/\\\/i0.wp.com\\\/minutocerord.com\\\/wp-content\\\/uploads\\\/2022\\\/06\\\/la-guerra-de-ucrania-incita-a-otros-paises-a-negociar-con-republica-dominicana-en-el-sector-ferretero-y-de-la-construccion.jpeg?fit=680%2C454&ssl=1\",\"articleSection\":[\"Econ\u00f3micas\"],\"inLanguage\":\"es-DO\",\"potentialAction\":[{\"@type\":\"CommentAction\",\"name\":\"Comment\",\"target\":[\"http:\\\/\\\/minutocerord.com\\\/?p=9110#respond\"]}]},{\"@type\":\"WebPage\",\"@id\":\"http:\\\/\\\/minutocerord.com\\\/?p=9110\",\"url\":\"http:\\\/\\\/minutocerord.com\\\/?p=9110\",\"name\":\"La guerra de Ucrania incita a otros pa\u00edses a negociar con Rep\u00fablica Dominicana en el sector ferretero y de la construcci\u00f3n - Minuto Cero RD\",\"isPartOf\":{\"@id\":\"https:\\\/\\\/minutocerord.com\\\/#website\"},\"primaryImageOfPage\":{\"@id\":\"http:\\\/\\\/minutocerord.com\\\/?p=9110#primaryimage\"},\"image\":{\"@id\":\"http:\\\/\\\/minutocerord.com\\\/?p=9110#primaryimage\"},\"thumbnailUrl\":\"https:\\\/\\\/i0.wp.com\\\/minutocerord.com\\\/wp-content\\\/uploads\\\/2022\\\/06\\\/la-guerra-de-ucrania-incita-a-otros-paises-a-negociar-con-republica-dominicana-en-el-sector-ferretero-y-de-la-construccion.jpeg?fit=680%2C454&ssl=1\",\"datePublished\":\"2022-06-12T14:16:16+00:00\",\"dateModified\":\"2022-06-12T14:16:18+00:00\",\"breadcrumb\":{\"@id\":\"http:\\\/\\\/minutocerord.com\\\/?p=9110#breadcrumb\"},\"inLanguage\":\"es-DO\",\"potentialAction\":[{\"@type\":\"ReadAction\",\"target\":[\"http:\\\/\\\/minutocerord.com\\\/?p=9110\"]}]},{\"@type\":\"ImageObject\",\"inLanguage\":\"es-DO\",\"@id\":\"http:\\\/\\\/minutocerord.com\\\/?p=9110#primaryimage\",\"url\":\"https:\\\/\\\/i0.wp.com\\\/minutocerord.com\\\/wp-content\\\/uploads\\\/2022\\\/06\\\/la-guerra-de-ucrania-incita-a-otros-paises-a-negociar-con-republica-dominicana-en-el-sector-ferretero-y-de-la-construccion.jpeg?fit=680%2C454&ssl=1\",\"contentUrl\":\"https:\\\/\\\/i0.wp.com\\\/minutocerord.com\\\/wp-content\\\/uploads\\\/2022\\\/06\\\/la-guerra-de-ucrania-incita-a-otros-paises-a-negociar-con-republica-dominicana-en-el-sector-ferretero-y-de-la-construccion.jpeg?fit=680%2C454&ssl=1\",\"width\":680,\"height\":454},{\"@type\":\"BreadcrumbList\",\"@id\":\"http:\\\/\\\/minutocerord.com\\\/?p=9110#breadcrumb\",\"itemListElement\":[{\"@type\":\"ListItem\",\"position\":1,\"name\":\"Home\",\"item\":\"https:\\\/\\\/minutocerord.com\\\/\"},{\"@type\":\"ListItem\",\"position\":2,\"name\":\"La guerra de Ucrania incita a otros pa\u00edses a negociar con Rep\u00fablica Dominicana en el sector ferretero y de la construcci\u00f3n\"}]},{\"@type\":\"WebSite\",\"@id\":\"https:\\\/\\\/minutocerord.com\\\/#website\",\"url\":\"https:\\\/\\\/minutocerord.com\\\/\",\"name\":\"Minuto Cero RD\",\"description\":\"Periodismo serio y veraz\",\"publisher\":{\"@id\":\"https:\\\/\\\/minutocerord.com\\\/#\\\/schema\\\/person\\\/60b5372d60aaa0a5171fb6488be9aee6\"},\"potentialAction\":[{\"@type\":\"SearchAction\",\"target\":{\"@type\":\"EntryPoint\",\"urlTemplate\":\"https:\\\/\\\/minutocerord.com\\\/?s={search_term_string}\"},\"query-input\":{\"@type\":\"PropertyValueSpecification\",\"valueRequired\":true,\"valueName\":\"search_term_string\"}}],\"inLanguage\":\"es-DO\"},{\"@type\":[\"Person\",\"Organization\"],\"@id\":\"https:\\\/\\\/minutocerord.com\\\/#\\\/schema\\\/person\\\/60b5372d60aaa0a5171fb6488be9aee6\",\"name\":\"Genof\u00f3ntes Urb\u00e1ez\",\"image\":{\"@type\":\"ImageObject\",\"inLanguage\":\"es-DO\",\"@id\":\"https:\\\/\\\/secure.gravatar.com\\\/avatar\\\/a49ef3186a692098ac3e8a1612261e3ad70cf9e44553dff2929e67939a0ecb9d?s=96&d=identicon&r=g\",\"url\":\"https:\\\/\\\/secure.gravatar.com\\\/avatar\\\/a49ef3186a692098ac3e8a1612261e3ad70cf9e44553dff2929e67939a0ecb9d?s=96&d=identicon&r=g\",\"contentUrl\":\"https:\\\/\\\/secure.gravatar.com\\\/avatar\\\/a49ef3186a692098ac3e8a1612261e3ad70cf9e44553dff2929e67939a0ecb9d?s=96&d=identicon&r=g\",\"caption\":\"Genof\u00f3ntes Urb\u00e1ez\"},\"logo\":{\"@id\":\"https:\\\/\\\/secure.gravatar.com\\\/avatar\\\/a49ef3186a692098ac3e8a1612261e3ad70cf9e44553dff2929e67939a0ecb9d?s=96&d=identicon&r=g\"},\"description\":\"Periodista \\\/ Locutor\",\"sameAs\":[\"https:\\\/\\\/www.facebook.com\\\/Genofnotes\",\"https:\\\/\\\/www.instagram.com\\\/genofnotes\\\/\"]}]}<\/script>\n<!-- \/ Yoast SEO plugin. -->","yoast_head_json":{"title":"La guerra de Ucrania incita a otros pa\u00edses a negociar con Rep\u00fablica Dominicana en el sector ferretero y de la construcci\u00f3n - Minuto Cero RD","robots":{"index":"index","follow":"follow","max-snippet":"max-snippet:-1","max-image-preview":"max-image-preview:large","max-video-preview":"max-video-preview:-1"},"canonical":"http:\/\/minutocerord.com\/?p=9110","og_locale":"es_ES","og_type":"article","og_title":"La guerra de Ucrania incita a otros pa\u00edses a negociar con Rep\u00fablica Dominicana en el sector ferretero y de la construcci\u00f3n - Minuto Cero RD","og_description":"La escasez ha incitado a otros pa\u00edses que tienen \u201ccalidad de fabricaci\u00f3n y son competitivos\u201d, a acudir a Rep\u00fablica Dominicana hacer negocios como, por ejemplo, Brasil, M\u00e9xico y Colombia Santo Domingo, RD.- Adem\u00e1s, de la pandemia provocada por el coronavirus, la inflaci\u00f3n generada por la guerra entre Rusia y Ucrania\u00a0ha afectado al sector\u00a0ferretero y construcci\u00f3n, [&hellip;]","og_url":"http:\/\/minutocerord.com\/?p=9110","og_site_name":"Minuto Cero RD","article_publisher":"https:\/\/www.facebook.com\/Genofnotes","article_author":"https:\/\/www.facebook.com\/Genofnotes","article_published_time":"2022-06-12T14:16:16+00:00","article_modified_time":"2022-06-12T14:16:18+00:00","og_image":[{"width":680,"height":454,"url":"https:\/\/i0.wp.com\/minutocerord.com\/wp-content\/uploads\/2022\/06\/la-guerra-de-ucrania-incita-a-otros-paises-a-negociar-con-republica-dominicana-en-el-sector-ferretero-y-de-la-construccion.jpeg?fit=680%2C454","type":"image\/jpeg"}],"author":"Genof\u00f3ntes Urb\u00e1ez","twitter_card":"summary_large_image","twitter_misc":{"Written by":"Genof\u00f3ntes Urb\u00e1ez","Est. reading time":"3 minutos"},"schema":{"@context":"https:\/\/schema.org","@graph":[{"@type":"Article","@id":"http:\/\/minutocerord.com\/?p=9110#article","isPartOf":{"@id":"http:\/\/minutocerord.com\/?p=9110"},"author":{"name":"Genof\u00f3ntes Urb\u00e1ez","@id":"https:\/\/minutocerord.com\/#\/schema\/person\/60b5372d60aaa0a5171fb6488be9aee6"},"headline":"La guerra de Ucrania incita a otros pa\u00edses a negociar con Rep\u00fablica Dominicana en el sector ferretero y de la construcci\u00f3n","datePublished":"2022-06-12T14:16:16+00:00","dateModified":"2022-06-12T14:16:18+00:00","mainEntityOfPage":{"@id":"http:\/\/minutocerord.com\/?p=9110"},"wordCount":573,"commentCount":0,"publisher":{"@id":"https:\/\/minutocerord.com\/#\/schema\/person\/60b5372d60aaa0a5171fb6488be9aee6"},"image":{"@id":"http:\/\/minutocerord.com\/?p=9110#primaryimage"},"thumbnailUrl":"https:\/\/i0.wp.com\/minutocerord.com\/wp-content\/uploads\/2022\/06\/la-guerra-de-ucrania-incita-a-otros-paises-a-negociar-con-republica-dominicana-en-el-sector-ferretero-y-de-la-construccion.jpeg?fit=680%2C454&ssl=1","articleSection":["Econ\u00f3micas"],"inLanguage":"es-DO","potentialAction":[{"@type":"CommentAction","name":"Comment","target":["http:\/\/minutocerord.com\/?p=9110#respond"]}]},{"@type":"WebPage","@id":"http:\/\/minutocerord.com\/?p=9110","url":"http:\/\/minutocerord.com\/?p=9110","name":"La guerra de Ucrania incita a otros pa\u00edses a negociar con Rep\u00fablica Dominicana en el sector ferretero y de la construcci\u00f3n - Minuto Cero RD","isPartOf":{"@id":"https:\/\/minutocerord.com\/#website"},"primaryImageOfPage":{"@id":"http:\/\/minutocerord.com\/?p=9110#primaryimage"},"image":{"@id":"http:\/\/minutocerord.com\/?p=9110#primaryimage"},"thumbnailUrl":"https:\/\/i0.wp.com\/minutocerord.com\/wp-content\/uploads\/2022\/06\/la-guerra-de-ucrania-incita-a-otros-paises-a-negociar-con-republica-dominicana-en-el-sector-ferretero-y-de-la-construccion.jpeg?fit=680%2C454&ssl=1","datePublished":"2022-06-12T14:16:16+00:00","dateModified":"2022-06-12T14:16:18+00:00","breadcrumb":{"@id":"http:\/\/minutocerord.com\/?p=9110#breadcrumb"},"inLanguage":"es-DO","potentialAction":[{"@type":"ReadAction","target":["http:\/\/minutocerord.com\/?p=9110"]}]},{"@type":"ImageObject","inLanguage":"es-DO","@id":"http:\/\/minutocerord.com\/?p=9110#primaryimage","url":"https:\/\/i0.wp.com\/minutocerord.com\/wp-content\/uploads\/2022\/06\/la-guerra-de-ucrania-incita-a-otros-paises-a-negociar-con-republica-dominicana-en-el-sector-ferretero-y-de-la-construccion.jpeg?fit=680%2C454&ssl=1","contentUrl":"https:\/\/i0.wp.com\/minutocerord.com\/wp-content\/uploads\/2022\/06\/la-guerra-de-ucrania-incita-a-otros-paises-a-negociar-con-republica-dominicana-en-el-sector-ferretero-y-de-la-construccion.jpeg?fit=680%2C454&ssl=1","width":680,"height":454},{"@type":"BreadcrumbList","@id":"http:\/\/minutocerord.com\/?p=9110#breadcrumb","itemListElement":[{"@type":"ListItem","position":1,"name":"Home","item":"https:\/\/minutocerord.com\/"},{"@type":"ListItem","position":2,"name":"La guerra de Ucrania incita a otros pa\u00edses a negociar con Rep\u00fablica Dominicana en el sector ferretero y de la construcci\u00f3n"}]},{"@type":"WebSite","@id":"https:\/\/minutocerord.com\/#website","url":"https:\/\/minutocerord.com\/","name":"Minuto Cero RD","description":"Periodismo serio y veraz","publisher":{"@id":"https:\/\/minutocerord.com\/#\/schema\/person\/60b5372d60aaa0a5171fb6488be9aee6"},"potentialAction":[{"@type":"SearchAction","target":{"@type":"EntryPoint","urlTemplate":"https:\/\/minutocerord.com\/?s={search_term_string}"},"query-input":{"@type":"PropertyValueSpecification","valueRequired":true,"valueName":"search_term_string"}}],"inLanguage":"es-DO"},{"@type":["Person","Organization"],"@id":"https:\/\/minutocerord.com\/#\/schema\/person\/60b5372d60aaa0a5171fb6488be9aee6","name":"Genof\u00f3ntes Urb\u00e1ez","image":{"@type":"ImageObject","inLanguage":"es-DO","@id":"https:\/\/secure.gravatar.com\/avatar\/a49ef3186a692098ac3e8a1612261e3ad70cf9e44553dff2929e67939a0ecb9d?s=96&d=identicon&r=g","url":"https:\/\/secure.gravatar.com\/avatar\/a49ef3186a692098ac3e8a1612261e3ad70cf9e44553dff2929e67939a0ecb9d?s=96&d=identicon&r=g","contentUrl":"https:\/\/secure.gravatar.com\/avatar\/a49ef3186a692098ac3e8a1612261e3ad70cf9e44553dff2929e67939a0ecb9d?s=96&d=identicon&r=g","caption":"Genof\u00f3ntes Urb\u00e1ez"},"logo":{"@id":"https:\/\/secure.gravatar.com\/avatar\/a49ef3186a692098ac3e8a1612261e3ad70cf9e44553dff2929e67939a0ecb9d?s=96&d=identicon&r=g"},"description":"Periodista \/ Locutor","sameAs":["https:\/\/www.facebook.com\/Genofnotes","https:\/\/www.instagram.com\/genofnotes\/"]}]}},"jetpack_publicize_connections":[],"jetpack_featured_media_url":"https:\/\/i0.wp.com\/minutocerord.com\/wp-content\/uploads\/2022\/06\/la-guerra-de-ucrania-incita-a-otros-paises-a-negociar-con-republica-dominicana-en-el-sector-ferretero-y-de-la-construccion.jpeg?fit=680%2C454&ssl=1","jetpack-related-posts":[],"jetpack_sharing_enabled":true,"_links":{"self":[{"href":"https:\/\/minutocerord.com\/index.php?rest_route=\/wp\/v2\/posts\/9110","targetHints":{"allow":["GET"]}}],"collection":[{"href":"https:\/\/minutocerord.com\/index.php?rest_route=\/wp\/v2\/posts"}],"about":[{"href":"https:\/\/minutocerord.com\/index.php?rest_route=\/wp\/v2\/types\/post"}],"author":[{"embeddable":true,"href":"https:\/\/minutocerord.com\/index.php?rest_route=\/wp\/v2\/users\/1"}],"replies":[{"embeddable":true,"href":"https:\/\/minutocerord.com\/index.php?rest_route=%2Fwp%2Fv2%2Fcomments&post=9110"}],"version-history":[{"count":1,"href":"https:\/\/minutocerord.com\/index.php?rest_route=\/wp\/v2\/posts\/9110\/revisions"}],"predecessor-version":[{"id":9112,"href":"https:\/\/minutocerord.com\/index.php?rest_route=\/wp\/v2\/posts\/9110\/revisions\/9112"}],"wp:featuredmedia":[{"embeddable":true,"href":"https:\/\/minutocerord.com\/index.php?rest_route=\/wp\/v2\/media\/9111"}],"wp:attachment":[{"href":"https:\/\/minutocerord.com\/index.php?rest_route=%2Fwp%2Fv2%2Fmedia&parent=9110"}],"wp:term":[{"taxonomy":"category","embeddable":true,"href":"https:\/\/minutocerord.com\/index.php?rest_route=%2Fwp%2Fv2%2Fcategories&post=9110"},{"taxonomy":"post_tag","embeddable":true,"href":"https:\/\/minutocerord.com\/index.php?rest_route=%2Fwp%2Fv2%2Ftags&post=9110"}],"curies":[{"name":"wp","href":"https:\/\/api.w.org\/{rel}","templated":true}]}}