{"id":9113,"date":"2022-06-12T10:18:42","date_gmt":"2022-06-12T14:18:42","guid":{"rendered":"https:\/\/minutocerord.com\/?p=9113"},"modified":"2022-06-12T10:18:43","modified_gmt":"2022-06-12T14:18:43","slug":"salud-publica-reporta-918-nuevos-casos-de-covid-19","status":"publish","type":"post","link":"https:\/\/minutocerord.com\/?p=9113","title":{"rendered":"Salud P\u00fablica reporta 918 nuevos casos de Covid-19"},"content":{"rendered":"\n<p><br><strong>Santo Domingo.\u2013<\/strong> El Ministerio de Salud P\u00fablica report\u00f3 este domingo\u00a0 918 casos nuevos de Covid-19 y cero fallecimientos en las \u00faltimas 24 horas.<\/p>\n\n\n\n<p>De acuerdo al bolet\u00edn n\u00famero 815, emitido por la Direcci\u00f3n Nacional de Epidemiolog\u00eda del Ministerio de Salud P\u00fablica, el total de fallecidos es de 4,380 mientras que los casos acumulados ascienden a 591,682 .<\/p>\n\n\n\n<p>Seg\u00fan el referido reporte se mantiene activos&nbsp; 3,147&nbsp; casos, en tanto que&nbsp; 584,155&nbsp; se han recuperado del virus y 2,814,499&nbsp; han sido descartados por pruebas de laboratorios.<\/p>\n\n\n\n<p>En las \u00faltimas 24 horas se han realizado 7,457&nbsp; pruebas, de las cuales nueve son PCR y 7,448&nbsp; son antig\u00e9nicas para un total de las muestras procesadas de 3,406,181 .<\/p>\n\n\n\n<p>La positividad diaria se sit\u00faa en&nbsp; 18.77%&nbsp; y en las \u00faltimas cuatro semanas en 9.18%, %.<\/p>\n\n\n\n<p>La tasa de letalidad es de 0.74 % y la mortalidad por mill\u00f3n de habitantes se ubica en 419.20.<\/p>\n\n\n\n<p>La Red Hospitalaria cuenta con 2,373 camas COVID de las que&nbsp; 194 est\u00e1n ocupadas, para un 8.2 por ciento, mientras que las camas de Unidad de Cuidados Intensivos (UCI) es de 585 disponibles de las cuales 18 est\u00e1n ocupadas, lo que representa un 3.1 por ciento.<\/p>\n\n\n\n<p>En tanto que, de un total de 469 ventiladores del sistema, tres personas se encuentran conectadas, lo que representa un 0.6 por ciento.<\/p>\n","protected":false},"excerpt":{"rendered":"<p>Santo Domingo.\u2013 El Ministerio de Salud P\u00fablica report\u00f3 este domingo\u00a0 918 casos nuevos de Covid-19 y cero fallecimientos en las \u00faltimas 24 horas. De acuerdo al bolet\u00edn n\u00famero 815, emitido por la Direcci\u00f3n Nacional de Epidemiolog\u00eda del Ministerio de Salud P\u00fablica, el total de fallecidos es de 4,380 mientras que los casos acumulados ascienden a [&hellip;]<\/p>\n","protected":false},"author":1,"featured_media":8434,"comment_status":"open","ping_status":"open","sticky":false,"template":"","format":"standard","meta":{"nf_dc_page":"","jetpack_post_was_ever_published":false,"_jetpack_newsletter_access":"","_jetpack_dont_email_post_to_subs":false,"_jetpack_newsletter_tier_id":0,"_jetpack_memberships_contains_paywalled_content":false,"_jetpack_memberships_contains_paid_content":false,"footnotes":"","jetpack_publicize_message":"","jetpack_publicize_feature_enabled":true,"jetpack_social_post_already_shared":false,"jetpack_social_options":{"image_generator_settings":{"template":"highway","default_image_id":0,"font":"","enabled":false},"version":2}},"categories":[67],"tags":[],"class_list":["post-9113","post","type-post","status-publish","format-standard","has-post-thumbnail","hentry","category-salud"],"yoast_head":"<!-- This site is optimized with the Yoast SEO plugin v27.4 - https:\/\/yoast.com\/product\/yoast-seo-wordpress\/ -->\n<title>Salud P\u00fablica reporta 918 nuevos casos de Covid-19 - Minuto Cero RD<\/title>\n<meta name=\"robots\" content=\"index, follow, max-snippet:-1, max-image-preview:large, max-video-preview:-1\" \/>\n<link rel=\"canonical\" href=\"https:\/\/minutocerord.com\/?p=9113\" \/>\n<meta property=\"og:locale\" content=\"es_ES\" \/>\n<meta property=\"og:type\" content=\"article\" \/>\n<meta property=\"og:title\" content=\"Salud P\u00fablica reporta 918 nuevos casos de Covid-19 - Minuto Cero RD\" \/>\n<meta property=\"og:description\" content=\"Santo Domingo.\u2013 El Ministerio de Salud P\u00fablica report\u00f3 este domingo\u00a0 918 casos nuevos de Covid-19 y cero fallecimientos en las \u00faltimas 24 horas. De acuerdo al bolet\u00edn n\u00famero 815, emitido por la Direcci\u00f3n Nacional de Epidemiolog\u00eda del Ministerio de Salud P\u00fablica, el total de fallecidos es de 4,380 mientras que los casos acumulados ascienden a [&hellip;]\" \/>\n<meta property=\"og:url\" content=\"https:\/\/minutocerord.com\/?p=9113\" \/>\n<meta property=\"og:site_name\" content=\"Minuto Cero RD\" \/>\n<meta property=\"article:publisher\" content=\"https:\/\/www.facebook.com\/Genofnotes\" \/>\n<meta property=\"article:author\" content=\"https:\/\/www.facebook.com\/Genofnotes\" \/>\n<meta property=\"article:published_time\" content=\"2022-06-12T14:18:42+00:00\" \/>\n<meta property=\"article:modified_time\" content=\"2022-06-12T14:18:43+00:00\" \/>\n<meta property=\"og:image\" content=\"https:\/\/i0.wp.com\/minutocerord.com\/wp-content\/uploads\/2022\/04\/persona-de-salud-ralizando-prueba-pcr-para-detectar-covid-19-13072020-danelis-sena-dl-16195392-20210416225949_17738368_20211201122106.jpg?fit=1970%2C1024&ssl=1\" \/>\n\t<meta property=\"og:image:width\" content=\"1970\" \/>\n\t<meta property=\"og:image:height\" content=\"1024\" \/>\n\t<meta property=\"og:image:type\" content=\"image\/jpeg\" \/>\n<meta name=\"author\" content=\"Genof\u00f3ntes Urb\u00e1ez\" \/>\n<meta name=\"twitter:card\" content=\"summary_large_image\" \/>\n<meta name=\"twitter:label1\" content=\"Written by\" \/>\n\t<meta name=\"twitter:data1\" content=\"Genof\u00f3ntes Urb\u00e1ez\" \/>\n\t<meta name=\"twitter:label2\" content=\"Est. reading time\" \/>\n\t<meta name=\"twitter:data2\" content=\"1 minuto\" \/>\n<script type=\"application\/ld+json\" class=\"yoast-schema-graph\">{\"@context\":\"https:\\\/\\\/schema.org\",\"@graph\":[{\"@type\":\"Article\",\"@id\":\"https:\\\/\\\/minutocerord.com\\\/?p=9113#article\",\"isPartOf\":{\"@id\":\"https:\\\/\\\/minutocerord.com\\\/?p=9113\"},\"author\":{\"name\":\"Genof\u00f3ntes Urb\u00e1ez\",\"@id\":\"https:\\\/\\\/minutocerord.com\\\/#\\\/schema\\\/person\\\/60b5372d60aaa0a5171fb6488be9aee6\"},\"headline\":\"Salud P\u00fablica reporta 918 nuevos casos de Covid-19\",\"datePublished\":\"2022-06-12T14:18:42+00:00\",\"dateModified\":\"2022-06-12T14:18:43+00:00\",\"mainEntityOfPage\":{\"@id\":\"https:\\\/\\\/minutocerord.com\\\/?p=9113\"},\"wordCount\":220,\"commentCount\":0,\"publisher\":{\"@id\":\"https:\\\/\\\/minutocerord.com\\\/#\\\/schema\\\/person\\\/60b5372d60aaa0a5171fb6488be9aee6\"},\"image\":{\"@id\":\"https:\\\/\\\/minutocerord.com\\\/?p=9113#primaryimage\"},\"thumbnailUrl\":\"https:\\\/\\\/i0.wp.com\\\/minutocerord.com\\\/wp-content\\\/uploads\\\/2022\\\/04\\\/persona-de-salud-ralizando-prueba-pcr-para-detectar-covid-19-13072020-danelis-sena-dl-16195392-20210416225949_17738368_20211201122106.jpg?fit=1970%2C1024&ssl=1\",\"articleSection\":[\"Salud\"],\"inLanguage\":\"es-DO\",\"potentialAction\":[{\"@type\":\"CommentAction\",\"name\":\"Comment\",\"target\":[\"https:\\\/\\\/minutocerord.com\\\/?p=9113#respond\"]}]},{\"@type\":\"WebPage\",\"@id\":\"https:\\\/\\\/minutocerord.com\\\/?p=9113\",\"url\":\"https:\\\/\\\/minutocerord.com\\\/?p=9113\",\"name\":\"Salud P\u00fablica reporta 918 nuevos casos de Covid-19 - Minuto Cero RD\",\"isPartOf\":{\"@id\":\"https:\\\/\\\/minutocerord.com\\\/#website\"},\"primaryImageOfPage\":{\"@id\":\"https:\\\/\\\/minutocerord.com\\\/?p=9113#primaryimage\"},\"image\":{\"@id\":\"https:\\\/\\\/minutocerord.com\\\/?p=9113#primaryimage\"},\"thumbnailUrl\":\"https:\\\/\\\/i0.wp.com\\\/minutocerord.com\\\/wp-content\\\/uploads\\\/2022\\\/04\\\/persona-de-salud-ralizando-prueba-pcr-para-detectar-covid-19-13072020-danelis-sena-dl-16195392-20210416225949_17738368_20211201122106.jpg?fit=1970%2C1024&ssl=1\",\"datePublished\":\"2022-06-12T14:18:42+00:00\",\"dateModified\":\"2022-06-12T14:18:43+00:00\",\"breadcrumb\":{\"@id\":\"https:\\\/\\\/minutocerord.com\\\/?p=9113#breadcrumb\"},\"inLanguage\":\"es-DO\",\"potentialAction\":[{\"@type\":\"ReadAction\",\"target\":[\"https:\\\/\\\/minutocerord.com\\\/?p=9113\"]}]},{\"@type\":\"ImageObject\",\"inLanguage\":\"es-DO\",\"@id\":\"https:\\\/\\\/minutocerord.com\\\/?p=9113#primaryimage\",\"url\":\"https:\\\/\\\/i0.wp.com\\\/minutocerord.com\\\/wp-content\\\/uploads\\\/2022\\\/04\\\/persona-de-salud-ralizando-prueba-pcr-para-detectar-covid-19-13072020-danelis-sena-dl-16195392-20210416225949_17738368_20211201122106.jpg?fit=1970%2C1024&ssl=1\",\"contentUrl\":\"https:\\\/\\\/i0.wp.com\\\/minutocerord.com\\\/wp-content\\\/uploads\\\/2022\\\/04\\\/persona-de-salud-ralizando-prueba-pcr-para-detectar-covid-19-13072020-danelis-sena-dl-16195392-20210416225949_17738368_20211201122106.jpg?fit=1970%2C1024&ssl=1\",\"width\":1970,\"height\":1024},{\"@type\":\"BreadcrumbList\",\"@id\":\"https:\\\/\\\/minutocerord.com\\\/?p=9113#breadcrumb\",\"itemListElement\":[{\"@type\":\"ListItem\",\"position\":1,\"name\":\"Home\",\"item\":\"https:\\\/\\\/minutocerord.com\\\/\"},{\"@type\":\"ListItem\",\"position\":2,\"name\":\"Salud P\u00fablica reporta 918 nuevos casos de Covid-19\"}]},{\"@type\":\"WebSite\",\"@id\":\"https:\\\/\\\/minutocerord.com\\\/#website\",\"url\":\"https:\\\/\\\/minutocerord.com\\\/\",\"name\":\"Minuto Cero RD\",\"description\":\"Periodismo serio y veraz\",\"publisher\":{\"@id\":\"https:\\\/\\\/minutocerord.com\\\/#\\\/schema\\\/person\\\/60b5372d60aaa0a5171fb6488be9aee6\"},\"potentialAction\":[{\"@type\":\"SearchAction\",\"target\":{\"@type\":\"EntryPoint\",\"urlTemplate\":\"https:\\\/\\\/minutocerord.com\\\/?s={search_term_string}\"},\"query-input\":{\"@type\":\"PropertyValueSpecification\",\"valueRequired\":true,\"valueName\":\"search_term_string\"}}],\"inLanguage\":\"es-DO\"},{\"@type\":[\"Person\",\"Organization\"],\"@id\":\"https:\\\/\\\/minutocerord.com\\\/#\\\/schema\\\/person\\\/60b5372d60aaa0a5171fb6488be9aee6\",\"name\":\"Genof\u00f3ntes Urb\u00e1ez\",\"image\":{\"@type\":\"ImageObject\",\"inLanguage\":\"es-DO\",\"@id\":\"https:\\\/\\\/secure.gravatar.com\\\/avatar\\\/a49ef3186a692098ac3e8a1612261e3ad70cf9e44553dff2929e67939a0ecb9d?s=96&d=identicon&r=g\",\"url\":\"https:\\\/\\\/secure.gravatar.com\\\/avatar\\\/a49ef3186a692098ac3e8a1612261e3ad70cf9e44553dff2929e67939a0ecb9d?s=96&d=identicon&r=g\",\"contentUrl\":\"https:\\\/\\\/secure.gravatar.com\\\/avatar\\\/a49ef3186a692098ac3e8a1612261e3ad70cf9e44553dff2929e67939a0ecb9d?s=96&d=identicon&r=g\",\"caption\":\"Genof\u00f3ntes Urb\u00e1ez\"},\"logo\":{\"@id\":\"https:\\\/\\\/secure.gravatar.com\\\/avatar\\\/a49ef3186a692098ac3e8a1612261e3ad70cf9e44553dff2929e67939a0ecb9d?s=96&d=identicon&r=g\"},\"description\":\"Periodista \\\/ Locutor\",\"sameAs\":[\"https:\\\/\\\/www.facebook.com\\\/Genofnotes\",\"https:\\\/\\\/www.instagram.com\\\/genofnotes\\\/\"]}]}<\/script>\n<!-- \/ Yoast SEO plugin. -->","yoast_head_json":{"title":"Salud P\u00fablica reporta 918 nuevos casos de Covid-19 - Minuto Cero RD","robots":{"index":"index","follow":"follow","max-snippet":"max-snippet:-1","max-image-preview":"max-image-preview:large","max-video-preview":"max-video-preview:-1"},"canonical":"https:\/\/minutocerord.com\/?p=9113","og_locale":"es_ES","og_type":"article","og_title":"Salud P\u00fablica reporta 918 nuevos casos de Covid-19 - Minuto Cero RD","og_description":"Santo Domingo.\u2013 El Ministerio de Salud P\u00fablica report\u00f3 este domingo\u00a0 918 casos nuevos de Covid-19 y cero fallecimientos en las \u00faltimas 24 horas. De acuerdo al bolet\u00edn n\u00famero 815, emitido por la Direcci\u00f3n Nacional de Epidemiolog\u00eda del Ministerio de Salud P\u00fablica, el total de fallecidos es de 4,380 mientras que los casos acumulados ascienden a [&hellip;]","og_url":"https:\/\/minutocerord.com\/?p=9113","og_site_name":"Minuto Cero RD","article_publisher":"https:\/\/www.facebook.com\/Genofnotes","article_author":"https:\/\/www.facebook.com\/Genofnotes","article_published_time":"2022-06-12T14:18:42+00:00","article_modified_time":"2022-06-12T14:18:43+00:00","og_image":[{"width":1970,"height":1024,"url":"https:\/\/i0.wp.com\/minutocerord.com\/wp-content\/uploads\/2022\/04\/persona-de-salud-ralizando-prueba-pcr-para-detectar-covid-19-13072020-danelis-sena-dl-16195392-20210416225949_17738368_20211201122106.jpg?fit=1970%2C1024&ssl=1","type":"image\/jpeg"}],"author":"Genof\u00f3ntes Urb\u00e1ez","twitter_card":"summary_large_image","twitter_misc":{"Written by":"Genof\u00f3ntes Urb\u00e1ez","Est. reading time":"1 minuto"},"schema":{"@context":"https:\/\/schema.org","@graph":[{"@type":"Article","@id":"https:\/\/minutocerord.com\/?p=9113#article","isPartOf":{"@id":"https:\/\/minutocerord.com\/?p=9113"},"author":{"name":"Genof\u00f3ntes Urb\u00e1ez","@id":"https:\/\/minutocerord.com\/#\/schema\/person\/60b5372d60aaa0a5171fb6488be9aee6"},"headline":"Salud P\u00fablica reporta 918 nuevos casos de Covid-19","datePublished":"2022-06-12T14:18:42+00:00","dateModified":"2022-06-12T14:18:43+00:00","mainEntityOfPage":{"@id":"https:\/\/minutocerord.com\/?p=9113"},"wordCount":220,"commentCount":0,"publisher":{"@id":"https:\/\/minutocerord.com\/#\/schema\/person\/60b5372d60aaa0a5171fb6488be9aee6"},"image":{"@id":"https:\/\/minutocerord.com\/?p=9113#primaryimage"},"thumbnailUrl":"https:\/\/i0.wp.com\/minutocerord.com\/wp-content\/uploads\/2022\/04\/persona-de-salud-ralizando-prueba-pcr-para-detectar-covid-19-13072020-danelis-sena-dl-16195392-20210416225949_17738368_20211201122106.jpg?fit=1970%2C1024&ssl=1","articleSection":["Salud"],"inLanguage":"es-DO","potentialAction":[{"@type":"CommentAction","name":"Comment","target":["https:\/\/minutocerord.com\/?p=9113#respond"]}]},{"@type":"WebPage","@id":"https:\/\/minutocerord.com\/?p=9113","url":"https:\/\/minutocerord.com\/?p=9113","name":"Salud P\u00fablica reporta 918 nuevos casos de Covid-19 - Minuto Cero RD","isPartOf":{"@id":"https:\/\/minutocerord.com\/#website"},"primaryImageOfPage":{"@id":"https:\/\/minutocerord.com\/?p=9113#primaryimage"},"image":{"@id":"https:\/\/minutocerord.com\/?p=9113#primaryimage"},"thumbnailUrl":"https:\/\/i0.wp.com\/minutocerord.com\/wp-content\/uploads\/2022\/04\/persona-de-salud-ralizando-prueba-pcr-para-detectar-covid-19-13072020-danelis-sena-dl-16195392-20210416225949_17738368_20211201122106.jpg?fit=1970%2C1024&ssl=1","datePublished":"2022-06-12T14:18:42+00:00","dateModified":"2022-06-12T14:18:43+00:00","breadcrumb":{"@id":"https:\/\/minutocerord.com\/?p=9113#breadcrumb"},"inLanguage":"es-DO","potentialAction":[{"@type":"ReadAction","target":["https:\/\/minutocerord.com\/?p=9113"]}]},{"@type":"ImageObject","inLanguage":"es-DO","@id":"https:\/\/minutocerord.com\/?p=9113#primaryimage","url":"https:\/\/i0.wp.com\/minutocerord.com\/wp-content\/uploads\/2022\/04\/persona-de-salud-ralizando-prueba-pcr-para-detectar-covid-19-13072020-danelis-sena-dl-16195392-20210416225949_17738368_20211201122106.jpg?fit=1970%2C1024&ssl=1","contentUrl":"https:\/\/i0.wp.com\/minutocerord.com\/wp-content\/uploads\/2022\/04\/persona-de-salud-ralizando-prueba-pcr-para-detectar-covid-19-13072020-danelis-sena-dl-16195392-20210416225949_17738368_20211201122106.jpg?fit=1970%2C1024&ssl=1","width":1970,"height":1024},{"@type":"BreadcrumbList","@id":"https:\/\/minutocerord.com\/?p=9113#breadcrumb","itemListElement":[{"@type":"ListItem","position":1,"name":"Home","item":"https:\/\/minutocerord.com\/"},{"@type":"ListItem","position":2,"name":"Salud P\u00fablica reporta 918 nuevos casos de Covid-19"}]},{"@type":"WebSite","@id":"https:\/\/minutocerord.com\/#website","url":"https:\/\/minutocerord.com\/","name":"Minuto Cero RD","description":"Periodismo serio y veraz","publisher":{"@id":"https:\/\/minutocerord.com\/#\/schema\/person\/60b5372d60aaa0a5171fb6488be9aee6"},"potentialAction":[{"@type":"SearchAction","target":{"@type":"EntryPoint","urlTemplate":"https:\/\/minutocerord.com\/?s={search_term_string}"},"query-input":{"@type":"PropertyValueSpecification","valueRequired":true,"valueName":"search_term_string"}}],"inLanguage":"es-DO"},{"@type":["Person","Organization"],"@id":"https:\/\/minutocerord.com\/#\/schema\/person\/60b5372d60aaa0a5171fb6488be9aee6","name":"Genof\u00f3ntes Urb\u00e1ez","image":{"@type":"ImageObject","inLanguage":"es-DO","@id":"https:\/\/secure.gravatar.com\/avatar\/a49ef3186a692098ac3e8a1612261e3ad70cf9e44553dff2929e67939a0ecb9d?s=96&d=identicon&r=g","url":"https:\/\/secure.gravatar.com\/avatar\/a49ef3186a692098ac3e8a1612261e3ad70cf9e44553dff2929e67939a0ecb9d?s=96&d=identicon&r=g","contentUrl":"https:\/\/secure.gravatar.com\/avatar\/a49ef3186a692098ac3e8a1612261e3ad70cf9e44553dff2929e67939a0ecb9d?s=96&d=identicon&r=g","caption":"Genof\u00f3ntes Urb\u00e1ez"},"logo":{"@id":"https:\/\/secure.gravatar.com\/avatar\/a49ef3186a692098ac3e8a1612261e3ad70cf9e44553dff2929e67939a0ecb9d?s=96&d=identicon&r=g"},"description":"Periodista \/ Locutor","sameAs":["https:\/\/www.facebook.com\/Genofnotes","https:\/\/www.instagram.com\/genofnotes\/"]}]}},"jetpack_publicize_connections":[],"jetpack_featured_media_url":"https:\/\/i0.wp.com\/minutocerord.com\/wp-content\/uploads\/2022\/04\/persona-de-salud-ralizando-prueba-pcr-para-detectar-covid-19-13072020-danelis-sena-dl-16195392-20210416225949_17738368_20211201122106.jpg?fit=1970%2C1024&ssl=1","jetpack-related-posts":[],"jetpack_sharing_enabled":true,"_links":{"self":[{"href":"https:\/\/minutocerord.com\/index.php?rest_route=\/wp\/v2\/posts\/9113","targetHints":{"allow":["GET"]}}],"collection":[{"href":"https:\/\/minutocerord.com\/index.php?rest_route=\/wp\/v2\/posts"}],"about":[{"href":"https:\/\/minutocerord.com\/index.php?rest_route=\/wp\/v2\/types\/post"}],"author":[{"embeddable":true,"href":"https:\/\/minutocerord.com\/index.php?rest_route=\/wp\/v2\/users\/1"}],"replies":[{"embeddable":true,"href":"https:\/\/minutocerord.com\/index.php?rest_route=%2Fwp%2Fv2%2Fcomments&post=9113"}],"version-history":[{"count":1,"href":"https:\/\/minutocerord.com\/index.php?rest_route=\/wp\/v2\/posts\/9113\/revisions"}],"predecessor-version":[{"id":9114,"href":"https:\/\/minutocerord.com\/index.php?rest_route=\/wp\/v2\/posts\/9113\/revisions\/9114"}],"wp:featuredmedia":[{"embeddable":true,"href":"https:\/\/minutocerord.com\/index.php?rest_route=\/wp\/v2\/media\/8434"}],"wp:attachment":[{"href":"https:\/\/minutocerord.com\/index.php?rest_route=%2Fwp%2Fv2%2Fmedia&parent=9113"}],"wp:term":[{"taxonomy":"category","embeddable":true,"href":"https:\/\/minutocerord.com\/index.php?rest_route=%2Fwp%2Fv2%2Fcategories&post=9113"},{"taxonomy":"post_tag","embeddable":true,"href":"https:\/\/minutocerord.com\/index.php?rest_route=%2Fwp%2Fv2%2Ftags&post=9113"}],"curies":[{"name":"wp","href":"https:\/\/api.w.org\/{rel}","templated":true}]}}