{"id":9115,"date":"2022-06-12T10:29:39","date_gmt":"2022-06-12T14:29:39","guid":{"rendered":"https:\/\/minutocerord.com\/?p=9115"},"modified":"2022-06-12T10:51:33","modified_gmt":"2022-06-12T14:51:33","slug":"puerto-rico-denuncian-xenofobia-contra-madre-dominicana","status":"publish","type":"post","link":"https:\/\/minutocerord.com\/?p=9115","title":{"rendered":"PUERTO RICO: Denuncian xenofobia contra madre dominicana"},"content":{"rendered":"\n<p><a href=\"https:\/\/almomento.net\/wp-content\/uploads\/2022\/06\/YNUEGHZDLVECBAP37T2WJK4AJI.jpg\"><\/a><strong>SAN JUAN, PR.- <\/strong>La comunidad dominicana en Puerto Rico denunci\u00f3 ayer la xenofobia que ha sufrido Jenny de la Cruz B\u00e1ez en el proceso de recuperar a sus hijos, luego que el Tribunal de Apelaciones determin\u00f3 que el juez Eric Ruiz P\u00e9rez, quien atendi\u00f3 el caso en primera instancia, abus\u00f3 de su discreci\u00f3n.<\/p>\n\n\n\n<p>La sentencia, cuya juez ponente fue Olga Birriel Cardona, tambi\u00e9n orden\u00f3 la remoci\u00f3n de los menores, que estaban bajo la custodia de su padre, Marcos Cordero Gonz\u00e1lez, para que pasen a la tutela del Departamento de la Familia mientras se dilucida el caso.<\/p>\n\n\n\n<p>\u201cEntiendo que el mismo lunes (ma\u00f1ana) debe salir una orden del juez al Departamento de la Familia para que asuma la custodia inmediata de los menores. (\u2026) Los jueces del foro apelativo tienen mucha discreci\u00f3n porque no han visto toda la prueba, pero si se cumplen unos requisitos, ellos pueden intervenir\u201d, dijo la abogada de De la Cruz B\u00e1ez, Lizbelle Andino.<\/p>\n\n\n\n<p>Romelinda Grull\u00f3n, del Centro de la Mujer Dominicana, y Jos\u00e9 Rodr\u00edguez, representante de la comunidad dominicana y defensor de derechos humanos, coincidieron en que De la Cruz B\u00e1ez, quien lleva un caso de enajenaci\u00f3n parental contra su expareja, ha recibido un trato diferente y muy revictimizante durante su trayecto por el sistema de justicia.<\/p>\n\n\n\n<p>\u201cEs lamentable que muchos de los casos tengan que salir a la luz p\u00fablica para que tomen acci\u00f3n, como el de Jenny, y si esa es la norma que va a imperar, estamos frente a un sistema bien cuestionable. No es justo que las mujeres reciban este trato del sistema ni la revictimizaci\u00f3n, que en el caso de las inmigrantes es mucho m\u00e1s\u201d, sostuvo Grull\u00f3n.<\/p>\n\n\n\n<p>\u00ab\u00c9l planific\u00f3 todo lo que le est\u00e1 sucediendo a ella. Ya le hab\u00eda hecho lo mismo a su anterior pareja. Todo lo que le ha hecho por ser negra, inmigrante y de escasos recursos. Los tribunales han ido en contra de esta joven, y \u00e9l ha usado el sistema\u201d, denunci\u00f3, por su parte, Rodr\u00edguez.<\/p>\n\n\n\n<p>El Tribunal de Primera Instancia de Aguadilla declar\u00f3, en septiembre de 2021, \u201cno ha lugar\u201d a la solicitud de los abogados de De la Cruz B\u00e1ez de reconsideraci\u00f3n de remover a los dos hijos de casa de su padre y ubicarlos provisionalmente bajo la custodia del Departamento de la Familia.<\/p>\n\n\n\n<p>\u201cPas\u00f3 por alto un hecho que no debi\u00f3 pasar por alto. En este caso, entiendo que paso por alto la recomendaci\u00f3n de la trabajadora social sobre remover a los menores\u201d, dijo el licenciado Omar Moret, tambi\u00e9n abogado de la madre dominicana.<\/p>\n\n\n\n<p>La trabajadora social del tribunal, Janice Bab\u00e1 Rivera, recomend\u00f3 el 23 de agosto del 2021 -despu\u00e9s de esperar m\u00e1s de un a\u00f1o para acceder al expediente de Cordero Gonz\u00e1lez en Florida- que los menores fueran ubicados bajo la custodia del Departamento de la Familia.<\/p>\n\n\n\n<p>\u201cEl Estado debe basar su decisi\u00f3n en el asesoramiento social que se desprende de las investigaciones y evaluaciones periciales ofrecidas por las unidades sociales de familia. (\u2026) La decisi\u00f3n adecuada e informada es esencial para proteger a los menores y evitar as\u00ed el sufrimiento y da\u00f1o emocional y psicol\u00f3gico\u201d, lee la sentencia.<\/p>\n\n\n\n<p>La coordinadora de servicios del Centro de la Mujer Dominicana, Noelia Delgado, fue quien primero ofreci\u00f3 servicios de acompa\u00f1amiento y evaluaci\u00f3n de maltrato a De la Cruz B\u00e1ez.<\/p>\n\n\n\n<p>\u201cElla estaba bien atemorizada, ella desconoc\u00eda cu\u00e1les eran sus derechos, desconoc\u00eda c\u00f3mo proced\u00edan los tribunales en Puerto Rico. Identificamos que hab\u00eda unas irregularidades en el manejo del caso y en el proceso tambi\u00e9n, pues la canalizamos para que ella pudiera recibir servicios psicol\u00f3gicos por las secuelas emocionales del maltrato al que fue expuesta y pudimos identificar\u201d, detall\u00f3 Delgado sobre los resultados de su intervenci\u00f3n con De la Cruz B\u00e1ez en el 2020.<\/p>\n\n\n\n<p>Puntualiz\u00f3 que la mujer dominicana hab\u00eda sido expuesta a \u201cun patr\u00f3n de violencia dom\u00e9stica, que hab\u00eda vivido manifestaciones de violencia f\u00edsica, violencia emocional, destrucci\u00f3n de la libertad, muchas amenazas precisamente con quitarle los ni\u00f1os, amenaza con hacer que la deportaran\u201d.<\/p>\n\n\n\n<p>Delgado comparti\u00f3 que, a lo largo del seguimiento, De la Cruz B\u00e1ez ha demostrado preocupaci\u00f3n genuina por sus hijos y compromiso para recuperarlos. \u201cHa mostrado responsabilidad y ha aprendido que ella s\u00ed tiene derechos. Yo la veo con coherencia, la veo consistente con su relato en estos momentos\u201d, dijo.<\/p>\n\n\n\n<p>Insisti\u00f3 en que los casos de mujeres migrantes v\u00edctimas de violencia dom\u00e9stica est\u00e1n mucho m\u00e1s vulnerables que el resto de la poblaci\u00f3n. La falta de recursos, la centralizaci\u00f3n de las ayudas en la zona metropolitana, la falta de educaci\u00f3n sobre los procesos civiles y criminales en los tribunales, entre otros factores, impactan su acceso a la justicia.<\/p>\n\n\n\n<p>Fuente: EL NUEVO DIA<\/p>\n","protected":false},"excerpt":{"rendered":"<p>SAN JUAN, PR.- La comunidad dominicana en Puerto Rico denunci\u00f3 ayer la xenofobia que ha sufrido Jenny de la Cruz B\u00e1ez en el proceso de recuperar a sus hijos, luego que el Tribunal de Apelaciones determin\u00f3 que el juez Eric Ruiz P\u00e9rez, quien atendi\u00f3 el caso en primera instancia, abus\u00f3 de su discreci\u00f3n. La sentencia, [&hellip;]<\/p>\n","protected":false},"author":1,"featured_media":9116,"comment_status":"open","ping_status":"open","sticky":false,"template":"","format":"standard","meta":{"nf_dc_page":"","jetpack_post_was_ever_published":false,"_jetpack_newsletter_access":"","_jetpack_dont_email_post_to_subs":false,"_jetpack_newsletter_tier_id":0,"_jetpack_memberships_contains_paywalled_content":false,"_jetpack_memberships_contains_paid_content":false,"footnotes":"","jetpack_publicize_message":"","jetpack_publicize_feature_enabled":true,"jetpack_social_post_already_shared":false,"jetpack_social_options":{"image_generator_settings":{"template":"highway","default_image_id":0,"font":"","enabled":false},"version":2}},"categories":[81],"tags":[],"class_list":["post-9115","post","type-post","status-publish","format-standard","has-post-thumbnail","hentry","category-puerto-rico"],"yoast_head":"<!-- This site is optimized with the Yoast SEO plugin v27.4 - https:\/\/yoast.com\/product\/yoast-seo-wordpress\/ -->\n<title>PUERTO RICO: Denuncian xenofobia contra madre dominicana - Minuto Cero RD<\/title>\n<meta name=\"robots\" content=\"index, follow, max-snippet:-1, max-image-preview:large, max-video-preview:-1\" \/>\n<link rel=\"canonical\" href=\"https:\/\/minutocerord.com\/?p=9115\" \/>\n<meta property=\"og:locale\" content=\"es_ES\" \/>\n<meta property=\"og:type\" content=\"article\" \/>\n<meta property=\"og:title\" content=\"PUERTO RICO: Denuncian xenofobia contra madre dominicana - Minuto Cero RD\" \/>\n<meta property=\"og:description\" content=\"SAN JUAN, PR.- La comunidad dominicana en Puerto Rico denunci\u00f3 ayer la xenofobia que ha sufrido Jenny de la Cruz B\u00e1ez en el proceso de recuperar a sus hijos, luego que el Tribunal de Apelaciones determin\u00f3 que el juez Eric Ruiz P\u00e9rez, quien atendi\u00f3 el caso en primera instancia, abus\u00f3 de su discreci\u00f3n. La sentencia, [&hellip;]\" \/>\n<meta property=\"og:url\" content=\"https:\/\/minutocerord.com\/?p=9115\" \/>\n<meta property=\"og:site_name\" content=\"Minuto Cero RD\" \/>\n<meta property=\"article:publisher\" content=\"https:\/\/www.facebook.com\/Genofnotes\" \/>\n<meta property=\"article:author\" content=\"https:\/\/www.facebook.com\/Genofnotes\" \/>\n<meta property=\"article:published_time\" content=\"2022-06-12T14:29:39+00:00\" \/>\n<meta property=\"article:modified_time\" content=\"2022-06-12T14:51:33+00:00\" \/>\n<meta property=\"og:image\" content=\"https:\/\/i0.wp.com\/minutocerord.com\/wp-content\/uploads\/2022\/06\/YNUEGHZDLVECBAP37T2WJK4AJI.jpg?fit=829%2C487&ssl=1\" \/>\n\t<meta property=\"og:image:width\" content=\"829\" \/>\n\t<meta property=\"og:image:height\" content=\"487\" \/>\n\t<meta property=\"og:image:type\" content=\"image\/jpeg\" \/>\n<meta name=\"author\" content=\"Genof\u00f3ntes Urb\u00e1ez\" \/>\n<meta name=\"twitter:card\" content=\"summary_large_image\" \/>\n<meta name=\"twitter:label1\" content=\"Written by\" \/>\n\t<meta name=\"twitter:data1\" content=\"Genof\u00f3ntes Urb\u00e1ez\" \/>\n\t<meta name=\"twitter:label2\" content=\"Est. reading time\" \/>\n\t<meta name=\"twitter:data2\" content=\"4 minutos\" \/>\n<script type=\"application\/ld+json\" class=\"yoast-schema-graph\">{\"@context\":\"https:\\\/\\\/schema.org\",\"@graph\":[{\"@type\":\"Article\",\"@id\":\"https:\\\/\\\/minutocerord.com\\\/?p=9115#article\",\"isPartOf\":{\"@id\":\"https:\\\/\\\/minutocerord.com\\\/?p=9115\"},\"author\":{\"name\":\"Genof\u00f3ntes Urb\u00e1ez\",\"@id\":\"https:\\\/\\\/minutocerord.com\\\/#\\\/schema\\\/person\\\/60b5372d60aaa0a5171fb6488be9aee6\"},\"headline\":\"PUERTO RICO: Denuncian xenofobia contra madre dominicana\",\"datePublished\":\"2022-06-12T14:29:39+00:00\",\"dateModified\":\"2022-06-12T14:51:33+00:00\",\"mainEntityOfPage\":{\"@id\":\"https:\\\/\\\/minutocerord.com\\\/?p=9115\"},\"wordCount\":830,\"commentCount\":0,\"publisher\":{\"@id\":\"https:\\\/\\\/minutocerord.com\\\/#\\\/schema\\\/person\\\/60b5372d60aaa0a5171fb6488be9aee6\"},\"image\":{\"@id\":\"https:\\\/\\\/minutocerord.com\\\/?p=9115#primaryimage\"},\"thumbnailUrl\":\"https:\\\/\\\/i0.wp.com\\\/minutocerord.com\\\/wp-content\\\/uploads\\\/2022\\\/06\\\/YNUEGHZDLVECBAP37T2WJK4AJI.jpg?fit=829%2C487&ssl=1\",\"articleSection\":[\"Puerto Rico\"],\"inLanguage\":\"es-DO\",\"potentialAction\":[{\"@type\":\"CommentAction\",\"name\":\"Comment\",\"target\":[\"https:\\\/\\\/minutocerord.com\\\/?p=9115#respond\"]}]},{\"@type\":\"WebPage\",\"@id\":\"https:\\\/\\\/minutocerord.com\\\/?p=9115\",\"url\":\"https:\\\/\\\/minutocerord.com\\\/?p=9115\",\"name\":\"PUERTO RICO: Denuncian xenofobia contra madre dominicana - Minuto Cero RD\",\"isPartOf\":{\"@id\":\"https:\\\/\\\/minutocerord.com\\\/#website\"},\"primaryImageOfPage\":{\"@id\":\"https:\\\/\\\/minutocerord.com\\\/?p=9115#primaryimage\"},\"image\":{\"@id\":\"https:\\\/\\\/minutocerord.com\\\/?p=9115#primaryimage\"},\"thumbnailUrl\":\"https:\\\/\\\/i0.wp.com\\\/minutocerord.com\\\/wp-content\\\/uploads\\\/2022\\\/06\\\/YNUEGHZDLVECBAP37T2WJK4AJI.jpg?fit=829%2C487&ssl=1\",\"datePublished\":\"2022-06-12T14:29:39+00:00\",\"dateModified\":\"2022-06-12T14:51:33+00:00\",\"breadcrumb\":{\"@id\":\"https:\\\/\\\/minutocerord.com\\\/?p=9115#breadcrumb\"},\"inLanguage\":\"es-DO\",\"potentialAction\":[{\"@type\":\"ReadAction\",\"target\":[\"https:\\\/\\\/minutocerord.com\\\/?p=9115\"]}]},{\"@type\":\"ImageObject\",\"inLanguage\":\"es-DO\",\"@id\":\"https:\\\/\\\/minutocerord.com\\\/?p=9115#primaryimage\",\"url\":\"https:\\\/\\\/i0.wp.com\\\/minutocerord.com\\\/wp-content\\\/uploads\\\/2022\\\/06\\\/YNUEGHZDLVECBAP37T2WJK4AJI.jpg?fit=829%2C487&ssl=1\",\"contentUrl\":\"https:\\\/\\\/i0.wp.com\\\/minutocerord.com\\\/wp-content\\\/uploads\\\/2022\\\/06\\\/YNUEGHZDLVECBAP37T2WJK4AJI.jpg?fit=829%2C487&ssl=1\",\"width\":829,\"height\":487},{\"@type\":\"BreadcrumbList\",\"@id\":\"https:\\\/\\\/minutocerord.com\\\/?p=9115#breadcrumb\",\"itemListElement\":[{\"@type\":\"ListItem\",\"position\":1,\"name\":\"Home\",\"item\":\"https:\\\/\\\/minutocerord.com\\\/\"},{\"@type\":\"ListItem\",\"position\":2,\"name\":\"PUERTO RICO: Denuncian xenofobia contra madre dominicana\"}]},{\"@type\":\"WebSite\",\"@id\":\"https:\\\/\\\/minutocerord.com\\\/#website\",\"url\":\"https:\\\/\\\/minutocerord.com\\\/\",\"name\":\"Minuto Cero RD\",\"description\":\"Periodismo serio y veraz\",\"publisher\":{\"@id\":\"https:\\\/\\\/minutocerord.com\\\/#\\\/schema\\\/person\\\/60b5372d60aaa0a5171fb6488be9aee6\"},\"potentialAction\":[{\"@type\":\"SearchAction\",\"target\":{\"@type\":\"EntryPoint\",\"urlTemplate\":\"https:\\\/\\\/minutocerord.com\\\/?s={search_term_string}\"},\"query-input\":{\"@type\":\"PropertyValueSpecification\",\"valueRequired\":true,\"valueName\":\"search_term_string\"}}],\"inLanguage\":\"es-DO\"},{\"@type\":[\"Person\",\"Organization\"],\"@id\":\"https:\\\/\\\/minutocerord.com\\\/#\\\/schema\\\/person\\\/60b5372d60aaa0a5171fb6488be9aee6\",\"name\":\"Genof\u00f3ntes Urb\u00e1ez\",\"image\":{\"@type\":\"ImageObject\",\"inLanguage\":\"es-DO\",\"@id\":\"https:\\\/\\\/secure.gravatar.com\\\/avatar\\\/a49ef3186a692098ac3e8a1612261e3ad70cf9e44553dff2929e67939a0ecb9d?s=96&d=identicon&r=g\",\"url\":\"https:\\\/\\\/secure.gravatar.com\\\/avatar\\\/a49ef3186a692098ac3e8a1612261e3ad70cf9e44553dff2929e67939a0ecb9d?s=96&d=identicon&r=g\",\"contentUrl\":\"https:\\\/\\\/secure.gravatar.com\\\/avatar\\\/a49ef3186a692098ac3e8a1612261e3ad70cf9e44553dff2929e67939a0ecb9d?s=96&d=identicon&r=g\",\"caption\":\"Genof\u00f3ntes Urb\u00e1ez\"},\"logo\":{\"@id\":\"https:\\\/\\\/secure.gravatar.com\\\/avatar\\\/a49ef3186a692098ac3e8a1612261e3ad70cf9e44553dff2929e67939a0ecb9d?s=96&d=identicon&r=g\"},\"description\":\"Periodista \\\/ Locutor\",\"sameAs\":[\"https:\\\/\\\/www.facebook.com\\\/Genofnotes\",\"https:\\\/\\\/www.instagram.com\\\/genofnotes\\\/\"]}]}<\/script>\n<!-- \/ Yoast SEO plugin. -->","yoast_head_json":{"title":"PUERTO RICO: Denuncian xenofobia contra madre dominicana - Minuto Cero RD","robots":{"index":"index","follow":"follow","max-snippet":"max-snippet:-1","max-image-preview":"max-image-preview:large","max-video-preview":"max-video-preview:-1"},"canonical":"https:\/\/minutocerord.com\/?p=9115","og_locale":"es_ES","og_type":"article","og_title":"PUERTO RICO: Denuncian xenofobia contra madre dominicana - Minuto Cero RD","og_description":"SAN JUAN, PR.- La comunidad dominicana en Puerto Rico denunci\u00f3 ayer la xenofobia que ha sufrido Jenny de la Cruz B\u00e1ez en el proceso de recuperar a sus hijos, luego que el Tribunal de Apelaciones determin\u00f3 que el juez Eric Ruiz P\u00e9rez, quien atendi\u00f3 el caso en primera instancia, abus\u00f3 de su discreci\u00f3n. La sentencia, [&hellip;]","og_url":"https:\/\/minutocerord.com\/?p=9115","og_site_name":"Minuto Cero RD","article_publisher":"https:\/\/www.facebook.com\/Genofnotes","article_author":"https:\/\/www.facebook.com\/Genofnotes","article_published_time":"2022-06-12T14:29:39+00:00","article_modified_time":"2022-06-12T14:51:33+00:00","og_image":[{"width":829,"height":487,"url":"https:\/\/i0.wp.com\/minutocerord.com\/wp-content\/uploads\/2022\/06\/YNUEGHZDLVECBAP37T2WJK4AJI.jpg?fit=829%2C487&ssl=1","type":"image\/jpeg"}],"author":"Genof\u00f3ntes Urb\u00e1ez","twitter_card":"summary_large_image","twitter_misc":{"Written by":"Genof\u00f3ntes Urb\u00e1ez","Est. reading time":"4 minutos"},"schema":{"@context":"https:\/\/schema.org","@graph":[{"@type":"Article","@id":"https:\/\/minutocerord.com\/?p=9115#article","isPartOf":{"@id":"https:\/\/minutocerord.com\/?p=9115"},"author":{"name":"Genof\u00f3ntes Urb\u00e1ez","@id":"https:\/\/minutocerord.com\/#\/schema\/person\/60b5372d60aaa0a5171fb6488be9aee6"},"headline":"PUERTO RICO: Denuncian xenofobia contra madre dominicana","datePublished":"2022-06-12T14:29:39+00:00","dateModified":"2022-06-12T14:51:33+00:00","mainEntityOfPage":{"@id":"https:\/\/minutocerord.com\/?p=9115"},"wordCount":830,"commentCount":0,"publisher":{"@id":"https:\/\/minutocerord.com\/#\/schema\/person\/60b5372d60aaa0a5171fb6488be9aee6"},"image":{"@id":"https:\/\/minutocerord.com\/?p=9115#primaryimage"},"thumbnailUrl":"https:\/\/i0.wp.com\/minutocerord.com\/wp-content\/uploads\/2022\/06\/YNUEGHZDLVECBAP37T2WJK4AJI.jpg?fit=829%2C487&ssl=1","articleSection":["Puerto Rico"],"inLanguage":"es-DO","potentialAction":[{"@type":"CommentAction","name":"Comment","target":["https:\/\/minutocerord.com\/?p=9115#respond"]}]},{"@type":"WebPage","@id":"https:\/\/minutocerord.com\/?p=9115","url":"https:\/\/minutocerord.com\/?p=9115","name":"PUERTO RICO: Denuncian xenofobia contra madre dominicana - Minuto Cero RD","isPartOf":{"@id":"https:\/\/minutocerord.com\/#website"},"primaryImageOfPage":{"@id":"https:\/\/minutocerord.com\/?p=9115#primaryimage"},"image":{"@id":"https:\/\/minutocerord.com\/?p=9115#primaryimage"},"thumbnailUrl":"https:\/\/i0.wp.com\/minutocerord.com\/wp-content\/uploads\/2022\/06\/YNUEGHZDLVECBAP37T2WJK4AJI.jpg?fit=829%2C487&ssl=1","datePublished":"2022-06-12T14:29:39+00:00","dateModified":"2022-06-12T14:51:33+00:00","breadcrumb":{"@id":"https:\/\/minutocerord.com\/?p=9115#breadcrumb"},"inLanguage":"es-DO","potentialAction":[{"@type":"ReadAction","target":["https:\/\/minutocerord.com\/?p=9115"]}]},{"@type":"ImageObject","inLanguage":"es-DO","@id":"https:\/\/minutocerord.com\/?p=9115#primaryimage","url":"https:\/\/i0.wp.com\/minutocerord.com\/wp-content\/uploads\/2022\/06\/YNUEGHZDLVECBAP37T2WJK4AJI.jpg?fit=829%2C487&ssl=1","contentUrl":"https:\/\/i0.wp.com\/minutocerord.com\/wp-content\/uploads\/2022\/06\/YNUEGHZDLVECBAP37T2WJK4AJI.jpg?fit=829%2C487&ssl=1","width":829,"height":487},{"@type":"BreadcrumbList","@id":"https:\/\/minutocerord.com\/?p=9115#breadcrumb","itemListElement":[{"@type":"ListItem","position":1,"name":"Home","item":"https:\/\/minutocerord.com\/"},{"@type":"ListItem","position":2,"name":"PUERTO RICO: Denuncian xenofobia contra madre dominicana"}]},{"@type":"WebSite","@id":"https:\/\/minutocerord.com\/#website","url":"https:\/\/minutocerord.com\/","name":"Minuto Cero RD","description":"Periodismo serio y veraz","publisher":{"@id":"https:\/\/minutocerord.com\/#\/schema\/person\/60b5372d60aaa0a5171fb6488be9aee6"},"potentialAction":[{"@type":"SearchAction","target":{"@type":"EntryPoint","urlTemplate":"https:\/\/minutocerord.com\/?s={search_term_string}"},"query-input":{"@type":"PropertyValueSpecification","valueRequired":true,"valueName":"search_term_string"}}],"inLanguage":"es-DO"},{"@type":["Person","Organization"],"@id":"https:\/\/minutocerord.com\/#\/schema\/person\/60b5372d60aaa0a5171fb6488be9aee6","name":"Genof\u00f3ntes Urb\u00e1ez","image":{"@type":"ImageObject","inLanguage":"es-DO","@id":"https:\/\/secure.gravatar.com\/avatar\/a49ef3186a692098ac3e8a1612261e3ad70cf9e44553dff2929e67939a0ecb9d?s=96&d=identicon&r=g","url":"https:\/\/secure.gravatar.com\/avatar\/a49ef3186a692098ac3e8a1612261e3ad70cf9e44553dff2929e67939a0ecb9d?s=96&d=identicon&r=g","contentUrl":"https:\/\/secure.gravatar.com\/avatar\/a49ef3186a692098ac3e8a1612261e3ad70cf9e44553dff2929e67939a0ecb9d?s=96&d=identicon&r=g","caption":"Genof\u00f3ntes Urb\u00e1ez"},"logo":{"@id":"https:\/\/secure.gravatar.com\/avatar\/a49ef3186a692098ac3e8a1612261e3ad70cf9e44553dff2929e67939a0ecb9d?s=96&d=identicon&r=g"},"description":"Periodista \/ Locutor","sameAs":["https:\/\/www.facebook.com\/Genofnotes","https:\/\/www.instagram.com\/genofnotes\/"]}]}},"jetpack_publicize_connections":[],"jetpack_featured_media_url":"https:\/\/i0.wp.com\/minutocerord.com\/wp-content\/uploads\/2022\/06\/YNUEGHZDLVECBAP37T2WJK4AJI.jpg?fit=829%2C487&ssl=1","jetpack-related-posts":[],"jetpack_sharing_enabled":true,"_links":{"self":[{"href":"https:\/\/minutocerord.com\/index.php?rest_route=\/wp\/v2\/posts\/9115","targetHints":{"allow":["GET"]}}],"collection":[{"href":"https:\/\/minutocerord.com\/index.php?rest_route=\/wp\/v2\/posts"}],"about":[{"href":"https:\/\/minutocerord.com\/index.php?rest_route=\/wp\/v2\/types\/post"}],"author":[{"embeddable":true,"href":"https:\/\/minutocerord.com\/index.php?rest_route=\/wp\/v2\/users\/1"}],"replies":[{"embeddable":true,"href":"https:\/\/minutocerord.com\/index.php?rest_route=%2Fwp%2Fv2%2Fcomments&post=9115"}],"version-history":[{"count":2,"href":"https:\/\/minutocerord.com\/index.php?rest_route=\/wp\/v2\/posts\/9115\/revisions"}],"predecessor-version":[{"id":9125,"href":"https:\/\/minutocerord.com\/index.php?rest_route=\/wp\/v2\/posts\/9115\/revisions\/9125"}],"wp:featuredmedia":[{"embeddable":true,"href":"https:\/\/minutocerord.com\/index.php?rest_route=\/wp\/v2\/media\/9116"}],"wp:attachment":[{"href":"https:\/\/minutocerord.com\/index.php?rest_route=%2Fwp%2Fv2%2Fmedia&parent=9115"}],"wp:term":[{"taxonomy":"category","embeddable":true,"href":"https:\/\/minutocerord.com\/index.php?rest_route=%2Fwp%2Fv2%2Fcategories&post=9115"},{"taxonomy":"post_tag","embeddable":true,"href":"https:\/\/minutocerord.com\/index.php?rest_route=%2Fwp%2Fv2%2Ftags&post=9115"}],"curies":[{"name":"wp","href":"https:\/\/api.w.org\/{rel}","templated":true}]}}