{"id":9118,"date":"2022-06-12T10:33:08","date_gmt":"2022-06-12T14:33:08","guid":{"rendered":"https:\/\/minutocerord.com\/?p=9118"},"modified":"2022-06-12T10:33:09","modified_gmt":"2022-06-12T14:33:09","slug":"un-estudio-sugiere-que-el-consumo-diario-de-leche-de-vaca-aumenta-el-riesgo-de-cancer-de-prostata","status":"publish","type":"post","link":"https:\/\/minutocerord.com\/?p=9118","title":{"rendered":"Un estudio sugiere que el consumo diario de leche de vaca aumenta el riesgo de c\u00e1ncer de pr\u00f3stata"},"content":{"rendered":"\n<p><strong>EE.UU.-<\/strong> Los hombres que consumen m\u00e1s alimentos l\u00e1cteos, especialmente leche de vaca, corren un riesgo significativamente mayor de desarrollar c\u00e1ncer de pr\u00f3stata en comparaci\u00f3n con aquellos que consumen menos, seg\u00fan se desprende de un estudio realizado por un equipo de investigadores del Centro M\u00e9dico de la Universidad de Loma Linda (EE.UU.) que ha sido publicado esta semana en la revista The American Journal of Clinical Nutrition.<\/p>\n\n\n\n<p>La investigaci\u00f3n evalu\u00f3 la ingesta diet\u00e9tica de m\u00e1s de 28.000 hombres de Estados Unidos y Canad\u00e1 con una amplia gama de exposici\u00f3n a l\u00e1cteos y calcio, y que no padec\u00edan c\u00e1ncer en el momento de arrancar el estudio. Tambi\u00e9n se tuvieron en cuenta datos demogr\u00e1ficos, antecedentes familiares de c\u00e1ncer de pr\u00f3stata, actividad f\u00edsica y consumo de alcohol.<\/p>\n\n\n\n<p>Durante casi ocho a\u00f1os, se hizo un seguimiento de los participantes y, al final del per\u00edodo analizado, se hab\u00edan detectado entre ellos 1.254 casos de c\u00e1ncer de pr\u00f3stata.<\/p>\n\n\n\n<p>Los datos de la investigaci\u00f3n revelan que los hombres que consum\u00edan alrededor de 430 gramos de leche al d\u00eda ten\u00edan un riesgo 25 % mayor de desarrollar c\u00e1ncer de pr\u00f3stata, en comparaci\u00f3n con los que tomaban solo 20 gramos. Adem\u00e1s, aquellos que consum\u00edan alrededor de 430 gramos de l\u00e1cteos al d\u00eda afrontaban un aumento a\u00fan mayor de este riesgo, en comparaci\u00f3n con los hombres que no incorporaban l\u00e1cteos a sus dietas.<\/p>\n\n\n\n<p>Los investigadores subrayan la variaci\u00f3n m\u00ednima de los resultados cuando se comparaba la ingesta de leches enteras con leches reducidas o descremadas. Asimismo,&nbsp; no observaron asociaciones importantes entre el c\u00e1ncer y l\u00e1cteos como el queso y el yogur.<a><\/a><\/p>\n\n\n\n<p>Por otro lado, se hallaron escasas evidencias que permitan asociar la ingesta de calcio no l\u00e1cteo y el c\u00e1ncer de pr\u00f3stata incidente, lo que sugiere que otras sustancias l\u00e1cteas son las que desempe\u00f1an un papel significativo en el desarrollo de la enfermedad.<\/p>\n\n\n\n<p>&#8220;Nuestros hallazgos agregan un peso importante a otras pruebas que asocian los productos l\u00e1cteos, en lugar del calcio no l\u00e1cteo, como un factor de riesgo modificable para el c\u00e1ncer de pr\u00f3stata&#8221;, dijo Gary Fraser, autor principal del estudio. &#8220;Una interpretaci\u00f3n es que los productos l\u00e1cteos, o alg\u00fan factor de riesgo desconocido estrechamente asociado, est\u00e1n relacionados causalmente con el riesgo de c\u00e1ncer de pr\u00f3stata&#8221;.<\/p>\n\n\n\n<p>Fraser subray\u00f3 que una posible raz\u00f3n podr\u00eda ser el contenido de hormonas sexuales de la leche de vaca, pues la mayor\u00eda est\u00e1n pre\u00f1adas cuando producen la leche y el c\u00e1ncer de pr\u00f3stata es una enfermedad que responde a las hormonas.<\/p>\n\n\n\n<p>RT<\/p>\n","protected":false},"excerpt":{"rendered":"<p>EE.UU.- Los hombres que consumen m\u00e1s alimentos l\u00e1cteos, especialmente leche de vaca, corren un riesgo significativamente mayor de desarrollar c\u00e1ncer de pr\u00f3stata en comparaci\u00f3n con aquellos que consumen menos, seg\u00fan se desprende de un estudio realizado por un equipo de investigadores del Centro M\u00e9dico de la Universidad de Loma Linda (EE.UU.) que ha sido publicado [&hellip;]<\/p>\n","protected":false},"author":1,"featured_media":9119,"comment_status":"open","ping_status":"open","sticky":false,"template":"","format":"standard","meta":{"nf_dc_page":"","jetpack_post_was_ever_published":false,"_jetpack_newsletter_access":"","_jetpack_dont_email_post_to_subs":false,"_jetpack_newsletter_tier_id":0,"_jetpack_memberships_contains_paywalled_content":false,"_jetpack_memberships_contains_paid_content":false,"footnotes":"","jetpack_publicize_message":"","jetpack_publicize_feature_enabled":true,"jetpack_social_post_already_shared":false,"jetpack_social_options":{"image_generator_settings":{"template":"highway","default_image_id":0,"font":"","enabled":false},"version":2}},"categories":[67],"tags":[],"class_list":["post-9118","post","type-post","status-publish","format-standard","has-post-thumbnail","hentry","category-salud"],"yoast_head":"<!-- This site is optimized with the Yoast SEO plugin v27.4 - https:\/\/yoast.com\/product\/yoast-seo-wordpress\/ -->\n<title>Un estudio sugiere que el consumo diario de leche de vaca aumenta el riesgo de c\u00e1ncer de pr\u00f3stata - Minuto Cero RD<\/title>\n<meta name=\"robots\" content=\"index, follow, max-snippet:-1, max-image-preview:large, max-video-preview:-1\" \/>\n<link rel=\"canonical\" href=\"https:\/\/minutocerord.com\/?p=9118\" \/>\n<meta property=\"og:locale\" content=\"es_ES\" \/>\n<meta property=\"og:type\" content=\"article\" \/>\n<meta property=\"og:title\" content=\"Un estudio sugiere que el consumo diario de leche de vaca aumenta el riesgo de c\u00e1ncer de pr\u00f3stata - Minuto Cero RD\" \/>\n<meta property=\"og:description\" content=\"EE.UU.- Los hombres que consumen m\u00e1s alimentos l\u00e1cteos, especialmente leche de vaca, corren un riesgo significativamente mayor de desarrollar c\u00e1ncer de pr\u00f3stata en comparaci\u00f3n con aquellos que consumen menos, seg\u00fan se desprende de un estudio realizado por un equipo de investigadores del Centro M\u00e9dico de la Universidad de Loma Linda (EE.UU.) que ha sido publicado [&hellip;]\" \/>\n<meta property=\"og:url\" content=\"https:\/\/minutocerord.com\/?p=9118\" \/>\n<meta property=\"og:site_name\" content=\"Minuto Cero RD\" \/>\n<meta property=\"article:publisher\" content=\"https:\/\/www.facebook.com\/Genofnotes\" \/>\n<meta property=\"article:author\" content=\"https:\/\/www.facebook.com\/Genofnotes\" \/>\n<meta property=\"article:published_time\" content=\"2022-06-12T14:33:08+00:00\" \/>\n<meta property=\"article:modified_time\" content=\"2022-06-12T14:33:09+00:00\" \/>\n<meta property=\"og:image\" content=\"https:\/\/i0.wp.com\/minutocerord.com\/wp-content\/uploads\/2022\/06\/62a46c08e9ff7129ca188d2c.jpeg?fit=1104%2C622&ssl=1\" \/>\n\t<meta property=\"og:image:width\" content=\"1104\" \/>\n\t<meta property=\"og:image:height\" content=\"622\" \/>\n\t<meta property=\"og:image:type\" content=\"image\/jpeg\" \/>\n<meta name=\"author\" content=\"Genof\u00f3ntes Urb\u00e1ez\" \/>\n<meta name=\"twitter:card\" content=\"summary_large_image\" \/>\n<meta name=\"twitter:label1\" content=\"Written by\" \/>\n\t<meta name=\"twitter:data1\" content=\"Genof\u00f3ntes Urb\u00e1ez\" \/>\n\t<meta name=\"twitter:label2\" content=\"Est. reading time\" \/>\n\t<meta name=\"twitter:data2\" content=\"2 minutos\" \/>\n<script type=\"application\/ld+json\" class=\"yoast-schema-graph\">{\"@context\":\"https:\\\/\\\/schema.org\",\"@graph\":[{\"@type\":\"Article\",\"@id\":\"https:\\\/\\\/minutocerord.com\\\/?p=9118#article\",\"isPartOf\":{\"@id\":\"https:\\\/\\\/minutocerord.com\\\/?p=9118\"},\"author\":{\"name\":\"Genof\u00f3ntes Urb\u00e1ez\",\"@id\":\"https:\\\/\\\/minutocerord.com\\\/#\\\/schema\\\/person\\\/60b5372d60aaa0a5171fb6488be9aee6\"},\"headline\":\"Un estudio sugiere que el consumo diario de leche de vaca aumenta el riesgo de c\u00e1ncer de pr\u00f3stata\",\"datePublished\":\"2022-06-12T14:33:08+00:00\",\"dateModified\":\"2022-06-12T14:33:09+00:00\",\"mainEntityOfPage\":{\"@id\":\"https:\\\/\\\/minutocerord.com\\\/?p=9118\"},\"wordCount\":487,\"commentCount\":0,\"publisher\":{\"@id\":\"https:\\\/\\\/minutocerord.com\\\/#\\\/schema\\\/person\\\/60b5372d60aaa0a5171fb6488be9aee6\"},\"image\":{\"@id\":\"https:\\\/\\\/minutocerord.com\\\/?p=9118#primaryimage\"},\"thumbnailUrl\":\"https:\\\/\\\/i0.wp.com\\\/minutocerord.com\\\/wp-content\\\/uploads\\\/2022\\\/06\\\/62a46c08e9ff7129ca188d2c.jpeg?fit=1104%2C622&ssl=1\",\"articleSection\":[\"Salud\"],\"inLanguage\":\"es-DO\",\"potentialAction\":[{\"@type\":\"CommentAction\",\"name\":\"Comment\",\"target\":[\"https:\\\/\\\/minutocerord.com\\\/?p=9118#respond\"]}]},{\"@type\":\"WebPage\",\"@id\":\"https:\\\/\\\/minutocerord.com\\\/?p=9118\",\"url\":\"https:\\\/\\\/minutocerord.com\\\/?p=9118\",\"name\":\"Un estudio sugiere que el consumo diario de leche de vaca aumenta el riesgo de c\u00e1ncer de pr\u00f3stata - Minuto Cero RD\",\"isPartOf\":{\"@id\":\"https:\\\/\\\/minutocerord.com\\\/#website\"},\"primaryImageOfPage\":{\"@id\":\"https:\\\/\\\/minutocerord.com\\\/?p=9118#primaryimage\"},\"image\":{\"@id\":\"https:\\\/\\\/minutocerord.com\\\/?p=9118#primaryimage\"},\"thumbnailUrl\":\"https:\\\/\\\/i0.wp.com\\\/minutocerord.com\\\/wp-content\\\/uploads\\\/2022\\\/06\\\/62a46c08e9ff7129ca188d2c.jpeg?fit=1104%2C622&ssl=1\",\"datePublished\":\"2022-06-12T14:33:08+00:00\",\"dateModified\":\"2022-06-12T14:33:09+00:00\",\"breadcrumb\":{\"@id\":\"https:\\\/\\\/minutocerord.com\\\/?p=9118#breadcrumb\"},\"inLanguage\":\"es-DO\",\"potentialAction\":[{\"@type\":\"ReadAction\",\"target\":[\"https:\\\/\\\/minutocerord.com\\\/?p=9118\"]}]},{\"@type\":\"ImageObject\",\"inLanguage\":\"es-DO\",\"@id\":\"https:\\\/\\\/minutocerord.com\\\/?p=9118#primaryimage\",\"url\":\"https:\\\/\\\/i0.wp.com\\\/minutocerord.com\\\/wp-content\\\/uploads\\\/2022\\\/06\\\/62a46c08e9ff7129ca188d2c.jpeg?fit=1104%2C622&ssl=1\",\"contentUrl\":\"https:\\\/\\\/i0.wp.com\\\/minutocerord.com\\\/wp-content\\\/uploads\\\/2022\\\/06\\\/62a46c08e9ff7129ca188d2c.jpeg?fit=1104%2C622&ssl=1\",\"width\":1104,\"height\":622},{\"@type\":\"BreadcrumbList\",\"@id\":\"https:\\\/\\\/minutocerord.com\\\/?p=9118#breadcrumb\",\"itemListElement\":[{\"@type\":\"ListItem\",\"position\":1,\"name\":\"Home\",\"item\":\"https:\\\/\\\/minutocerord.com\\\/\"},{\"@type\":\"ListItem\",\"position\":2,\"name\":\"Un estudio sugiere que el consumo diario de leche de vaca aumenta el riesgo de c\u00e1ncer de pr\u00f3stata\"}]},{\"@type\":\"WebSite\",\"@id\":\"https:\\\/\\\/minutocerord.com\\\/#website\",\"url\":\"https:\\\/\\\/minutocerord.com\\\/\",\"name\":\"Minuto Cero RD\",\"description\":\"Periodismo serio y veraz\",\"publisher\":{\"@id\":\"https:\\\/\\\/minutocerord.com\\\/#\\\/schema\\\/person\\\/60b5372d60aaa0a5171fb6488be9aee6\"},\"potentialAction\":[{\"@type\":\"SearchAction\",\"target\":{\"@type\":\"EntryPoint\",\"urlTemplate\":\"https:\\\/\\\/minutocerord.com\\\/?s={search_term_string}\"},\"query-input\":{\"@type\":\"PropertyValueSpecification\",\"valueRequired\":true,\"valueName\":\"search_term_string\"}}],\"inLanguage\":\"es-DO\"},{\"@type\":[\"Person\",\"Organization\"],\"@id\":\"https:\\\/\\\/minutocerord.com\\\/#\\\/schema\\\/person\\\/60b5372d60aaa0a5171fb6488be9aee6\",\"name\":\"Genof\u00f3ntes Urb\u00e1ez\",\"image\":{\"@type\":\"ImageObject\",\"inLanguage\":\"es-DO\",\"@id\":\"https:\\\/\\\/secure.gravatar.com\\\/avatar\\\/a49ef3186a692098ac3e8a1612261e3ad70cf9e44553dff2929e67939a0ecb9d?s=96&d=identicon&r=g\",\"url\":\"https:\\\/\\\/secure.gravatar.com\\\/avatar\\\/a49ef3186a692098ac3e8a1612261e3ad70cf9e44553dff2929e67939a0ecb9d?s=96&d=identicon&r=g\",\"contentUrl\":\"https:\\\/\\\/secure.gravatar.com\\\/avatar\\\/a49ef3186a692098ac3e8a1612261e3ad70cf9e44553dff2929e67939a0ecb9d?s=96&d=identicon&r=g\",\"caption\":\"Genof\u00f3ntes Urb\u00e1ez\"},\"logo\":{\"@id\":\"https:\\\/\\\/secure.gravatar.com\\\/avatar\\\/a49ef3186a692098ac3e8a1612261e3ad70cf9e44553dff2929e67939a0ecb9d?s=96&d=identicon&r=g\"},\"description\":\"Periodista \\\/ Locutor\",\"sameAs\":[\"https:\\\/\\\/www.facebook.com\\\/Genofnotes\",\"https:\\\/\\\/www.instagram.com\\\/genofnotes\\\/\"]}]}<\/script>\n<!-- \/ Yoast SEO plugin. -->","yoast_head_json":{"title":"Un estudio sugiere que el consumo diario de leche de vaca aumenta el riesgo de c\u00e1ncer de pr\u00f3stata - Minuto Cero RD","robots":{"index":"index","follow":"follow","max-snippet":"max-snippet:-1","max-image-preview":"max-image-preview:large","max-video-preview":"max-video-preview:-1"},"canonical":"https:\/\/minutocerord.com\/?p=9118","og_locale":"es_ES","og_type":"article","og_title":"Un estudio sugiere que el consumo diario de leche de vaca aumenta el riesgo de c\u00e1ncer de pr\u00f3stata - Minuto Cero RD","og_description":"EE.UU.- Los hombres que consumen m\u00e1s alimentos l\u00e1cteos, especialmente leche de vaca, corren un riesgo significativamente mayor de desarrollar c\u00e1ncer de pr\u00f3stata en comparaci\u00f3n con aquellos que consumen menos, seg\u00fan se desprende de un estudio realizado por un equipo de investigadores del Centro M\u00e9dico de la Universidad de Loma Linda (EE.UU.) que ha sido publicado [&hellip;]","og_url":"https:\/\/minutocerord.com\/?p=9118","og_site_name":"Minuto Cero RD","article_publisher":"https:\/\/www.facebook.com\/Genofnotes","article_author":"https:\/\/www.facebook.com\/Genofnotes","article_published_time":"2022-06-12T14:33:08+00:00","article_modified_time":"2022-06-12T14:33:09+00:00","og_image":[{"width":1104,"height":622,"url":"https:\/\/i0.wp.com\/minutocerord.com\/wp-content\/uploads\/2022\/06\/62a46c08e9ff7129ca188d2c.jpeg?fit=1104%2C622&ssl=1","type":"image\/jpeg"}],"author":"Genof\u00f3ntes Urb\u00e1ez","twitter_card":"summary_large_image","twitter_misc":{"Written by":"Genof\u00f3ntes Urb\u00e1ez","Est. reading time":"2 minutos"},"schema":{"@context":"https:\/\/schema.org","@graph":[{"@type":"Article","@id":"https:\/\/minutocerord.com\/?p=9118#article","isPartOf":{"@id":"https:\/\/minutocerord.com\/?p=9118"},"author":{"name":"Genof\u00f3ntes Urb\u00e1ez","@id":"https:\/\/minutocerord.com\/#\/schema\/person\/60b5372d60aaa0a5171fb6488be9aee6"},"headline":"Un estudio sugiere que el consumo diario de leche de vaca aumenta el riesgo de c\u00e1ncer de pr\u00f3stata","datePublished":"2022-06-12T14:33:08+00:00","dateModified":"2022-06-12T14:33:09+00:00","mainEntityOfPage":{"@id":"https:\/\/minutocerord.com\/?p=9118"},"wordCount":487,"commentCount":0,"publisher":{"@id":"https:\/\/minutocerord.com\/#\/schema\/person\/60b5372d60aaa0a5171fb6488be9aee6"},"image":{"@id":"https:\/\/minutocerord.com\/?p=9118#primaryimage"},"thumbnailUrl":"https:\/\/i0.wp.com\/minutocerord.com\/wp-content\/uploads\/2022\/06\/62a46c08e9ff7129ca188d2c.jpeg?fit=1104%2C622&ssl=1","articleSection":["Salud"],"inLanguage":"es-DO","potentialAction":[{"@type":"CommentAction","name":"Comment","target":["https:\/\/minutocerord.com\/?p=9118#respond"]}]},{"@type":"WebPage","@id":"https:\/\/minutocerord.com\/?p=9118","url":"https:\/\/minutocerord.com\/?p=9118","name":"Un estudio sugiere que el consumo diario de leche de vaca aumenta el riesgo de c\u00e1ncer de pr\u00f3stata - Minuto Cero RD","isPartOf":{"@id":"https:\/\/minutocerord.com\/#website"},"primaryImageOfPage":{"@id":"https:\/\/minutocerord.com\/?p=9118#primaryimage"},"image":{"@id":"https:\/\/minutocerord.com\/?p=9118#primaryimage"},"thumbnailUrl":"https:\/\/i0.wp.com\/minutocerord.com\/wp-content\/uploads\/2022\/06\/62a46c08e9ff7129ca188d2c.jpeg?fit=1104%2C622&ssl=1","datePublished":"2022-06-12T14:33:08+00:00","dateModified":"2022-06-12T14:33:09+00:00","breadcrumb":{"@id":"https:\/\/minutocerord.com\/?p=9118#breadcrumb"},"inLanguage":"es-DO","potentialAction":[{"@type":"ReadAction","target":["https:\/\/minutocerord.com\/?p=9118"]}]},{"@type":"ImageObject","inLanguage":"es-DO","@id":"https:\/\/minutocerord.com\/?p=9118#primaryimage","url":"https:\/\/i0.wp.com\/minutocerord.com\/wp-content\/uploads\/2022\/06\/62a46c08e9ff7129ca188d2c.jpeg?fit=1104%2C622&ssl=1","contentUrl":"https:\/\/i0.wp.com\/minutocerord.com\/wp-content\/uploads\/2022\/06\/62a46c08e9ff7129ca188d2c.jpeg?fit=1104%2C622&ssl=1","width":1104,"height":622},{"@type":"BreadcrumbList","@id":"https:\/\/minutocerord.com\/?p=9118#breadcrumb","itemListElement":[{"@type":"ListItem","position":1,"name":"Home","item":"https:\/\/minutocerord.com\/"},{"@type":"ListItem","position":2,"name":"Un estudio sugiere que el consumo diario de leche de vaca aumenta el riesgo de c\u00e1ncer de pr\u00f3stata"}]},{"@type":"WebSite","@id":"https:\/\/minutocerord.com\/#website","url":"https:\/\/minutocerord.com\/","name":"Minuto Cero RD","description":"Periodismo serio y veraz","publisher":{"@id":"https:\/\/minutocerord.com\/#\/schema\/person\/60b5372d60aaa0a5171fb6488be9aee6"},"potentialAction":[{"@type":"SearchAction","target":{"@type":"EntryPoint","urlTemplate":"https:\/\/minutocerord.com\/?s={search_term_string}"},"query-input":{"@type":"PropertyValueSpecification","valueRequired":true,"valueName":"search_term_string"}}],"inLanguage":"es-DO"},{"@type":["Person","Organization"],"@id":"https:\/\/minutocerord.com\/#\/schema\/person\/60b5372d60aaa0a5171fb6488be9aee6","name":"Genof\u00f3ntes Urb\u00e1ez","image":{"@type":"ImageObject","inLanguage":"es-DO","@id":"https:\/\/secure.gravatar.com\/avatar\/a49ef3186a692098ac3e8a1612261e3ad70cf9e44553dff2929e67939a0ecb9d?s=96&d=identicon&r=g","url":"https:\/\/secure.gravatar.com\/avatar\/a49ef3186a692098ac3e8a1612261e3ad70cf9e44553dff2929e67939a0ecb9d?s=96&d=identicon&r=g","contentUrl":"https:\/\/secure.gravatar.com\/avatar\/a49ef3186a692098ac3e8a1612261e3ad70cf9e44553dff2929e67939a0ecb9d?s=96&d=identicon&r=g","caption":"Genof\u00f3ntes Urb\u00e1ez"},"logo":{"@id":"https:\/\/secure.gravatar.com\/avatar\/a49ef3186a692098ac3e8a1612261e3ad70cf9e44553dff2929e67939a0ecb9d?s=96&d=identicon&r=g"},"description":"Periodista \/ Locutor","sameAs":["https:\/\/www.facebook.com\/Genofnotes","https:\/\/www.instagram.com\/genofnotes\/"]}]}},"jetpack_publicize_connections":[],"jetpack_featured_media_url":"https:\/\/i0.wp.com\/minutocerord.com\/wp-content\/uploads\/2022\/06\/62a46c08e9ff7129ca188d2c.jpeg?fit=1104%2C622&ssl=1","jetpack-related-posts":[],"jetpack_sharing_enabled":true,"_links":{"self":[{"href":"https:\/\/minutocerord.com\/index.php?rest_route=\/wp\/v2\/posts\/9118","targetHints":{"allow":["GET"]}}],"collection":[{"href":"https:\/\/minutocerord.com\/index.php?rest_route=\/wp\/v2\/posts"}],"about":[{"href":"https:\/\/minutocerord.com\/index.php?rest_route=\/wp\/v2\/types\/post"}],"author":[{"embeddable":true,"href":"https:\/\/minutocerord.com\/index.php?rest_route=\/wp\/v2\/users\/1"}],"replies":[{"embeddable":true,"href":"https:\/\/minutocerord.com\/index.php?rest_route=%2Fwp%2Fv2%2Fcomments&post=9118"}],"version-history":[{"count":1,"href":"https:\/\/minutocerord.com\/index.php?rest_route=\/wp\/v2\/posts\/9118\/revisions"}],"predecessor-version":[{"id":9120,"href":"https:\/\/minutocerord.com\/index.php?rest_route=\/wp\/v2\/posts\/9118\/revisions\/9120"}],"wp:featuredmedia":[{"embeddable":true,"href":"https:\/\/minutocerord.com\/index.php?rest_route=\/wp\/v2\/media\/9119"}],"wp:attachment":[{"href":"https:\/\/minutocerord.com\/index.php?rest_route=%2Fwp%2Fv2%2Fmedia&parent=9118"}],"wp:term":[{"taxonomy":"category","embeddable":true,"href":"https:\/\/minutocerord.com\/index.php?rest_route=%2Fwp%2Fv2%2Fcategories&post=9118"},{"taxonomy":"post_tag","embeddable":true,"href":"https:\/\/minutocerord.com\/index.php?rest_route=%2Fwp%2Fv2%2Ftags&post=9118"}],"curies":[{"name":"wp","href":"https:\/\/api.w.org\/{rel}","templated":true}]}}