{"id":9122,"date":"2022-06-12T10:47:02","date_gmt":"2022-06-12T14:47:02","guid":{"rendered":"https:\/\/minutocerord.com\/?p=9122"},"modified":"2022-06-12T10:47:04","modified_gmt":"2022-06-12T14:47:04","slug":"regidor-herido-en-santiago-rodriguez-desconoce-los-motivos-que-motivaron-tragedia","status":"publish","type":"post","link":"https:\/\/minutocerord.com\/?p=9122","title":{"rendered":"Regidor herido en Santiago Rodr\u00edguez desconoce los motivos que motivaron tragedia"},"content":{"rendered":"\n<p><strong>Santiago Rodr\u00edguez.\u2013 <\/strong>El regidor del partido Fuerza del Pueblo y empresario del transporte Luis Alberto G\u00f3mez\u00a0 (tito), quien result\u00f3 herido de bala durante el incidente donde falleci\u00f3 una pareja de esposos en un centro de diversi\u00f3n de esta localidad, dijo desconocer los motivo ya que el agresor\u00a0 Carlos Juan Garc\u00eda, era hombre de su confianza, que trabaj\u00f3 en su campa\u00f1a electoral y tampoco ten\u00eda problemas con las v\u00edctimas.<\/p>\n\n\n<div class=\"wp-block-image\">\n<figure class=\"alignright\"><a href=\"https:\/\/i0.wp.com\/blogger.googleusercontent.com\/img\/b\/R29vZ2xl\/AVvXsEi9k9rBNu-Bse7QS46KQiwQy09xlWcdGKQu0VC08ms7Ggl4seHBln81HfPl9U-qXNjoW50NcD4M-bGS0nNhKIoYoKyHEdwviilerTPo_1rCt5qa8A2-5Nzvt71YnSzeEuZHiHpyzsNugYZuQn22TE8S-LGO6tdgTyKyqOLHLBOOe0FlnK5KYnNk2kD1dQ\/s640\/whatsapp-image-2022-06-10-at-110809-am.jpeg?ssl=1\"><img data-recalc-dims=\"1\" decoding=\"async\" loading=\"lazy\" src=\"https:\/\/i0.wp.com\/blogger.googleusercontent.com\/img\/b\/R29vZ2xl\/AVvXsEi9k9rBNu-Bse7QS46KQiwQy09xlWcdGKQu0VC08ms7Ggl4seHBln81HfPl9U-qXNjoW50NcD4M-bGS0nNhKIoYoKyHEdwviilerTPo_1rCt5qa8A2-5Nzvt71YnSzeEuZHiHpyzsNugYZuQn22TE8S-LGO6tdgTyKyqOLHLBOOe0FlnK5KYnNk2kD1dQ\/w400-h220\/whatsapp-image-2022-06-10-at-110809-am.jpeg?w=640&#038;ssl=1\" alt=\"\"\/><\/a><\/figure>\n<\/div>\n\n\n<p>Alberto G\u00f3mez, explic\u00f3 que el agresor tambi\u00e9n se encontraba ingiriendo bebidas alcoh\u00f3lica en el Food Shop&nbsp; de la estaci\u00f3n de combustibles el ganadero, cuando al momento de pagar la cuenta desenfund\u00f3 su arma \u201cy a m\u00ed fue el primero en dispararme\u201d, dijo.<\/p>\n\n\n\n<p>Agreg\u00f3 que su compadre que estaba al lado corri\u00f3 y se encerr\u00f3 en el ba\u00f1o, a donde se dirigi\u00f3 a buscarlo despu\u00e9s que hab\u00eda baleado a los esposos Kendry Barrientos y Marielis Vargas, quienes fallecieron en el acto y fueron sepultados ayer en medio de escena de llantos y dolor.&nbsp;<\/p>\n\n\n\n<p>Sigui\u00f3 diciendo que estando herido sali\u00f3 en su veh\u00edculo y busc\u00f3 a los polic\u00edas, quienes llegaron al lugar y evitaron mayores acontecimientos.<\/p>\n\n\n\n<p>Hablan padres de las Victimas<\/p>\n\n\n\n<p>Los padres de las v\u00edctimas culparon de la situaci\u00f3n a las autoridades de la provincia Santiago Rodr\u00edguez, ya que conoc\u00edan el historial de delitos y violencia, entonces lo premiaron con designarlo en un cargo para que se crea con mayores poderes.<a><\/a><\/p>\n\n\n\n<p>Nicol\u00e1s Vargas, padre de la joven fallecida dijo que en una ocasi\u00f3n al victimario le incautaron una pistola por actos de violencia, fue deportado de los Estados Unidos por lanzar a una embarazada de un segundo piso \u201cy aqu\u00ed ha hecho de todo por la impunidad que ha encontrado\u201d.<\/p>\n\n\n\n<p>Mientras que el diputado Nicol\u00e1s L\u00f3pez, pariente de una de las v\u00edctimas, dijo que este hecho ha intranquilizado la comunidad y al pa\u00eds, ya que se trat\u00f3 de personas j\u00f3venes que fueron asesinados mientras compart\u00edan, por parte de un sindicado anti social, por lo que piden se aplique todo el peso de la ley en su contra.<\/p>\n","protected":false},"excerpt":{"rendered":"<p>Santiago Rodr\u00edguez.\u2013 El regidor del partido Fuerza del Pueblo y empresario del transporte Luis Alberto G\u00f3mez\u00a0 (tito), quien result\u00f3 herido de bala durante el incidente donde falleci\u00f3 una pareja de esposos en un centro de diversi\u00f3n de esta localidad, dijo desconocer los motivo ya que el agresor\u00a0 Carlos Juan Garc\u00eda, era hombre de su confianza, [&hellip;]<\/p>\n","protected":false},"author":1,"featured_media":9123,"comment_status":"open","ping_status":"open","sticky":false,"template":"","format":"standard","meta":{"nf_dc_page":"","jetpack_post_was_ever_published":false,"_jetpack_newsletter_access":"","_jetpack_dont_email_post_to_subs":false,"_jetpack_newsletter_tier_id":0,"_jetpack_memberships_contains_paywalled_content":false,"_jetpack_memberships_contains_paid_content":false,"footnotes":"","jetpack_publicize_message":"","jetpack_publicize_feature_enabled":true,"jetpack_social_post_already_shared":false,"jetpack_social_options":{"image_generator_settings":{"template":"highway","default_image_id":0,"font":"","enabled":false},"version":2}},"categories":[91],"tags":[],"class_list":["post-9122","post","type-post","status-publish","format-standard","has-post-thumbnail","hentry","category-provincia"],"yoast_head":"<!-- This site is optimized with the Yoast SEO plugin v27.4 - https:\/\/yoast.com\/product\/yoast-seo-wordpress\/ -->\n<title>Regidor herido en Santiago Rodr\u00edguez desconoce los motivos que motivaron tragedia - Minuto Cero RD<\/title>\n<meta name=\"robots\" content=\"index, follow, max-snippet:-1, max-image-preview:large, max-video-preview:-1\" \/>\n<link rel=\"canonical\" href=\"https:\/\/minutocerord.com\/?p=9122\" \/>\n<meta property=\"og:locale\" content=\"es_ES\" \/>\n<meta property=\"og:type\" content=\"article\" \/>\n<meta property=\"og:title\" content=\"Regidor herido en Santiago Rodr\u00edguez desconoce los motivos que motivaron tragedia - Minuto Cero RD\" \/>\n<meta property=\"og:description\" content=\"Santiago Rodr\u00edguez.\u2013 El regidor del partido Fuerza del Pueblo y empresario del transporte Luis Alberto G\u00f3mez\u00a0 (tito), quien result\u00f3 herido de bala durante el incidente donde falleci\u00f3 una pareja de esposos en un centro de diversi\u00f3n de esta localidad, dijo desconocer los motivo ya que el agresor\u00a0 Carlos Juan Garc\u00eda, era hombre de su confianza, [&hellip;]\" \/>\n<meta property=\"og:url\" content=\"https:\/\/minutocerord.com\/?p=9122\" \/>\n<meta property=\"og:site_name\" content=\"Minuto Cero RD\" \/>\n<meta property=\"article:publisher\" content=\"https:\/\/www.facebook.com\/Genofnotes\" \/>\n<meta property=\"article:author\" content=\"https:\/\/www.facebook.com\/Genofnotes\" \/>\n<meta property=\"article:published_time\" content=\"2022-06-12T14:47:02+00:00\" \/>\n<meta property=\"article:modified_time\" content=\"2022-06-12T14:47:04+00:00\" \/>\n<meta property=\"og:image\" content=\"https:\/\/i0.wp.com\/minutocerord.com\/wp-content\/uploads\/2022\/06\/1111111.png?fit=1110%2C666&ssl=1\" \/>\n\t<meta property=\"og:image:width\" content=\"1110\" \/>\n\t<meta property=\"og:image:height\" content=\"666\" \/>\n\t<meta property=\"og:image:type\" content=\"image\/png\" \/>\n<meta name=\"author\" content=\"Genof\u00f3ntes Urb\u00e1ez\" \/>\n<meta name=\"twitter:card\" content=\"summary_large_image\" \/>\n<meta name=\"twitter:label1\" content=\"Written by\" \/>\n\t<meta name=\"twitter:data1\" content=\"Genof\u00f3ntes Urb\u00e1ez\" \/>\n\t<meta name=\"twitter:label2\" content=\"Est. reading time\" \/>\n\t<meta name=\"twitter:data2\" content=\"2 minutos\" \/>\n<script type=\"application\/ld+json\" class=\"yoast-schema-graph\">{\"@context\":\"https:\\\/\\\/schema.org\",\"@graph\":[{\"@type\":\"Article\",\"@id\":\"https:\\\/\\\/minutocerord.com\\\/?p=9122#article\",\"isPartOf\":{\"@id\":\"https:\\\/\\\/minutocerord.com\\\/?p=9122\"},\"author\":{\"name\":\"Genof\u00f3ntes Urb\u00e1ez\",\"@id\":\"https:\\\/\\\/minutocerord.com\\\/#\\\/schema\\\/person\\\/60b5372d60aaa0a5171fb6488be9aee6\"},\"headline\":\"Regidor herido en Santiago Rodr\u00edguez desconoce los motivos que motivaron tragedia\",\"datePublished\":\"2022-06-12T14:47:02+00:00\",\"dateModified\":\"2022-06-12T14:47:04+00:00\",\"mainEntityOfPage\":{\"@id\":\"https:\\\/\\\/minutocerord.com\\\/?p=9122\"},\"wordCount\":376,\"commentCount\":0,\"publisher\":{\"@id\":\"https:\\\/\\\/minutocerord.com\\\/#\\\/schema\\\/person\\\/60b5372d60aaa0a5171fb6488be9aee6\"},\"image\":{\"@id\":\"https:\\\/\\\/minutocerord.com\\\/?p=9122#primaryimage\"},\"thumbnailUrl\":\"https:\\\/\\\/i0.wp.com\\\/minutocerord.com\\\/wp-content\\\/uploads\\\/2022\\\/06\\\/1111111.png?fit=1110%2C666&ssl=1\",\"articleSection\":[\"Provincia\"],\"inLanguage\":\"es-DO\",\"potentialAction\":[{\"@type\":\"CommentAction\",\"name\":\"Comment\",\"target\":[\"https:\\\/\\\/minutocerord.com\\\/?p=9122#respond\"]}]},{\"@type\":\"WebPage\",\"@id\":\"https:\\\/\\\/minutocerord.com\\\/?p=9122\",\"url\":\"https:\\\/\\\/minutocerord.com\\\/?p=9122\",\"name\":\"Regidor herido en Santiago Rodr\u00edguez desconoce los motivos que motivaron tragedia - Minuto Cero RD\",\"isPartOf\":{\"@id\":\"https:\\\/\\\/minutocerord.com\\\/#website\"},\"primaryImageOfPage\":{\"@id\":\"https:\\\/\\\/minutocerord.com\\\/?p=9122#primaryimage\"},\"image\":{\"@id\":\"https:\\\/\\\/minutocerord.com\\\/?p=9122#primaryimage\"},\"thumbnailUrl\":\"https:\\\/\\\/i0.wp.com\\\/minutocerord.com\\\/wp-content\\\/uploads\\\/2022\\\/06\\\/1111111.png?fit=1110%2C666&ssl=1\",\"datePublished\":\"2022-06-12T14:47:02+00:00\",\"dateModified\":\"2022-06-12T14:47:04+00:00\",\"breadcrumb\":{\"@id\":\"https:\\\/\\\/minutocerord.com\\\/?p=9122#breadcrumb\"},\"inLanguage\":\"es-DO\",\"potentialAction\":[{\"@type\":\"ReadAction\",\"target\":[\"https:\\\/\\\/minutocerord.com\\\/?p=9122\"]}]},{\"@type\":\"ImageObject\",\"inLanguage\":\"es-DO\",\"@id\":\"https:\\\/\\\/minutocerord.com\\\/?p=9122#primaryimage\",\"url\":\"https:\\\/\\\/i0.wp.com\\\/minutocerord.com\\\/wp-content\\\/uploads\\\/2022\\\/06\\\/1111111.png?fit=1110%2C666&ssl=1\",\"contentUrl\":\"https:\\\/\\\/i0.wp.com\\\/minutocerord.com\\\/wp-content\\\/uploads\\\/2022\\\/06\\\/1111111.png?fit=1110%2C666&ssl=1\",\"width\":1110,\"height\":666},{\"@type\":\"BreadcrumbList\",\"@id\":\"https:\\\/\\\/minutocerord.com\\\/?p=9122#breadcrumb\",\"itemListElement\":[{\"@type\":\"ListItem\",\"position\":1,\"name\":\"Home\",\"item\":\"https:\\\/\\\/minutocerord.com\\\/\"},{\"@type\":\"ListItem\",\"position\":2,\"name\":\"Regidor herido en Santiago Rodr\u00edguez desconoce los motivos que motivaron tragedia\"}]},{\"@type\":\"WebSite\",\"@id\":\"https:\\\/\\\/minutocerord.com\\\/#website\",\"url\":\"https:\\\/\\\/minutocerord.com\\\/\",\"name\":\"Minuto Cero RD\",\"description\":\"Periodismo serio y veraz\",\"publisher\":{\"@id\":\"https:\\\/\\\/minutocerord.com\\\/#\\\/schema\\\/person\\\/60b5372d60aaa0a5171fb6488be9aee6\"},\"potentialAction\":[{\"@type\":\"SearchAction\",\"target\":{\"@type\":\"EntryPoint\",\"urlTemplate\":\"https:\\\/\\\/minutocerord.com\\\/?s={search_term_string}\"},\"query-input\":{\"@type\":\"PropertyValueSpecification\",\"valueRequired\":true,\"valueName\":\"search_term_string\"}}],\"inLanguage\":\"es-DO\"},{\"@type\":[\"Person\",\"Organization\"],\"@id\":\"https:\\\/\\\/minutocerord.com\\\/#\\\/schema\\\/person\\\/60b5372d60aaa0a5171fb6488be9aee6\",\"name\":\"Genof\u00f3ntes Urb\u00e1ez\",\"image\":{\"@type\":\"ImageObject\",\"inLanguage\":\"es-DO\",\"@id\":\"https:\\\/\\\/secure.gravatar.com\\\/avatar\\\/a49ef3186a692098ac3e8a1612261e3ad70cf9e44553dff2929e67939a0ecb9d?s=96&d=identicon&r=g\",\"url\":\"https:\\\/\\\/secure.gravatar.com\\\/avatar\\\/a49ef3186a692098ac3e8a1612261e3ad70cf9e44553dff2929e67939a0ecb9d?s=96&d=identicon&r=g\",\"contentUrl\":\"https:\\\/\\\/secure.gravatar.com\\\/avatar\\\/a49ef3186a692098ac3e8a1612261e3ad70cf9e44553dff2929e67939a0ecb9d?s=96&d=identicon&r=g\",\"caption\":\"Genof\u00f3ntes Urb\u00e1ez\"},\"logo\":{\"@id\":\"https:\\\/\\\/secure.gravatar.com\\\/avatar\\\/a49ef3186a692098ac3e8a1612261e3ad70cf9e44553dff2929e67939a0ecb9d?s=96&d=identicon&r=g\"},\"description\":\"Periodista \\\/ Locutor\",\"sameAs\":[\"https:\\\/\\\/www.facebook.com\\\/Genofnotes\",\"https:\\\/\\\/www.instagram.com\\\/genofnotes\\\/\"]}]}<\/script>\n<!-- \/ Yoast SEO plugin. -->","yoast_head_json":{"title":"Regidor herido en Santiago Rodr\u00edguez desconoce los motivos que motivaron tragedia - Minuto Cero RD","robots":{"index":"index","follow":"follow","max-snippet":"max-snippet:-1","max-image-preview":"max-image-preview:large","max-video-preview":"max-video-preview:-1"},"canonical":"https:\/\/minutocerord.com\/?p=9122","og_locale":"es_ES","og_type":"article","og_title":"Regidor herido en Santiago Rodr\u00edguez desconoce los motivos que motivaron tragedia - Minuto Cero RD","og_description":"Santiago Rodr\u00edguez.\u2013 El regidor del partido Fuerza del Pueblo y empresario del transporte Luis Alberto G\u00f3mez\u00a0 (tito), quien result\u00f3 herido de bala durante el incidente donde falleci\u00f3 una pareja de esposos en un centro de diversi\u00f3n de esta localidad, dijo desconocer los motivo ya que el agresor\u00a0 Carlos Juan Garc\u00eda, era hombre de su confianza, [&hellip;]","og_url":"https:\/\/minutocerord.com\/?p=9122","og_site_name":"Minuto Cero RD","article_publisher":"https:\/\/www.facebook.com\/Genofnotes","article_author":"https:\/\/www.facebook.com\/Genofnotes","article_published_time":"2022-06-12T14:47:02+00:00","article_modified_time":"2022-06-12T14:47:04+00:00","og_image":[{"width":1110,"height":666,"url":"https:\/\/i0.wp.com\/minutocerord.com\/wp-content\/uploads\/2022\/06\/1111111.png?fit=1110%2C666&ssl=1","type":"image\/png"}],"author":"Genof\u00f3ntes Urb\u00e1ez","twitter_card":"summary_large_image","twitter_misc":{"Written by":"Genof\u00f3ntes Urb\u00e1ez","Est. reading time":"2 minutos"},"schema":{"@context":"https:\/\/schema.org","@graph":[{"@type":"Article","@id":"https:\/\/minutocerord.com\/?p=9122#article","isPartOf":{"@id":"https:\/\/minutocerord.com\/?p=9122"},"author":{"name":"Genof\u00f3ntes Urb\u00e1ez","@id":"https:\/\/minutocerord.com\/#\/schema\/person\/60b5372d60aaa0a5171fb6488be9aee6"},"headline":"Regidor herido en Santiago Rodr\u00edguez desconoce los motivos que motivaron tragedia","datePublished":"2022-06-12T14:47:02+00:00","dateModified":"2022-06-12T14:47:04+00:00","mainEntityOfPage":{"@id":"https:\/\/minutocerord.com\/?p=9122"},"wordCount":376,"commentCount":0,"publisher":{"@id":"https:\/\/minutocerord.com\/#\/schema\/person\/60b5372d60aaa0a5171fb6488be9aee6"},"image":{"@id":"https:\/\/minutocerord.com\/?p=9122#primaryimage"},"thumbnailUrl":"https:\/\/i0.wp.com\/minutocerord.com\/wp-content\/uploads\/2022\/06\/1111111.png?fit=1110%2C666&ssl=1","articleSection":["Provincia"],"inLanguage":"es-DO","potentialAction":[{"@type":"CommentAction","name":"Comment","target":["https:\/\/minutocerord.com\/?p=9122#respond"]}]},{"@type":"WebPage","@id":"https:\/\/minutocerord.com\/?p=9122","url":"https:\/\/minutocerord.com\/?p=9122","name":"Regidor herido en Santiago Rodr\u00edguez desconoce los motivos que motivaron tragedia - Minuto Cero RD","isPartOf":{"@id":"https:\/\/minutocerord.com\/#website"},"primaryImageOfPage":{"@id":"https:\/\/minutocerord.com\/?p=9122#primaryimage"},"image":{"@id":"https:\/\/minutocerord.com\/?p=9122#primaryimage"},"thumbnailUrl":"https:\/\/i0.wp.com\/minutocerord.com\/wp-content\/uploads\/2022\/06\/1111111.png?fit=1110%2C666&ssl=1","datePublished":"2022-06-12T14:47:02+00:00","dateModified":"2022-06-12T14:47:04+00:00","breadcrumb":{"@id":"https:\/\/minutocerord.com\/?p=9122#breadcrumb"},"inLanguage":"es-DO","potentialAction":[{"@type":"ReadAction","target":["https:\/\/minutocerord.com\/?p=9122"]}]},{"@type":"ImageObject","inLanguage":"es-DO","@id":"https:\/\/minutocerord.com\/?p=9122#primaryimage","url":"https:\/\/i0.wp.com\/minutocerord.com\/wp-content\/uploads\/2022\/06\/1111111.png?fit=1110%2C666&ssl=1","contentUrl":"https:\/\/i0.wp.com\/minutocerord.com\/wp-content\/uploads\/2022\/06\/1111111.png?fit=1110%2C666&ssl=1","width":1110,"height":666},{"@type":"BreadcrumbList","@id":"https:\/\/minutocerord.com\/?p=9122#breadcrumb","itemListElement":[{"@type":"ListItem","position":1,"name":"Home","item":"https:\/\/minutocerord.com\/"},{"@type":"ListItem","position":2,"name":"Regidor herido en Santiago Rodr\u00edguez desconoce los motivos que motivaron tragedia"}]},{"@type":"WebSite","@id":"https:\/\/minutocerord.com\/#website","url":"https:\/\/minutocerord.com\/","name":"Minuto Cero RD","description":"Periodismo serio y veraz","publisher":{"@id":"https:\/\/minutocerord.com\/#\/schema\/person\/60b5372d60aaa0a5171fb6488be9aee6"},"potentialAction":[{"@type":"SearchAction","target":{"@type":"EntryPoint","urlTemplate":"https:\/\/minutocerord.com\/?s={search_term_string}"},"query-input":{"@type":"PropertyValueSpecification","valueRequired":true,"valueName":"search_term_string"}}],"inLanguage":"es-DO"},{"@type":["Person","Organization"],"@id":"https:\/\/minutocerord.com\/#\/schema\/person\/60b5372d60aaa0a5171fb6488be9aee6","name":"Genof\u00f3ntes Urb\u00e1ez","image":{"@type":"ImageObject","inLanguage":"es-DO","@id":"https:\/\/secure.gravatar.com\/avatar\/a49ef3186a692098ac3e8a1612261e3ad70cf9e44553dff2929e67939a0ecb9d?s=96&d=identicon&r=g","url":"https:\/\/secure.gravatar.com\/avatar\/a49ef3186a692098ac3e8a1612261e3ad70cf9e44553dff2929e67939a0ecb9d?s=96&d=identicon&r=g","contentUrl":"https:\/\/secure.gravatar.com\/avatar\/a49ef3186a692098ac3e8a1612261e3ad70cf9e44553dff2929e67939a0ecb9d?s=96&d=identicon&r=g","caption":"Genof\u00f3ntes Urb\u00e1ez"},"logo":{"@id":"https:\/\/secure.gravatar.com\/avatar\/a49ef3186a692098ac3e8a1612261e3ad70cf9e44553dff2929e67939a0ecb9d?s=96&d=identicon&r=g"},"description":"Periodista \/ Locutor","sameAs":["https:\/\/www.facebook.com\/Genofnotes","https:\/\/www.instagram.com\/genofnotes\/"]}]}},"jetpack_publicize_connections":[],"jetpack_featured_media_url":"https:\/\/i0.wp.com\/minutocerord.com\/wp-content\/uploads\/2022\/06\/1111111.png?fit=1110%2C666&ssl=1","jetpack-related-posts":[],"jetpack_sharing_enabled":true,"_links":{"self":[{"href":"https:\/\/minutocerord.com\/index.php?rest_route=\/wp\/v2\/posts\/9122","targetHints":{"allow":["GET"]}}],"collection":[{"href":"https:\/\/minutocerord.com\/index.php?rest_route=\/wp\/v2\/posts"}],"about":[{"href":"https:\/\/minutocerord.com\/index.php?rest_route=\/wp\/v2\/types\/post"}],"author":[{"embeddable":true,"href":"https:\/\/minutocerord.com\/index.php?rest_route=\/wp\/v2\/users\/1"}],"replies":[{"embeddable":true,"href":"https:\/\/minutocerord.com\/index.php?rest_route=%2Fwp%2Fv2%2Fcomments&post=9122"}],"version-history":[{"count":1,"href":"https:\/\/minutocerord.com\/index.php?rest_route=\/wp\/v2\/posts\/9122\/revisions"}],"predecessor-version":[{"id":9124,"href":"https:\/\/minutocerord.com\/index.php?rest_route=\/wp\/v2\/posts\/9122\/revisions\/9124"}],"wp:featuredmedia":[{"embeddable":true,"href":"https:\/\/minutocerord.com\/index.php?rest_route=\/wp\/v2\/media\/9123"}],"wp:attachment":[{"href":"https:\/\/minutocerord.com\/index.php?rest_route=%2Fwp%2Fv2%2Fmedia&parent=9122"}],"wp:term":[{"taxonomy":"category","embeddable":true,"href":"https:\/\/minutocerord.com\/index.php?rest_route=%2Fwp%2Fv2%2Fcategories&post=9122"},{"taxonomy":"post_tag","embeddable":true,"href":"https:\/\/minutocerord.com\/index.php?rest_route=%2Fwp%2Fv2%2Ftags&post=9122"}],"curies":[{"name":"wp","href":"https:\/\/api.w.org\/{rel}","templated":true}]}}