{"id":9126,"date":"2022-06-12T11:07:12","date_gmt":"2022-06-12T15:07:12","guid":{"rendered":"https:\/\/minutocerord.com\/?p=9126"},"modified":"2022-06-12T11:17:06","modified_gmt":"2022-06-12T15:17:06","slug":"agente-de-migracion-es-herido-en-la-nuca-por-haitiano-cuando-intentaba-apresarlo","status":"publish","type":"post","link":"https:\/\/minutocerord.com\/?p=9126","title":{"rendered":"Agente de Migraci\u00f3n es herido en la nuca por haitiano cuando intentaba apresarlo"},"content":{"rendered":"\n<p><strong>Los dos extranjeros se encuentran detenidos en el Centro de Acogida de la Direcci\u00f3n General de Migraci\u00f3n en Santiago<\/strong><\/p>\n\n\n<div class=\"wp-block-image\">\n<figure class=\"alignleft size-full\"><img data-recalc-dims=\"1\" decoding=\"async\" width=\"300\" height=\"300\" loading=\"lazy\" src=\"https:\/\/i0.wp.com\/minutocerord.com\/wp-content\/uploads\/2022\/06\/Captura-de-pantalla-2022-06-11-101254-300x300-1.png?resize=300%2C300\" alt=\"\" class=\"wp-image-9133\" srcset=\"https:\/\/i0.wp.com\/minutocerord.com\/wp-content\/uploads\/2022\/06\/Captura-de-pantalla-2022-06-11-101254-300x300-1.png?w=300&amp;ssl=1 300w, https:\/\/i0.wp.com\/minutocerord.com\/wp-content\/uploads\/2022\/06\/Captura-de-pantalla-2022-06-11-101254-300x300-1.png?resize=150%2C150&amp;ssl=1 150w\" sizes=\"auto, (max-width: 300px) 100vw, 300px\" \/><\/figure>\n<\/div>\n\n\n<p><strong>Santo Domingo, RD<\/strong>.- Un agente integrante de un equipo de Inteligencia Migratoria de la Direcci\u00f3n General de Migraci\u00f3n fue herido con arma blanca por un haitiano, durante un incidente ocurrido la ma\u00f1ana de este viernes en el ensanche Espaillat, de la provincia Santiago.<\/p>\n\n\n\n<p>De acuerdo con informes obtenidos, el agente del organismo Adi Ezequiel Barrera C\u00e9spedes&nbsp;<strong>recibi\u00f3 una herida de arma blanca&nbsp;<\/strong>en la nuca y el antebrazo, as\u00ed como en otras partes del cuerpo.<\/p>\n\n\n<div class=\"wp-block-image\">\n<figure class=\"alignright size-full\"><img data-recalc-dims=\"1\" decoding=\"async\" width=\"259\" height=\"460\" loading=\"lazy\" src=\"https:\/\/i0.wp.com\/minutocerord.com\/wp-content\/uploads\/2022\/06\/202206101838451-1.webp?resize=259%2C460\" alt=\"\" class=\"wp-image-9135\"\/><\/figure>\n<\/div>\n\n\n<p>El incidente se produjo, seg\u00fan los detalles, cuando una unidad motorizada del organismo persegu\u00eda a cuatro haitianos ilegales que&nbsp;<strong>transitaban a bordo de una camioneta&nbsp;<\/strong>en el ensanche Espaillat, de Santiago, luego de recibir informaciones sobre su situaci\u00f3n migratoria de ilegalidad.<\/p>\n\n\n\n<p>Seg\u00fan los mismos detalles, al momento de lograr detenerlos, dos de ellos emprendieron la huida mientras los otros dos atacaron a los agentes de migraci\u00f3n participantes, resultado uno de ellos con varias heridas de arma blanca en la nuca y otras partes.&nbsp;&nbsp;<\/p>\n\n\n\n<p>De acuerdo con informes obtenidos, el agente del organismo Adi Ezequiel Barrera C\u00e9spedes&nbsp;<strong>recibi\u00f3 una herida en la nuca&nbsp;<\/strong>de arma blanca y otras partes del cuerpo propinadas por Yison Luna y Holgens Sera, ambos de origen haitiano.<\/p>\n\n\n\n<p>En tanto que los dos extranjeros se encuentran detenidos en el Centro de Acogida de la Direcci\u00f3n General de Migraci\u00f3n (DGM) en Santiago, junto a la camioneta marca Toyota placa 1016552 en la que transitaban los agresores.<\/p>\n\n\n<div class=\"wp-block-image\">\n<figure class=\"alignleft size-full is-resized\"><img data-recalc-dims=\"1\" decoding=\"async\" loading=\"lazy\" src=\"https:\/\/i0.wp.com\/minutocerord.com\/wp-content\/uploads\/2022\/06\/image-3.png?resize=181%2C322\" alt=\"\" class=\"wp-image-9131\" width=\"181\" height=\"322\" srcset=\"https:\/\/i0.wp.com\/minutocerord.com\/wp-content\/uploads\/2022\/06\/image-3.png?w=259&amp;ssl=1 259w, https:\/\/i0.wp.com\/minutocerord.com\/wp-content\/uploads\/2022\/06\/image-3.png?resize=169%2C300&amp;ssl=1 169w, https:\/\/i0.wp.com\/minutocerord.com\/wp-content\/uploads\/2022\/06\/image-3.png?resize=236%2C420&amp;ssl=1 236w\" sizes=\"auto, (max-width: 181px) 100vw, 181px\" \/><\/figure>\n<\/div>\n\n\n<p>En los \u00faltimos meses los indocumentados haitianos se han comportado agresivos y violentos ante las autoridades migratorias y policiales que&nbsp;<strong>trabajan en la detecci\u00f3n de ilegales extranjeros<\/strong>&nbsp;sin estatus definido conforme a la ley para residir y permanecer en el pa\u00eds.&nbsp;&nbsp;<\/p>\n\n\n\n<p>Se recuerda el caso de la Ciudad Juan Bosch, ocurrido en d\u00edas pasados en el que decenas de haitianos ilegales la emprendieron a pedradas y a botellazos contra un equipo de Control Migratorio de la Direcci\u00f3n General de Migraci\u00f3n y agentes de la Polic\u00eda Nacional que participaban en un operativo de reparaci\u00f3n.<\/p>\n\n\n\n<p>Mientras que el agente herido&nbsp;<strong>fue trasladado a un centro de salud de Santiago<\/strong>, para recibir asistencia m\u00e9dica debido a las heridas que recibi\u00f3 de parte de los haitianos.<\/p>\n\n\n\n<p>Con relaci\u00f3n al caso se indic\u00f3 que las autoridades policiales y de migraci\u00f3n profundizar\u00e1n las investigaciones.<\/p>\n\n\n\n<p>por <strong>Rafael Castro<\/strong><\/p>\n","protected":false},"excerpt":{"rendered":"<p>Los dos extranjeros se encuentran detenidos en el Centro de Acogida de la Direcci\u00f3n General de Migraci\u00f3n en Santiago Santo Domingo, RD.- Un agente integrante de un equipo de Inteligencia Migratoria de la Direcci\u00f3n General de Migraci\u00f3n fue herido con arma blanca por un haitiano, durante un incidente ocurrido la ma\u00f1ana de este viernes en [&hellip;]<\/p>\n","protected":false},"author":1,"featured_media":9127,"comment_status":"open","ping_status":"open","sticky":false,"template":"","format":"standard","meta":{"nf_dc_page":"","jetpack_post_was_ever_published":false,"_jetpack_newsletter_access":"","_jetpack_dont_email_post_to_subs":false,"_jetpack_newsletter_tier_id":0,"_jetpack_memberships_contains_paywalled_content":false,"_jetpack_memberships_contains_paid_content":false,"footnotes":"","jetpack_publicize_message":"","jetpack_publicize_feature_enabled":true,"jetpack_social_post_already_shared":false,"jetpack_social_options":{"image_generator_settings":{"template":"highway","default_image_id":0,"font":"","enabled":false},"version":2}},"categories":[65],"tags":[],"class_list":["post-9126","post","type-post","status-publish","format-standard","has-post-thumbnail","hentry","category-nacionales"],"yoast_head":"<!-- This site is optimized with the Yoast SEO plugin v27.4 - https:\/\/yoast.com\/product\/yoast-seo-wordpress\/ -->\n<title>Agente de Migraci\u00f3n es herido en la nuca por haitiano cuando intentaba apresarlo - Minuto Cero RD<\/title>\n<meta name=\"robots\" content=\"index, follow, max-snippet:-1, max-image-preview:large, max-video-preview:-1\" \/>\n<link rel=\"canonical\" href=\"https:\/\/minutocerord.com\/?p=9126\" \/>\n<meta property=\"og:locale\" content=\"es_ES\" \/>\n<meta property=\"og:type\" content=\"article\" \/>\n<meta property=\"og:title\" content=\"Agente de Migraci\u00f3n es herido en la nuca por haitiano cuando intentaba apresarlo - Minuto Cero RD\" \/>\n<meta property=\"og:description\" content=\"Los dos extranjeros se encuentran detenidos en el Centro de Acogida de la Direcci\u00f3n General de Migraci\u00f3n en Santiago Santo Domingo, RD.- Un agente integrante de un equipo de Inteligencia Migratoria de la Direcci\u00f3n General de Migraci\u00f3n fue herido con arma blanca por un haitiano, durante un incidente ocurrido la ma\u00f1ana de este viernes en [&hellip;]\" \/>\n<meta property=\"og:url\" content=\"https:\/\/minutocerord.com\/?p=9126\" \/>\n<meta property=\"og:site_name\" content=\"Minuto Cero RD\" \/>\n<meta property=\"article:publisher\" content=\"https:\/\/www.facebook.com\/Genofnotes\" \/>\n<meta property=\"article:author\" content=\"https:\/\/www.facebook.com\/Genofnotes\" \/>\n<meta property=\"article:published_time\" content=\"2022-06-12T15:07:12+00:00\" \/>\n<meta property=\"article:modified_time\" content=\"2022-06-12T15:17:06+00:00\" \/>\n<meta property=\"og:image\" content=\"https:\/\/i0.wp.com\/minutocerord.com\/wp-content\/uploads\/2022\/06\/202206101838453.jpeg?fit=259%2C460&ssl=1\" \/>\n\t<meta property=\"og:image:width\" content=\"259\" \/>\n\t<meta property=\"og:image:height\" content=\"460\" \/>\n\t<meta property=\"og:image:type\" content=\"image\/jpeg\" \/>\n<meta name=\"author\" content=\"Genof\u00f3ntes Urb\u00e1ez\" \/>\n<meta name=\"twitter:card\" content=\"summary_large_image\" \/>\n<meta name=\"twitter:label1\" content=\"Written by\" \/>\n\t<meta name=\"twitter:data1\" content=\"Genof\u00f3ntes Urb\u00e1ez\" \/>\n\t<meta name=\"twitter:label2\" content=\"Est. reading time\" \/>\n\t<meta name=\"twitter:data2\" content=\"3 minutos\" \/>\n<script type=\"application\/ld+json\" class=\"yoast-schema-graph\">{\"@context\":\"https:\\\/\\\/schema.org\",\"@graph\":[{\"@type\":\"Article\",\"@id\":\"https:\\\/\\\/minutocerord.com\\\/?p=9126#article\",\"isPartOf\":{\"@id\":\"https:\\\/\\\/minutocerord.com\\\/?p=9126\"},\"author\":{\"name\":\"Genof\u00f3ntes Urb\u00e1ez\",\"@id\":\"https:\\\/\\\/minutocerord.com\\\/#\\\/schema\\\/person\\\/60b5372d60aaa0a5171fb6488be9aee6\"},\"headline\":\"Agente de Migraci\u00f3n es herido en la nuca por haitiano cuando intentaba apresarlo\",\"datePublished\":\"2022-06-12T15:07:12+00:00\",\"dateModified\":\"2022-06-12T15:17:06+00:00\",\"mainEntityOfPage\":{\"@id\":\"https:\\\/\\\/minutocerord.com\\\/?p=9126\"},\"wordCount\":445,\"commentCount\":0,\"publisher\":{\"@id\":\"https:\\\/\\\/minutocerord.com\\\/#\\\/schema\\\/person\\\/60b5372d60aaa0a5171fb6488be9aee6\"},\"image\":{\"@id\":\"https:\\\/\\\/minutocerord.com\\\/?p=9126#primaryimage\"},\"thumbnailUrl\":\"https:\\\/\\\/i0.wp.com\\\/minutocerord.com\\\/wp-content\\\/uploads\\\/2022\\\/06\\\/202206101838453.jpeg?fit=259%2C460&ssl=1\",\"articleSection\":[\"Nacionales\"],\"inLanguage\":\"es-DO\",\"potentialAction\":[{\"@type\":\"CommentAction\",\"name\":\"Comment\",\"target\":[\"https:\\\/\\\/minutocerord.com\\\/?p=9126#respond\"]}]},{\"@type\":\"WebPage\",\"@id\":\"https:\\\/\\\/minutocerord.com\\\/?p=9126\",\"url\":\"https:\\\/\\\/minutocerord.com\\\/?p=9126\",\"name\":\"Agente de Migraci\u00f3n es herido en la nuca por haitiano cuando intentaba apresarlo - Minuto Cero RD\",\"isPartOf\":{\"@id\":\"https:\\\/\\\/minutocerord.com\\\/#website\"},\"primaryImageOfPage\":{\"@id\":\"https:\\\/\\\/minutocerord.com\\\/?p=9126#primaryimage\"},\"image\":{\"@id\":\"https:\\\/\\\/minutocerord.com\\\/?p=9126#primaryimage\"},\"thumbnailUrl\":\"https:\\\/\\\/i0.wp.com\\\/minutocerord.com\\\/wp-content\\\/uploads\\\/2022\\\/06\\\/202206101838453.jpeg?fit=259%2C460&ssl=1\",\"datePublished\":\"2022-06-12T15:07:12+00:00\",\"dateModified\":\"2022-06-12T15:17:06+00:00\",\"breadcrumb\":{\"@id\":\"https:\\\/\\\/minutocerord.com\\\/?p=9126#breadcrumb\"},\"inLanguage\":\"es-DO\",\"potentialAction\":[{\"@type\":\"ReadAction\",\"target\":[\"https:\\\/\\\/minutocerord.com\\\/?p=9126\"]}]},{\"@type\":\"ImageObject\",\"inLanguage\":\"es-DO\",\"@id\":\"https:\\\/\\\/minutocerord.com\\\/?p=9126#primaryimage\",\"url\":\"https:\\\/\\\/i0.wp.com\\\/minutocerord.com\\\/wp-content\\\/uploads\\\/2022\\\/06\\\/202206101838453.jpeg?fit=259%2C460&ssl=1\",\"contentUrl\":\"https:\\\/\\\/i0.wp.com\\\/minutocerord.com\\\/wp-content\\\/uploads\\\/2022\\\/06\\\/202206101838453.jpeg?fit=259%2C460&ssl=1\",\"width\":259,\"height\":460},{\"@type\":\"BreadcrumbList\",\"@id\":\"https:\\\/\\\/minutocerord.com\\\/?p=9126#breadcrumb\",\"itemListElement\":[{\"@type\":\"ListItem\",\"position\":1,\"name\":\"Home\",\"item\":\"https:\\\/\\\/minutocerord.com\\\/\"},{\"@type\":\"ListItem\",\"position\":2,\"name\":\"Agente de Migraci\u00f3n es herido en la nuca por haitiano cuando intentaba apresarlo\"}]},{\"@type\":\"WebSite\",\"@id\":\"https:\\\/\\\/minutocerord.com\\\/#website\",\"url\":\"https:\\\/\\\/minutocerord.com\\\/\",\"name\":\"Minuto Cero RD\",\"description\":\"Periodismo serio y veraz\",\"publisher\":{\"@id\":\"https:\\\/\\\/minutocerord.com\\\/#\\\/schema\\\/person\\\/60b5372d60aaa0a5171fb6488be9aee6\"},\"potentialAction\":[{\"@type\":\"SearchAction\",\"target\":{\"@type\":\"EntryPoint\",\"urlTemplate\":\"https:\\\/\\\/minutocerord.com\\\/?s={search_term_string}\"},\"query-input\":{\"@type\":\"PropertyValueSpecification\",\"valueRequired\":true,\"valueName\":\"search_term_string\"}}],\"inLanguage\":\"es-DO\"},{\"@type\":[\"Person\",\"Organization\"],\"@id\":\"https:\\\/\\\/minutocerord.com\\\/#\\\/schema\\\/person\\\/60b5372d60aaa0a5171fb6488be9aee6\",\"name\":\"Genof\u00f3ntes Urb\u00e1ez\",\"image\":{\"@type\":\"ImageObject\",\"inLanguage\":\"es-DO\",\"@id\":\"https:\\\/\\\/secure.gravatar.com\\\/avatar\\\/a49ef3186a692098ac3e8a1612261e3ad70cf9e44553dff2929e67939a0ecb9d?s=96&d=identicon&r=g\",\"url\":\"https:\\\/\\\/secure.gravatar.com\\\/avatar\\\/a49ef3186a692098ac3e8a1612261e3ad70cf9e44553dff2929e67939a0ecb9d?s=96&d=identicon&r=g\",\"contentUrl\":\"https:\\\/\\\/secure.gravatar.com\\\/avatar\\\/a49ef3186a692098ac3e8a1612261e3ad70cf9e44553dff2929e67939a0ecb9d?s=96&d=identicon&r=g\",\"caption\":\"Genof\u00f3ntes Urb\u00e1ez\"},\"logo\":{\"@id\":\"https:\\\/\\\/secure.gravatar.com\\\/avatar\\\/a49ef3186a692098ac3e8a1612261e3ad70cf9e44553dff2929e67939a0ecb9d?s=96&d=identicon&r=g\"},\"description\":\"Periodista \\\/ Locutor\",\"sameAs\":[\"https:\\\/\\\/www.facebook.com\\\/Genofnotes\",\"https:\\\/\\\/www.instagram.com\\\/genofnotes\\\/\"]}]}<\/script>\n<!-- \/ Yoast SEO plugin. -->","yoast_head_json":{"title":"Agente de Migraci\u00f3n es herido en la nuca por haitiano cuando intentaba apresarlo - Minuto Cero RD","robots":{"index":"index","follow":"follow","max-snippet":"max-snippet:-1","max-image-preview":"max-image-preview:large","max-video-preview":"max-video-preview:-1"},"canonical":"https:\/\/minutocerord.com\/?p=9126","og_locale":"es_ES","og_type":"article","og_title":"Agente de Migraci\u00f3n es herido en la nuca por haitiano cuando intentaba apresarlo - Minuto Cero RD","og_description":"Los dos extranjeros se encuentran detenidos en el Centro de Acogida de la Direcci\u00f3n General de Migraci\u00f3n en Santiago Santo Domingo, RD.- Un agente integrante de un equipo de Inteligencia Migratoria de la Direcci\u00f3n General de Migraci\u00f3n fue herido con arma blanca por un haitiano, durante un incidente ocurrido la ma\u00f1ana de este viernes en [&hellip;]","og_url":"https:\/\/minutocerord.com\/?p=9126","og_site_name":"Minuto Cero RD","article_publisher":"https:\/\/www.facebook.com\/Genofnotes","article_author":"https:\/\/www.facebook.com\/Genofnotes","article_published_time":"2022-06-12T15:07:12+00:00","article_modified_time":"2022-06-12T15:17:06+00:00","og_image":[{"width":259,"height":460,"url":"https:\/\/i0.wp.com\/minutocerord.com\/wp-content\/uploads\/2022\/06\/202206101838453.jpeg?fit=259%2C460&ssl=1","type":"image\/jpeg"}],"author":"Genof\u00f3ntes Urb\u00e1ez","twitter_card":"summary_large_image","twitter_misc":{"Written by":"Genof\u00f3ntes Urb\u00e1ez","Est. reading time":"3 minutos"},"schema":{"@context":"https:\/\/schema.org","@graph":[{"@type":"Article","@id":"https:\/\/minutocerord.com\/?p=9126#article","isPartOf":{"@id":"https:\/\/minutocerord.com\/?p=9126"},"author":{"name":"Genof\u00f3ntes Urb\u00e1ez","@id":"https:\/\/minutocerord.com\/#\/schema\/person\/60b5372d60aaa0a5171fb6488be9aee6"},"headline":"Agente de Migraci\u00f3n es herido en la nuca por haitiano cuando intentaba apresarlo","datePublished":"2022-06-12T15:07:12+00:00","dateModified":"2022-06-12T15:17:06+00:00","mainEntityOfPage":{"@id":"https:\/\/minutocerord.com\/?p=9126"},"wordCount":445,"commentCount":0,"publisher":{"@id":"https:\/\/minutocerord.com\/#\/schema\/person\/60b5372d60aaa0a5171fb6488be9aee6"},"image":{"@id":"https:\/\/minutocerord.com\/?p=9126#primaryimage"},"thumbnailUrl":"https:\/\/i0.wp.com\/minutocerord.com\/wp-content\/uploads\/2022\/06\/202206101838453.jpeg?fit=259%2C460&ssl=1","articleSection":["Nacionales"],"inLanguage":"es-DO","potentialAction":[{"@type":"CommentAction","name":"Comment","target":["https:\/\/minutocerord.com\/?p=9126#respond"]}]},{"@type":"WebPage","@id":"https:\/\/minutocerord.com\/?p=9126","url":"https:\/\/minutocerord.com\/?p=9126","name":"Agente de Migraci\u00f3n es herido en la nuca por haitiano cuando intentaba apresarlo - Minuto Cero RD","isPartOf":{"@id":"https:\/\/minutocerord.com\/#website"},"primaryImageOfPage":{"@id":"https:\/\/minutocerord.com\/?p=9126#primaryimage"},"image":{"@id":"https:\/\/minutocerord.com\/?p=9126#primaryimage"},"thumbnailUrl":"https:\/\/i0.wp.com\/minutocerord.com\/wp-content\/uploads\/2022\/06\/202206101838453.jpeg?fit=259%2C460&ssl=1","datePublished":"2022-06-12T15:07:12+00:00","dateModified":"2022-06-12T15:17:06+00:00","breadcrumb":{"@id":"https:\/\/minutocerord.com\/?p=9126#breadcrumb"},"inLanguage":"es-DO","potentialAction":[{"@type":"ReadAction","target":["https:\/\/minutocerord.com\/?p=9126"]}]},{"@type":"ImageObject","inLanguage":"es-DO","@id":"https:\/\/minutocerord.com\/?p=9126#primaryimage","url":"https:\/\/i0.wp.com\/minutocerord.com\/wp-content\/uploads\/2022\/06\/202206101838453.jpeg?fit=259%2C460&ssl=1","contentUrl":"https:\/\/i0.wp.com\/minutocerord.com\/wp-content\/uploads\/2022\/06\/202206101838453.jpeg?fit=259%2C460&ssl=1","width":259,"height":460},{"@type":"BreadcrumbList","@id":"https:\/\/minutocerord.com\/?p=9126#breadcrumb","itemListElement":[{"@type":"ListItem","position":1,"name":"Home","item":"https:\/\/minutocerord.com\/"},{"@type":"ListItem","position":2,"name":"Agente de Migraci\u00f3n es herido en la nuca por haitiano cuando intentaba apresarlo"}]},{"@type":"WebSite","@id":"https:\/\/minutocerord.com\/#website","url":"https:\/\/minutocerord.com\/","name":"Minuto Cero RD","description":"Periodismo serio y veraz","publisher":{"@id":"https:\/\/minutocerord.com\/#\/schema\/person\/60b5372d60aaa0a5171fb6488be9aee6"},"potentialAction":[{"@type":"SearchAction","target":{"@type":"EntryPoint","urlTemplate":"https:\/\/minutocerord.com\/?s={search_term_string}"},"query-input":{"@type":"PropertyValueSpecification","valueRequired":true,"valueName":"search_term_string"}}],"inLanguage":"es-DO"},{"@type":["Person","Organization"],"@id":"https:\/\/minutocerord.com\/#\/schema\/person\/60b5372d60aaa0a5171fb6488be9aee6","name":"Genof\u00f3ntes Urb\u00e1ez","image":{"@type":"ImageObject","inLanguage":"es-DO","@id":"https:\/\/secure.gravatar.com\/avatar\/a49ef3186a692098ac3e8a1612261e3ad70cf9e44553dff2929e67939a0ecb9d?s=96&d=identicon&r=g","url":"https:\/\/secure.gravatar.com\/avatar\/a49ef3186a692098ac3e8a1612261e3ad70cf9e44553dff2929e67939a0ecb9d?s=96&d=identicon&r=g","contentUrl":"https:\/\/secure.gravatar.com\/avatar\/a49ef3186a692098ac3e8a1612261e3ad70cf9e44553dff2929e67939a0ecb9d?s=96&d=identicon&r=g","caption":"Genof\u00f3ntes Urb\u00e1ez"},"logo":{"@id":"https:\/\/secure.gravatar.com\/avatar\/a49ef3186a692098ac3e8a1612261e3ad70cf9e44553dff2929e67939a0ecb9d?s=96&d=identicon&r=g"},"description":"Periodista \/ Locutor","sameAs":["https:\/\/www.facebook.com\/Genofnotes","https:\/\/www.instagram.com\/genofnotes\/"]}]}},"jetpack_publicize_connections":[],"jetpack_featured_media_url":"https:\/\/i0.wp.com\/minutocerord.com\/wp-content\/uploads\/2022\/06\/202206101838453.jpeg?fit=259%2C460&ssl=1","jetpack-related-posts":[],"jetpack_sharing_enabled":true,"_links":{"self":[{"href":"https:\/\/minutocerord.com\/index.php?rest_route=\/wp\/v2\/posts\/9126","targetHints":{"allow":["GET"]}}],"collection":[{"href":"https:\/\/minutocerord.com\/index.php?rest_route=\/wp\/v2\/posts"}],"about":[{"href":"https:\/\/minutocerord.com\/index.php?rest_route=\/wp\/v2\/types\/post"}],"author":[{"embeddable":true,"href":"https:\/\/minutocerord.com\/index.php?rest_route=\/wp\/v2\/users\/1"}],"replies":[{"embeddable":true,"href":"https:\/\/minutocerord.com\/index.php?rest_route=%2Fwp%2Fv2%2Fcomments&post=9126"}],"version-history":[{"count":3,"href":"https:\/\/minutocerord.com\/index.php?rest_route=\/wp\/v2\/posts\/9126\/revisions"}],"predecessor-version":[{"id":9136,"href":"https:\/\/minutocerord.com\/index.php?rest_route=\/wp\/v2\/posts\/9126\/revisions\/9136"}],"wp:featuredmedia":[{"embeddable":true,"href":"https:\/\/minutocerord.com\/index.php?rest_route=\/wp\/v2\/media\/9127"}],"wp:attachment":[{"href":"https:\/\/minutocerord.com\/index.php?rest_route=%2Fwp%2Fv2%2Fmedia&parent=9126"}],"wp:term":[{"taxonomy":"category","embeddable":true,"href":"https:\/\/minutocerord.com\/index.php?rest_route=%2Fwp%2Fv2%2Fcategories&post=9126"},{"taxonomy":"post_tag","embeddable":true,"href":"https:\/\/minutocerord.com\/index.php?rest_route=%2Fwp%2Fv2%2Ftags&post=9126"}],"curies":[{"name":"wp","href":"https:\/\/api.w.org\/{rel}","templated":true}]}}