{"id":9140,"date":"2022-06-12T23:03:21","date_gmt":"2022-06-13T03:03:21","guid":{"rendered":"https:\/\/minutocerord.com\/?p=9140"},"modified":"2022-06-12T23:03:23","modified_gmt":"2022-06-13T03:03:23","slug":"haiti-lamenta-malentendidos-tras-reunion-con-presidente-de-rd","status":"publish","type":"post","link":"https:\/\/minutocerord.com\/?p=9140","title":{"rendered":"Hait\u00ed lamenta \u00abmalentendidos\u00bb tras reuni\u00f3n con presidente de RD"},"content":{"rendered":"\n<p><a href=\"https:\/\/almomento.net\/wp-content\/uploads\/2022\/06\/12365-1024x587.jpeg\"><\/a><strong>Puerto Pr\u00edncipe.- <\/strong>Hait\u00ed dijo hoy lamentar \u00ablos malentendidos\u00bb, que se produjeron tras la reuni\u00f3n entre el primer ministro, Ariel Henry, y el presidente dominicano, Luis Abinader, el jueves al margen de la IX Cumbre de las Am\u00e9ricas, celebrada esta semana en Los \u00c1ngeles (Estados Unidos).<\/p>\n\n\n\n<p>En una rueda de prensa este domingo, donde evalu\u00f3 su participaci\u00f3n en la Cumbre, Henry se refiri\u00f3 a lo acontecido tras el encuentro con Abinader, una situaci\u00f3n que \u00abha creado un conflicto y ha hecho correr mucha tinta\u00bb, seg\u00fan dijo.<\/p>\n\n\n\n<p>De acuerdo con un comunicado divulgado un d\u00eda despu\u00e9s de la reuni\u00f3n por la oficina de Henry, ambos \u00abconvinieron regularizar la situaci\u00f3n de los inmigrantes y trabajadores haitianos en Rep\u00fablica Dominicana, dot\u00e1ndoles de documentos de identificaci\u00f3n y revitalizando la Comisi\u00f3n Mixta Haitiano-Dominicana\u00bb.<\/p>\n\n\n\n<p>Sin embargo, el Gobierno dominicano afirm\u00f3 horas despu\u00e9s que en el encuentro entre Abinader y el primer ministro de Hait\u00ed \u00abno hubo ning\u00fan tipo de compromiso\u00bb para regularizar a los trabajadores haitianos en el pa\u00eds, desmintiendo as\u00ed a la vecina naci\u00f3n.<\/p>\n\n\n\n<p>La Presidencia dominicana tambi\u00e9n desminti\u00f3 que en la reuni\u00f3n Abinader haya expresado apoyo a la candidatura de la exministra de Salud P\u00fablica, Florence Guillaume Duperval, para el cargo de directora general de la Organizaci\u00f3n Panamericana de la Salud (OPS), como afirm\u00f3 el Gobierno haitiano en su comunicado.<\/p>\n\n\n\n<p>Centenares de miles de haitianos, la mayor\u00eda de ellos indocumentados, residen en Rep\u00fablica Dominicana, donde trabajan principalmente en la agricultura, la construcci\u00f3n civil y el comercio informal.<\/p>\n\n\n\n<p>Rep\u00fablica Dominicana inici\u00f3 en febrero pasado la construcci\u00f3n de una valla de 160 kil\u00f3metros en la frontera com\u00fan, que mide 391 kil\u00f3metros, un proyecto con el que el Gobierno dominicano pretende frenar la inmigraci\u00f3n y el contrabando.<\/p>\n","protected":false},"excerpt":{"rendered":"<p>Puerto Pr\u00edncipe.- Hait\u00ed dijo hoy lamentar \u00ablos malentendidos\u00bb, que se produjeron tras la reuni\u00f3n entre el primer ministro, Ariel Henry, y el presidente dominicano, Luis Abinader, el jueves al margen de la IX Cumbre de las Am\u00e9ricas, celebrada esta semana en Los \u00c1ngeles (Estados Unidos). En una rueda de prensa este domingo, donde evalu\u00f3 su [&hellip;]<\/p>\n","protected":false},"author":1,"featured_media":9141,"comment_status":"open","ping_status":"open","sticky":false,"template":"","format":"standard","meta":{"nf_dc_page":"","jetpack_post_was_ever_published":false,"_jetpack_newsletter_access":"","_jetpack_dont_email_post_to_subs":false,"_jetpack_newsletter_tier_id":0,"_jetpack_memberships_contains_paywalled_content":false,"_jetpack_memberships_contains_paid_content":false,"footnotes":"","jetpack_publicize_message":"","jetpack_publicize_feature_enabled":true,"jetpack_social_post_already_shared":false,"jetpack_social_options":{"image_generator_settings":{"template":"highway","default_image_id":0,"font":"","enabled":false},"version":2}},"categories":[75],"tags":[],"class_list":["post-9140","post","type-post","status-publish","format-standard","has-post-thumbnail","hentry","category-haiti"],"yoast_head":"<!-- This site is optimized with the Yoast SEO plugin v27.4 - https:\/\/yoast.com\/product\/yoast-seo-wordpress\/ -->\n<title>Hait\u00ed lamenta \u00abmalentendidos\u00bb tras reuni\u00f3n con presidente de RD - Minuto Cero RD<\/title>\n<meta name=\"robots\" content=\"index, follow, max-snippet:-1, max-image-preview:large, max-video-preview:-1\" \/>\n<link rel=\"canonical\" href=\"https:\/\/minutocerord.com\/?p=9140\" \/>\n<meta property=\"og:locale\" content=\"es_ES\" \/>\n<meta property=\"og:type\" content=\"article\" \/>\n<meta property=\"og:title\" content=\"Hait\u00ed lamenta \u00abmalentendidos\u00bb tras reuni\u00f3n con presidente de RD - Minuto Cero RD\" \/>\n<meta property=\"og:description\" content=\"Puerto Pr\u00edncipe.- Hait\u00ed dijo hoy lamentar \u00ablos malentendidos\u00bb, que se produjeron tras la reuni\u00f3n entre el primer ministro, Ariel Henry, y el presidente dominicano, Luis Abinader, el jueves al margen de la IX Cumbre de las Am\u00e9ricas, celebrada esta semana en Los \u00c1ngeles (Estados Unidos). En una rueda de prensa este domingo, donde evalu\u00f3 su [&hellip;]\" \/>\n<meta property=\"og:url\" content=\"https:\/\/minutocerord.com\/?p=9140\" \/>\n<meta property=\"og:site_name\" content=\"Minuto Cero RD\" \/>\n<meta property=\"article:publisher\" content=\"https:\/\/www.facebook.com\/Genofnotes\" \/>\n<meta property=\"article:author\" content=\"https:\/\/www.facebook.com\/Genofnotes\" \/>\n<meta property=\"article:published_time\" content=\"2022-06-13T03:03:21+00:00\" \/>\n<meta property=\"article:modified_time\" content=\"2022-06-13T03:03:23+00:00\" \/>\n<meta property=\"og:image\" content=\"https:\/\/i0.wp.com\/minutocerord.com\/wp-content\/uploads\/2022\/06\/12365-1024x587-2.jpeg?fit=1024%2C562&ssl=1\" \/>\n\t<meta property=\"og:image:width\" content=\"1024\" \/>\n\t<meta property=\"og:image:height\" content=\"562\" \/>\n\t<meta property=\"og:image:type\" content=\"image\/jpeg\" \/>\n<meta name=\"author\" content=\"Genof\u00f3ntes Urb\u00e1ez\" \/>\n<meta name=\"twitter:card\" content=\"summary_large_image\" \/>\n<meta name=\"twitter:label1\" content=\"Written by\" \/>\n\t<meta name=\"twitter:data1\" content=\"Genof\u00f3ntes Urb\u00e1ez\" \/>\n\t<meta name=\"twitter:label2\" content=\"Est. reading time\" \/>\n\t<meta name=\"twitter:data2\" content=\"2 minutos\" \/>\n<script type=\"application\/ld+json\" class=\"yoast-schema-graph\">{\"@context\":\"https:\\\/\\\/schema.org\",\"@graph\":[{\"@type\":\"Article\",\"@id\":\"https:\\\/\\\/minutocerord.com\\\/?p=9140#article\",\"isPartOf\":{\"@id\":\"https:\\\/\\\/minutocerord.com\\\/?p=9140\"},\"author\":{\"name\":\"Genof\u00f3ntes Urb\u00e1ez\",\"@id\":\"https:\\\/\\\/minutocerord.com\\\/#\\\/schema\\\/person\\\/60b5372d60aaa0a5171fb6488be9aee6\"},\"headline\":\"Hait\u00ed lamenta \u00abmalentendidos\u00bb tras reuni\u00f3n con presidente de RD\",\"datePublished\":\"2022-06-13T03:03:21+00:00\",\"dateModified\":\"2022-06-13T03:03:23+00:00\",\"mainEntityOfPage\":{\"@id\":\"https:\\\/\\\/minutocerord.com\\\/?p=9140\"},\"wordCount\":319,\"commentCount\":0,\"publisher\":{\"@id\":\"https:\\\/\\\/minutocerord.com\\\/#\\\/schema\\\/person\\\/60b5372d60aaa0a5171fb6488be9aee6\"},\"image\":{\"@id\":\"https:\\\/\\\/minutocerord.com\\\/?p=9140#primaryimage\"},\"thumbnailUrl\":\"https:\\\/\\\/i0.wp.com\\\/minutocerord.com\\\/wp-content\\\/uploads\\\/2022\\\/06\\\/12365-1024x587-2.jpeg?fit=1024%2C562&ssl=1\",\"articleSection\":[\"Hait\u00ed\"],\"inLanguage\":\"es-DO\",\"potentialAction\":[{\"@type\":\"CommentAction\",\"name\":\"Comment\",\"target\":[\"https:\\\/\\\/minutocerord.com\\\/?p=9140#respond\"]}]},{\"@type\":\"WebPage\",\"@id\":\"https:\\\/\\\/minutocerord.com\\\/?p=9140\",\"url\":\"https:\\\/\\\/minutocerord.com\\\/?p=9140\",\"name\":\"Hait\u00ed lamenta \u00abmalentendidos\u00bb tras reuni\u00f3n con presidente de RD - Minuto Cero RD\",\"isPartOf\":{\"@id\":\"https:\\\/\\\/minutocerord.com\\\/#website\"},\"primaryImageOfPage\":{\"@id\":\"https:\\\/\\\/minutocerord.com\\\/?p=9140#primaryimage\"},\"image\":{\"@id\":\"https:\\\/\\\/minutocerord.com\\\/?p=9140#primaryimage\"},\"thumbnailUrl\":\"https:\\\/\\\/i0.wp.com\\\/minutocerord.com\\\/wp-content\\\/uploads\\\/2022\\\/06\\\/12365-1024x587-2.jpeg?fit=1024%2C562&ssl=1\",\"datePublished\":\"2022-06-13T03:03:21+00:00\",\"dateModified\":\"2022-06-13T03:03:23+00:00\",\"breadcrumb\":{\"@id\":\"https:\\\/\\\/minutocerord.com\\\/?p=9140#breadcrumb\"},\"inLanguage\":\"es-DO\",\"potentialAction\":[{\"@type\":\"ReadAction\",\"target\":[\"https:\\\/\\\/minutocerord.com\\\/?p=9140\"]}]},{\"@type\":\"ImageObject\",\"inLanguage\":\"es-DO\",\"@id\":\"https:\\\/\\\/minutocerord.com\\\/?p=9140#primaryimage\",\"url\":\"https:\\\/\\\/i0.wp.com\\\/minutocerord.com\\\/wp-content\\\/uploads\\\/2022\\\/06\\\/12365-1024x587-2.jpeg?fit=1024%2C562&ssl=1\",\"contentUrl\":\"https:\\\/\\\/i0.wp.com\\\/minutocerord.com\\\/wp-content\\\/uploads\\\/2022\\\/06\\\/12365-1024x587-2.jpeg?fit=1024%2C562&ssl=1\",\"width\":1024,\"height\":562},{\"@type\":\"BreadcrumbList\",\"@id\":\"https:\\\/\\\/minutocerord.com\\\/?p=9140#breadcrumb\",\"itemListElement\":[{\"@type\":\"ListItem\",\"position\":1,\"name\":\"Home\",\"item\":\"https:\\\/\\\/minutocerord.com\\\/\"},{\"@type\":\"ListItem\",\"position\":2,\"name\":\"Hait\u00ed lamenta \u00abmalentendidos\u00bb tras reuni\u00f3n con presidente de RD\"}]},{\"@type\":\"WebSite\",\"@id\":\"https:\\\/\\\/minutocerord.com\\\/#website\",\"url\":\"https:\\\/\\\/minutocerord.com\\\/\",\"name\":\"Minuto Cero RD\",\"description\":\"Periodismo serio y veraz\",\"publisher\":{\"@id\":\"https:\\\/\\\/minutocerord.com\\\/#\\\/schema\\\/person\\\/60b5372d60aaa0a5171fb6488be9aee6\"},\"potentialAction\":[{\"@type\":\"SearchAction\",\"target\":{\"@type\":\"EntryPoint\",\"urlTemplate\":\"https:\\\/\\\/minutocerord.com\\\/?s={search_term_string}\"},\"query-input\":{\"@type\":\"PropertyValueSpecification\",\"valueRequired\":true,\"valueName\":\"search_term_string\"}}],\"inLanguage\":\"es-DO\"},{\"@type\":[\"Person\",\"Organization\"],\"@id\":\"https:\\\/\\\/minutocerord.com\\\/#\\\/schema\\\/person\\\/60b5372d60aaa0a5171fb6488be9aee6\",\"name\":\"Genof\u00f3ntes Urb\u00e1ez\",\"image\":{\"@type\":\"ImageObject\",\"inLanguage\":\"es-DO\",\"@id\":\"https:\\\/\\\/secure.gravatar.com\\\/avatar\\\/a49ef3186a692098ac3e8a1612261e3ad70cf9e44553dff2929e67939a0ecb9d?s=96&d=identicon&r=g\",\"url\":\"https:\\\/\\\/secure.gravatar.com\\\/avatar\\\/a49ef3186a692098ac3e8a1612261e3ad70cf9e44553dff2929e67939a0ecb9d?s=96&d=identicon&r=g\",\"contentUrl\":\"https:\\\/\\\/secure.gravatar.com\\\/avatar\\\/a49ef3186a692098ac3e8a1612261e3ad70cf9e44553dff2929e67939a0ecb9d?s=96&d=identicon&r=g\",\"caption\":\"Genof\u00f3ntes Urb\u00e1ez\"},\"logo\":{\"@id\":\"https:\\\/\\\/secure.gravatar.com\\\/avatar\\\/a49ef3186a692098ac3e8a1612261e3ad70cf9e44553dff2929e67939a0ecb9d?s=96&d=identicon&r=g\"},\"description\":\"Periodista \\\/ Locutor\",\"sameAs\":[\"https:\\\/\\\/www.facebook.com\\\/Genofnotes\",\"https:\\\/\\\/www.instagram.com\\\/genofnotes\\\/\"]}]}<\/script>\n<!-- \/ Yoast SEO plugin. -->","yoast_head_json":{"title":"Hait\u00ed lamenta \u00abmalentendidos\u00bb tras reuni\u00f3n con presidente de RD - Minuto Cero RD","robots":{"index":"index","follow":"follow","max-snippet":"max-snippet:-1","max-image-preview":"max-image-preview:large","max-video-preview":"max-video-preview:-1"},"canonical":"https:\/\/minutocerord.com\/?p=9140","og_locale":"es_ES","og_type":"article","og_title":"Hait\u00ed lamenta \u00abmalentendidos\u00bb tras reuni\u00f3n con presidente de RD - Minuto Cero RD","og_description":"Puerto Pr\u00edncipe.- Hait\u00ed dijo hoy lamentar \u00ablos malentendidos\u00bb, que se produjeron tras la reuni\u00f3n entre el primer ministro, Ariel Henry, y el presidente dominicano, Luis Abinader, el jueves al margen de la IX Cumbre de las Am\u00e9ricas, celebrada esta semana en Los \u00c1ngeles (Estados Unidos). En una rueda de prensa este domingo, donde evalu\u00f3 su [&hellip;]","og_url":"https:\/\/minutocerord.com\/?p=9140","og_site_name":"Minuto Cero RD","article_publisher":"https:\/\/www.facebook.com\/Genofnotes","article_author":"https:\/\/www.facebook.com\/Genofnotes","article_published_time":"2022-06-13T03:03:21+00:00","article_modified_time":"2022-06-13T03:03:23+00:00","og_image":[{"width":1024,"height":562,"url":"https:\/\/i0.wp.com\/minutocerord.com\/wp-content\/uploads\/2022\/06\/12365-1024x587-2.jpeg?fit=1024%2C562&ssl=1","type":"image\/jpeg"}],"author":"Genof\u00f3ntes Urb\u00e1ez","twitter_card":"summary_large_image","twitter_misc":{"Written by":"Genof\u00f3ntes Urb\u00e1ez","Est. reading time":"2 minutos"},"schema":{"@context":"https:\/\/schema.org","@graph":[{"@type":"Article","@id":"https:\/\/minutocerord.com\/?p=9140#article","isPartOf":{"@id":"https:\/\/minutocerord.com\/?p=9140"},"author":{"name":"Genof\u00f3ntes Urb\u00e1ez","@id":"https:\/\/minutocerord.com\/#\/schema\/person\/60b5372d60aaa0a5171fb6488be9aee6"},"headline":"Hait\u00ed lamenta \u00abmalentendidos\u00bb tras reuni\u00f3n con presidente de RD","datePublished":"2022-06-13T03:03:21+00:00","dateModified":"2022-06-13T03:03:23+00:00","mainEntityOfPage":{"@id":"https:\/\/minutocerord.com\/?p=9140"},"wordCount":319,"commentCount":0,"publisher":{"@id":"https:\/\/minutocerord.com\/#\/schema\/person\/60b5372d60aaa0a5171fb6488be9aee6"},"image":{"@id":"https:\/\/minutocerord.com\/?p=9140#primaryimage"},"thumbnailUrl":"https:\/\/i0.wp.com\/minutocerord.com\/wp-content\/uploads\/2022\/06\/12365-1024x587-2.jpeg?fit=1024%2C562&ssl=1","articleSection":["Hait\u00ed"],"inLanguage":"es-DO","potentialAction":[{"@type":"CommentAction","name":"Comment","target":["https:\/\/minutocerord.com\/?p=9140#respond"]}]},{"@type":"WebPage","@id":"https:\/\/minutocerord.com\/?p=9140","url":"https:\/\/minutocerord.com\/?p=9140","name":"Hait\u00ed lamenta \u00abmalentendidos\u00bb tras reuni\u00f3n con presidente de RD - Minuto Cero RD","isPartOf":{"@id":"https:\/\/minutocerord.com\/#website"},"primaryImageOfPage":{"@id":"https:\/\/minutocerord.com\/?p=9140#primaryimage"},"image":{"@id":"https:\/\/minutocerord.com\/?p=9140#primaryimage"},"thumbnailUrl":"https:\/\/i0.wp.com\/minutocerord.com\/wp-content\/uploads\/2022\/06\/12365-1024x587-2.jpeg?fit=1024%2C562&ssl=1","datePublished":"2022-06-13T03:03:21+00:00","dateModified":"2022-06-13T03:03:23+00:00","breadcrumb":{"@id":"https:\/\/minutocerord.com\/?p=9140#breadcrumb"},"inLanguage":"es-DO","potentialAction":[{"@type":"ReadAction","target":["https:\/\/minutocerord.com\/?p=9140"]}]},{"@type":"ImageObject","inLanguage":"es-DO","@id":"https:\/\/minutocerord.com\/?p=9140#primaryimage","url":"https:\/\/i0.wp.com\/minutocerord.com\/wp-content\/uploads\/2022\/06\/12365-1024x587-2.jpeg?fit=1024%2C562&ssl=1","contentUrl":"https:\/\/i0.wp.com\/minutocerord.com\/wp-content\/uploads\/2022\/06\/12365-1024x587-2.jpeg?fit=1024%2C562&ssl=1","width":1024,"height":562},{"@type":"BreadcrumbList","@id":"https:\/\/minutocerord.com\/?p=9140#breadcrumb","itemListElement":[{"@type":"ListItem","position":1,"name":"Home","item":"https:\/\/minutocerord.com\/"},{"@type":"ListItem","position":2,"name":"Hait\u00ed lamenta \u00abmalentendidos\u00bb tras reuni\u00f3n con presidente de RD"}]},{"@type":"WebSite","@id":"https:\/\/minutocerord.com\/#website","url":"https:\/\/minutocerord.com\/","name":"Minuto Cero RD","description":"Periodismo serio y veraz","publisher":{"@id":"https:\/\/minutocerord.com\/#\/schema\/person\/60b5372d60aaa0a5171fb6488be9aee6"},"potentialAction":[{"@type":"SearchAction","target":{"@type":"EntryPoint","urlTemplate":"https:\/\/minutocerord.com\/?s={search_term_string}"},"query-input":{"@type":"PropertyValueSpecification","valueRequired":true,"valueName":"search_term_string"}}],"inLanguage":"es-DO"},{"@type":["Person","Organization"],"@id":"https:\/\/minutocerord.com\/#\/schema\/person\/60b5372d60aaa0a5171fb6488be9aee6","name":"Genof\u00f3ntes Urb\u00e1ez","image":{"@type":"ImageObject","inLanguage":"es-DO","@id":"https:\/\/secure.gravatar.com\/avatar\/a49ef3186a692098ac3e8a1612261e3ad70cf9e44553dff2929e67939a0ecb9d?s=96&d=identicon&r=g","url":"https:\/\/secure.gravatar.com\/avatar\/a49ef3186a692098ac3e8a1612261e3ad70cf9e44553dff2929e67939a0ecb9d?s=96&d=identicon&r=g","contentUrl":"https:\/\/secure.gravatar.com\/avatar\/a49ef3186a692098ac3e8a1612261e3ad70cf9e44553dff2929e67939a0ecb9d?s=96&d=identicon&r=g","caption":"Genof\u00f3ntes Urb\u00e1ez"},"logo":{"@id":"https:\/\/secure.gravatar.com\/avatar\/a49ef3186a692098ac3e8a1612261e3ad70cf9e44553dff2929e67939a0ecb9d?s=96&d=identicon&r=g"},"description":"Periodista \/ Locutor","sameAs":["https:\/\/www.facebook.com\/Genofnotes","https:\/\/www.instagram.com\/genofnotes\/"]}]}},"jetpack_publicize_connections":[],"jetpack_featured_media_url":"https:\/\/i0.wp.com\/minutocerord.com\/wp-content\/uploads\/2022\/06\/12365-1024x587-2.jpeg?fit=1024%2C562&ssl=1","jetpack-related-posts":[],"jetpack_sharing_enabled":true,"_links":{"self":[{"href":"https:\/\/minutocerord.com\/index.php?rest_route=\/wp\/v2\/posts\/9140","targetHints":{"allow":["GET"]}}],"collection":[{"href":"https:\/\/minutocerord.com\/index.php?rest_route=\/wp\/v2\/posts"}],"about":[{"href":"https:\/\/minutocerord.com\/index.php?rest_route=\/wp\/v2\/types\/post"}],"author":[{"embeddable":true,"href":"https:\/\/minutocerord.com\/index.php?rest_route=\/wp\/v2\/users\/1"}],"replies":[{"embeddable":true,"href":"https:\/\/minutocerord.com\/index.php?rest_route=%2Fwp%2Fv2%2Fcomments&post=9140"}],"version-history":[{"count":1,"href":"https:\/\/minutocerord.com\/index.php?rest_route=\/wp\/v2\/posts\/9140\/revisions"}],"predecessor-version":[{"id":9142,"href":"https:\/\/minutocerord.com\/index.php?rest_route=\/wp\/v2\/posts\/9140\/revisions\/9142"}],"wp:featuredmedia":[{"embeddable":true,"href":"https:\/\/minutocerord.com\/index.php?rest_route=\/wp\/v2\/media\/9141"}],"wp:attachment":[{"href":"https:\/\/minutocerord.com\/index.php?rest_route=%2Fwp%2Fv2%2Fmedia&parent=9140"}],"wp:term":[{"taxonomy":"category","embeddable":true,"href":"https:\/\/minutocerord.com\/index.php?rest_route=%2Fwp%2Fv2%2Fcategories&post=9140"},{"taxonomy":"post_tag","embeddable":true,"href":"https:\/\/minutocerord.com\/index.php?rest_route=%2Fwp%2Fv2%2Ftags&post=9140"}],"curies":[{"name":"wp","href":"https:\/\/api.w.org\/{rel}","templated":true}]}}