{"id":9205,"date":"2022-06-14T16:32:07","date_gmt":"2022-06-14T20:32:07","guid":{"rendered":"https:\/\/minutocerord.com\/?p=9205"},"modified":"2022-06-14T16:32:09","modified_gmt":"2022-06-14T20:32:09","slug":"miles-personas-podran-retirar-por-anticipado-a-dinero-de-pensiones","status":"publish","type":"post","link":"https:\/\/minutocerord.com\/?p=9205","title":{"rendered":"Miles personas podr\u00e1n retirar por anticipado a dinero de pensiones"},"content":{"rendered":"\n<p><a href=\"https:\/\/almomento.net\/wp-content\/uploads\/2022\/06\/El-ministro-de-Trabajo-Luis-Miguel-Decamps-y-otros-miembros-del-Consejo-de-Seguridad-Social..jpg\"><\/a><strong>Santo Domingo.- <\/strong>M\u00e1s de 25,000 personas que ingresaron de manera tard\u00eda al sistema de pensiones de la Rep\u00fablica Dominicana podr\u00e1n retirar su dinero, de manera total o parcial, a ra\u00edz de una resoluci\u00f3n dada a conocer este martes por el ministro de Trabajo, Luis Miguel De Camps.<\/p>\n\n\n\n<p>Se trata de trabajadores que ten\u00edan 45 a\u00f1os cuando empezaron a cotizar en la seguridad social y que, por razones de edad, no califican para recibir la pensi\u00f3n.<\/p>\n\n\n\n<p><strong>DESEMBOLSO DE M\u00c1S DE 7 MIL MILLONES<\/strong><\/p>\n\n\n\n<p>Se estima un desembolso de m\u00e1s de 7,000 millones de pesos por este concepto, dijo De Camps en rueda de prensa.<\/p>\n\n\n\n<p>La entrega se realizar\u00e1 a partir de los pr\u00f3ximo 45 d\u00edas, una vez entre en vigencia la resoluci\u00f3n aprobada hoy por el Consejo Nacional de Seguridad Social (CNSS).<\/p>\n\n\n\n<p>Esta medida \u00abcrea un precedente jur\u00eddico, que le permitir\u00e1 gozar de este beneficio a muchos trabajadores que, cada a\u00f1o, caen en esta situaci\u00f3n por haber llegado a la edad de 60 a\u00f1os sin contar con las cotizaciones requeridas por la ley para gozar de una pensi\u00f3n\u00bb, precis\u00f3 el funcionario.<\/p>\n\n\n\n<p>La Ley de Seguridad Social 87-01 establece que para que una persona pueda acceder a una pensi\u00f3n debe tener 60 a\u00f1os de edad y al menos 360 cotizaciones.EFE<\/p>\n","protected":false},"excerpt":{"rendered":"<p>Santo Domingo.- M\u00e1s de 25,000 personas que ingresaron de manera tard\u00eda al sistema de pensiones de la Rep\u00fablica Dominicana podr\u00e1n retirar su dinero, de manera total o parcial, a ra\u00edz de una resoluci\u00f3n dada a conocer este martes por el ministro de Trabajo, Luis Miguel De Camps. Se trata de trabajadores que ten\u00edan 45 a\u00f1os [&hellip;]<\/p>\n","protected":false},"author":1,"featured_media":9206,"comment_status":"open","ping_status":"open","sticky":false,"template":"","format":"standard","meta":{"nf_dc_page":"","jetpack_post_was_ever_published":false,"_jetpack_newsletter_access":"","_jetpack_dont_email_post_to_subs":false,"_jetpack_newsletter_tier_id":0,"_jetpack_memberships_contains_paywalled_content":false,"_jetpack_memberships_contains_paid_content":false,"footnotes":"","jetpack_publicize_message":"","jetpack_publicize_feature_enabled":true,"jetpack_social_post_already_shared":false,"jetpack_social_options":{"image_generator_settings":{"template":"highway","default_image_id":0,"font":"","enabled":false},"version":2}},"categories":[74],"tags":[],"class_list":["post-9205","post","type-post","status-publish","format-standard","has-post-thumbnail","hentry","category-economicas"],"yoast_head":"<!-- This site is optimized with the Yoast SEO plugin v27.4 - https:\/\/yoast.com\/product\/yoast-seo-wordpress\/ -->\n<title>Miles personas podr\u00e1n retirar por anticipado a dinero de pensiones - Minuto Cero RD<\/title>\n<meta name=\"robots\" content=\"index, follow, max-snippet:-1, max-image-preview:large, max-video-preview:-1\" \/>\n<link rel=\"canonical\" href=\"http:\/\/minutocerord.com\/?p=9205\" \/>\n<meta property=\"og:locale\" content=\"es_ES\" \/>\n<meta property=\"og:type\" content=\"article\" \/>\n<meta property=\"og:title\" content=\"Miles personas podr\u00e1n retirar por anticipado a dinero de pensiones - Minuto Cero RD\" \/>\n<meta property=\"og:description\" content=\"Santo Domingo.- M\u00e1s de 25,000 personas que ingresaron de manera tard\u00eda al sistema de pensiones de la Rep\u00fablica Dominicana podr\u00e1n retirar su dinero, de manera total o parcial, a ra\u00edz de una resoluci\u00f3n dada a conocer este martes por el ministro de Trabajo, Luis Miguel De Camps. Se trata de trabajadores que ten\u00edan 45 a\u00f1os [&hellip;]\" \/>\n<meta property=\"og:url\" content=\"http:\/\/minutocerord.com\/?p=9205\" \/>\n<meta property=\"og:site_name\" content=\"Minuto Cero RD\" \/>\n<meta property=\"article:publisher\" content=\"https:\/\/www.facebook.com\/Genofnotes\" \/>\n<meta property=\"article:author\" content=\"https:\/\/www.facebook.com\/Genofnotes\" \/>\n<meta property=\"article:published_time\" content=\"2022-06-14T20:32:07+00:00\" \/>\n<meta property=\"article:modified_time\" content=\"2022-06-14T20:32:09+00:00\" \/>\n<meta property=\"og:image\" content=\"https:\/\/i0.wp.com\/minutocerord.com\/wp-content\/uploads\/2022\/06\/El-ministro-de-Trabajo-Luis-Miguel-Decamps-y-otros-miembros-del-Consejo-de-Seguridad-Social..jpg?fit=640%2C344\" \/>\n\t<meta property=\"og:image:width\" content=\"640\" \/>\n\t<meta property=\"og:image:height\" content=\"344\" \/>\n\t<meta property=\"og:image:type\" content=\"image\/jpeg\" \/>\n<meta name=\"author\" content=\"Genof\u00f3ntes Urb\u00e1ez\" \/>\n<meta name=\"twitter:card\" content=\"summary_large_image\" \/>\n<meta name=\"twitter:label1\" content=\"Written by\" \/>\n\t<meta name=\"twitter:data1\" content=\"Genof\u00f3ntes Urb\u00e1ez\" \/>\n\t<meta name=\"twitter:label2\" content=\"Est. reading time\" \/>\n\t<meta name=\"twitter:data2\" content=\"1 minuto\" \/>\n<script type=\"application\/ld+json\" class=\"yoast-schema-graph\">{\"@context\":\"https:\\\/\\\/schema.org\",\"@graph\":[{\"@type\":\"Article\",\"@id\":\"http:\\\/\\\/minutocerord.com\\\/?p=9205#article\",\"isPartOf\":{\"@id\":\"http:\\\/\\\/minutocerord.com\\\/?p=9205\"},\"author\":{\"name\":\"Genof\u00f3ntes Urb\u00e1ez\",\"@id\":\"https:\\\/\\\/minutocerord.com\\\/#\\\/schema\\\/person\\\/60b5372d60aaa0a5171fb6488be9aee6\"},\"headline\":\"Miles personas podr\u00e1n retirar por anticipado a dinero de pensiones\",\"datePublished\":\"2022-06-14T20:32:07+00:00\",\"dateModified\":\"2022-06-14T20:32:09+00:00\",\"mainEntityOfPage\":{\"@id\":\"http:\\\/\\\/minutocerord.com\\\/?p=9205\"},\"wordCount\":234,\"commentCount\":0,\"publisher\":{\"@id\":\"https:\\\/\\\/minutocerord.com\\\/#\\\/schema\\\/person\\\/60b5372d60aaa0a5171fb6488be9aee6\"},\"image\":{\"@id\":\"http:\\\/\\\/minutocerord.com\\\/?p=9205#primaryimage\"},\"thumbnailUrl\":\"https:\\\/\\\/i0.wp.com\\\/minutocerord.com\\\/wp-content\\\/uploads\\\/2022\\\/06\\\/El-ministro-de-Trabajo-Luis-Miguel-Decamps-y-otros-miembros-del-Consejo-de-Seguridad-Social..jpg?fit=640%2C344&ssl=1\",\"articleSection\":[\"Econ\u00f3micas\"],\"inLanguage\":\"es-DO\",\"potentialAction\":[{\"@type\":\"CommentAction\",\"name\":\"Comment\",\"target\":[\"http:\\\/\\\/minutocerord.com\\\/?p=9205#respond\"]}]},{\"@type\":\"WebPage\",\"@id\":\"http:\\\/\\\/minutocerord.com\\\/?p=9205\",\"url\":\"http:\\\/\\\/minutocerord.com\\\/?p=9205\",\"name\":\"Miles personas podr\u00e1n retirar por anticipado a dinero de pensiones - Minuto Cero RD\",\"isPartOf\":{\"@id\":\"https:\\\/\\\/minutocerord.com\\\/#website\"},\"primaryImageOfPage\":{\"@id\":\"http:\\\/\\\/minutocerord.com\\\/?p=9205#primaryimage\"},\"image\":{\"@id\":\"http:\\\/\\\/minutocerord.com\\\/?p=9205#primaryimage\"},\"thumbnailUrl\":\"https:\\\/\\\/i0.wp.com\\\/minutocerord.com\\\/wp-content\\\/uploads\\\/2022\\\/06\\\/El-ministro-de-Trabajo-Luis-Miguel-Decamps-y-otros-miembros-del-Consejo-de-Seguridad-Social..jpg?fit=640%2C344&ssl=1\",\"datePublished\":\"2022-06-14T20:32:07+00:00\",\"dateModified\":\"2022-06-14T20:32:09+00:00\",\"breadcrumb\":{\"@id\":\"http:\\\/\\\/minutocerord.com\\\/?p=9205#breadcrumb\"},\"inLanguage\":\"es-DO\",\"potentialAction\":[{\"@type\":\"ReadAction\",\"target\":[\"http:\\\/\\\/minutocerord.com\\\/?p=9205\"]}]},{\"@type\":\"ImageObject\",\"inLanguage\":\"es-DO\",\"@id\":\"http:\\\/\\\/minutocerord.com\\\/?p=9205#primaryimage\",\"url\":\"https:\\\/\\\/i0.wp.com\\\/minutocerord.com\\\/wp-content\\\/uploads\\\/2022\\\/06\\\/El-ministro-de-Trabajo-Luis-Miguel-Decamps-y-otros-miembros-del-Consejo-de-Seguridad-Social..jpg?fit=640%2C344&ssl=1\",\"contentUrl\":\"https:\\\/\\\/i0.wp.com\\\/minutocerord.com\\\/wp-content\\\/uploads\\\/2022\\\/06\\\/El-ministro-de-Trabajo-Luis-Miguel-Decamps-y-otros-miembros-del-Consejo-de-Seguridad-Social..jpg?fit=640%2C344&ssl=1\",\"width\":640,\"height\":344},{\"@type\":\"BreadcrumbList\",\"@id\":\"http:\\\/\\\/minutocerord.com\\\/?p=9205#breadcrumb\",\"itemListElement\":[{\"@type\":\"ListItem\",\"position\":1,\"name\":\"Home\",\"item\":\"https:\\\/\\\/minutocerord.com\\\/\"},{\"@type\":\"ListItem\",\"position\":2,\"name\":\"Miles personas podr\u00e1n retirar por anticipado a dinero de pensiones\"}]},{\"@type\":\"WebSite\",\"@id\":\"https:\\\/\\\/minutocerord.com\\\/#website\",\"url\":\"https:\\\/\\\/minutocerord.com\\\/\",\"name\":\"Minuto Cero RD\",\"description\":\"Periodismo serio y veraz\",\"publisher\":{\"@id\":\"https:\\\/\\\/minutocerord.com\\\/#\\\/schema\\\/person\\\/60b5372d60aaa0a5171fb6488be9aee6\"},\"potentialAction\":[{\"@type\":\"SearchAction\",\"target\":{\"@type\":\"EntryPoint\",\"urlTemplate\":\"https:\\\/\\\/minutocerord.com\\\/?s={search_term_string}\"},\"query-input\":{\"@type\":\"PropertyValueSpecification\",\"valueRequired\":true,\"valueName\":\"search_term_string\"}}],\"inLanguage\":\"es-DO\"},{\"@type\":[\"Person\",\"Organization\"],\"@id\":\"https:\\\/\\\/minutocerord.com\\\/#\\\/schema\\\/person\\\/60b5372d60aaa0a5171fb6488be9aee6\",\"name\":\"Genof\u00f3ntes Urb\u00e1ez\",\"image\":{\"@type\":\"ImageObject\",\"inLanguage\":\"es-DO\",\"@id\":\"https:\\\/\\\/secure.gravatar.com\\\/avatar\\\/a49ef3186a692098ac3e8a1612261e3ad70cf9e44553dff2929e67939a0ecb9d?s=96&d=identicon&r=g\",\"url\":\"https:\\\/\\\/secure.gravatar.com\\\/avatar\\\/a49ef3186a692098ac3e8a1612261e3ad70cf9e44553dff2929e67939a0ecb9d?s=96&d=identicon&r=g\",\"contentUrl\":\"https:\\\/\\\/secure.gravatar.com\\\/avatar\\\/a49ef3186a692098ac3e8a1612261e3ad70cf9e44553dff2929e67939a0ecb9d?s=96&d=identicon&r=g\",\"caption\":\"Genof\u00f3ntes Urb\u00e1ez\"},\"logo\":{\"@id\":\"https:\\\/\\\/secure.gravatar.com\\\/avatar\\\/a49ef3186a692098ac3e8a1612261e3ad70cf9e44553dff2929e67939a0ecb9d?s=96&d=identicon&r=g\"},\"description\":\"Periodista \\\/ Locutor\",\"sameAs\":[\"https:\\\/\\\/www.facebook.com\\\/Genofnotes\",\"https:\\\/\\\/www.instagram.com\\\/genofnotes\\\/\"]}]}<\/script>\n<!-- \/ Yoast SEO plugin. -->","yoast_head_json":{"title":"Miles personas podr\u00e1n retirar por anticipado a dinero de pensiones - Minuto Cero RD","robots":{"index":"index","follow":"follow","max-snippet":"max-snippet:-1","max-image-preview":"max-image-preview:large","max-video-preview":"max-video-preview:-1"},"canonical":"http:\/\/minutocerord.com\/?p=9205","og_locale":"es_ES","og_type":"article","og_title":"Miles personas podr\u00e1n retirar por anticipado a dinero de pensiones - Minuto Cero RD","og_description":"Santo Domingo.- M\u00e1s de 25,000 personas que ingresaron de manera tard\u00eda al sistema de pensiones de la Rep\u00fablica Dominicana podr\u00e1n retirar su dinero, de manera total o parcial, a ra\u00edz de una resoluci\u00f3n dada a conocer este martes por el ministro de Trabajo, Luis Miguel De Camps. Se trata de trabajadores que ten\u00edan 45 a\u00f1os [&hellip;]","og_url":"http:\/\/minutocerord.com\/?p=9205","og_site_name":"Minuto Cero RD","article_publisher":"https:\/\/www.facebook.com\/Genofnotes","article_author":"https:\/\/www.facebook.com\/Genofnotes","article_published_time":"2022-06-14T20:32:07+00:00","article_modified_time":"2022-06-14T20:32:09+00:00","og_image":[{"width":640,"height":344,"url":"https:\/\/i0.wp.com\/minutocerord.com\/wp-content\/uploads\/2022\/06\/El-ministro-de-Trabajo-Luis-Miguel-Decamps-y-otros-miembros-del-Consejo-de-Seguridad-Social..jpg?fit=640%2C344","type":"image\/jpeg"}],"author":"Genof\u00f3ntes Urb\u00e1ez","twitter_card":"summary_large_image","twitter_misc":{"Written by":"Genof\u00f3ntes Urb\u00e1ez","Est. reading time":"1 minuto"},"schema":{"@context":"https:\/\/schema.org","@graph":[{"@type":"Article","@id":"http:\/\/minutocerord.com\/?p=9205#article","isPartOf":{"@id":"http:\/\/minutocerord.com\/?p=9205"},"author":{"name":"Genof\u00f3ntes Urb\u00e1ez","@id":"https:\/\/minutocerord.com\/#\/schema\/person\/60b5372d60aaa0a5171fb6488be9aee6"},"headline":"Miles personas podr\u00e1n retirar por anticipado a dinero de pensiones","datePublished":"2022-06-14T20:32:07+00:00","dateModified":"2022-06-14T20:32:09+00:00","mainEntityOfPage":{"@id":"http:\/\/minutocerord.com\/?p=9205"},"wordCount":234,"commentCount":0,"publisher":{"@id":"https:\/\/minutocerord.com\/#\/schema\/person\/60b5372d60aaa0a5171fb6488be9aee6"},"image":{"@id":"http:\/\/minutocerord.com\/?p=9205#primaryimage"},"thumbnailUrl":"https:\/\/i0.wp.com\/minutocerord.com\/wp-content\/uploads\/2022\/06\/El-ministro-de-Trabajo-Luis-Miguel-Decamps-y-otros-miembros-del-Consejo-de-Seguridad-Social..jpg?fit=640%2C344&ssl=1","articleSection":["Econ\u00f3micas"],"inLanguage":"es-DO","potentialAction":[{"@type":"CommentAction","name":"Comment","target":["http:\/\/minutocerord.com\/?p=9205#respond"]}]},{"@type":"WebPage","@id":"http:\/\/minutocerord.com\/?p=9205","url":"http:\/\/minutocerord.com\/?p=9205","name":"Miles personas podr\u00e1n retirar por anticipado a dinero de pensiones - Minuto Cero RD","isPartOf":{"@id":"https:\/\/minutocerord.com\/#website"},"primaryImageOfPage":{"@id":"http:\/\/minutocerord.com\/?p=9205#primaryimage"},"image":{"@id":"http:\/\/minutocerord.com\/?p=9205#primaryimage"},"thumbnailUrl":"https:\/\/i0.wp.com\/minutocerord.com\/wp-content\/uploads\/2022\/06\/El-ministro-de-Trabajo-Luis-Miguel-Decamps-y-otros-miembros-del-Consejo-de-Seguridad-Social..jpg?fit=640%2C344&ssl=1","datePublished":"2022-06-14T20:32:07+00:00","dateModified":"2022-06-14T20:32:09+00:00","breadcrumb":{"@id":"http:\/\/minutocerord.com\/?p=9205#breadcrumb"},"inLanguage":"es-DO","potentialAction":[{"@type":"ReadAction","target":["http:\/\/minutocerord.com\/?p=9205"]}]},{"@type":"ImageObject","inLanguage":"es-DO","@id":"http:\/\/minutocerord.com\/?p=9205#primaryimage","url":"https:\/\/i0.wp.com\/minutocerord.com\/wp-content\/uploads\/2022\/06\/El-ministro-de-Trabajo-Luis-Miguel-Decamps-y-otros-miembros-del-Consejo-de-Seguridad-Social..jpg?fit=640%2C344&ssl=1","contentUrl":"https:\/\/i0.wp.com\/minutocerord.com\/wp-content\/uploads\/2022\/06\/El-ministro-de-Trabajo-Luis-Miguel-Decamps-y-otros-miembros-del-Consejo-de-Seguridad-Social..jpg?fit=640%2C344&ssl=1","width":640,"height":344},{"@type":"BreadcrumbList","@id":"http:\/\/minutocerord.com\/?p=9205#breadcrumb","itemListElement":[{"@type":"ListItem","position":1,"name":"Home","item":"https:\/\/minutocerord.com\/"},{"@type":"ListItem","position":2,"name":"Miles personas podr\u00e1n retirar por anticipado a dinero de pensiones"}]},{"@type":"WebSite","@id":"https:\/\/minutocerord.com\/#website","url":"https:\/\/minutocerord.com\/","name":"Minuto Cero RD","description":"Periodismo serio y veraz","publisher":{"@id":"https:\/\/minutocerord.com\/#\/schema\/person\/60b5372d60aaa0a5171fb6488be9aee6"},"potentialAction":[{"@type":"SearchAction","target":{"@type":"EntryPoint","urlTemplate":"https:\/\/minutocerord.com\/?s={search_term_string}"},"query-input":{"@type":"PropertyValueSpecification","valueRequired":true,"valueName":"search_term_string"}}],"inLanguage":"es-DO"},{"@type":["Person","Organization"],"@id":"https:\/\/minutocerord.com\/#\/schema\/person\/60b5372d60aaa0a5171fb6488be9aee6","name":"Genof\u00f3ntes Urb\u00e1ez","image":{"@type":"ImageObject","inLanguage":"es-DO","@id":"https:\/\/secure.gravatar.com\/avatar\/a49ef3186a692098ac3e8a1612261e3ad70cf9e44553dff2929e67939a0ecb9d?s=96&d=identicon&r=g","url":"https:\/\/secure.gravatar.com\/avatar\/a49ef3186a692098ac3e8a1612261e3ad70cf9e44553dff2929e67939a0ecb9d?s=96&d=identicon&r=g","contentUrl":"https:\/\/secure.gravatar.com\/avatar\/a49ef3186a692098ac3e8a1612261e3ad70cf9e44553dff2929e67939a0ecb9d?s=96&d=identicon&r=g","caption":"Genof\u00f3ntes Urb\u00e1ez"},"logo":{"@id":"https:\/\/secure.gravatar.com\/avatar\/a49ef3186a692098ac3e8a1612261e3ad70cf9e44553dff2929e67939a0ecb9d?s=96&d=identicon&r=g"},"description":"Periodista \/ Locutor","sameAs":["https:\/\/www.facebook.com\/Genofnotes","https:\/\/www.instagram.com\/genofnotes\/"]}]}},"jetpack_publicize_connections":[],"jetpack_featured_media_url":"https:\/\/i0.wp.com\/minutocerord.com\/wp-content\/uploads\/2022\/06\/El-ministro-de-Trabajo-Luis-Miguel-Decamps-y-otros-miembros-del-Consejo-de-Seguridad-Social..jpg?fit=640%2C344&ssl=1","jetpack-related-posts":[],"jetpack_sharing_enabled":true,"_links":{"self":[{"href":"https:\/\/minutocerord.com\/index.php?rest_route=\/wp\/v2\/posts\/9205","targetHints":{"allow":["GET"]}}],"collection":[{"href":"https:\/\/minutocerord.com\/index.php?rest_route=\/wp\/v2\/posts"}],"about":[{"href":"https:\/\/minutocerord.com\/index.php?rest_route=\/wp\/v2\/types\/post"}],"author":[{"embeddable":true,"href":"https:\/\/minutocerord.com\/index.php?rest_route=\/wp\/v2\/users\/1"}],"replies":[{"embeddable":true,"href":"https:\/\/minutocerord.com\/index.php?rest_route=%2Fwp%2Fv2%2Fcomments&post=9205"}],"version-history":[{"count":1,"href":"https:\/\/minutocerord.com\/index.php?rest_route=\/wp\/v2\/posts\/9205\/revisions"}],"predecessor-version":[{"id":9207,"href":"https:\/\/minutocerord.com\/index.php?rest_route=\/wp\/v2\/posts\/9205\/revisions\/9207"}],"wp:featuredmedia":[{"embeddable":true,"href":"https:\/\/minutocerord.com\/index.php?rest_route=\/wp\/v2\/media\/9206"}],"wp:attachment":[{"href":"https:\/\/minutocerord.com\/index.php?rest_route=%2Fwp%2Fv2%2Fmedia&parent=9205"}],"wp:term":[{"taxonomy":"category","embeddable":true,"href":"https:\/\/minutocerord.com\/index.php?rest_route=%2Fwp%2Fv2%2Fcategories&post=9205"},{"taxonomy":"post_tag","embeddable":true,"href":"https:\/\/minutocerord.com\/index.php?rest_route=%2Fwp%2Fv2%2Ftags&post=9205"}],"curies":[{"name":"wp","href":"https:\/\/api.w.org\/{rel}","templated":true}]}}