{"id":9208,"date":"2022-06-14T16:44:23","date_gmt":"2022-06-14T20:44:23","guid":{"rendered":"https:\/\/minutocerord.com\/?p=9208"},"modified":"2022-06-14T16:44:25","modified_gmt":"2022-06-14T20:44:25","slug":"panama-detienen-peligroso-pandillero-dominicano-en-guabala","status":"publish","type":"post","link":"https:\/\/minutocerord.com\/?p=9208","title":{"rendered":"PANAMA: Detienen peligroso pandillero dominicano en Guabal\u00e1"},"content":{"rendered":"\n<p><strong>PANAMA.-<\/strong>\u00a0Un dominicano de 53 a\u00f1os fue retenido por inspectores del Servicio Nacional de Migraci\u00f3n (SNM) asignados al Puesto de Control Integral de Guabal\u00e1, en la provincia de Chiriqu\u00ed.<\/p>\n\n\n\n<p>Al verificar el estatus del extranjero, se detect\u00f3 una irregularidad migratoria por evasi\u00f3n de puesto de control e impedimento.<\/p>\n\n\n\n<p>Tras la debida coordinaci\u00f3n con la oficina de la Interpol fueron cotejados los datos y el sistema de alertas registr\u00f3 que el sujeto mantiene antecedentes delictivos en su pa\u00eds de origen y en Trinidad y Tobago por falsificaci\u00f3n, estafa y pandillerismo.<\/p>\n\n\n\n<p>Adem\u00e1s, portaba un pasaporte costarricense que presentaba inconsistencias en sus datos.<\/p>\n\n\n\n<p>El extranjero se mantiene en el Puesto de Control Integral de Guabal\u00e1, a la espera de ser trasladado a la ciudad de Panam\u00e1 por el personal de la Unidad Migratoria de Acci\u00f3n de Campo (UMAC).<\/p>\n","protected":false},"excerpt":{"rendered":"<p>PANAMA.-\u00a0Un dominicano de 53 a\u00f1os fue retenido por inspectores del Servicio Nacional de Migraci\u00f3n (SNM) asignados al Puesto de Control Integral de Guabal\u00e1, en la provincia de Chiriqu\u00ed. Al verificar el estatus del extranjero, se detect\u00f3 una irregularidad migratoria por evasi\u00f3n de puesto de control e impedimento. Tras la debida coordinaci\u00f3n con la oficina de [&hellip;]<\/p>\n","protected":false},"author":1,"featured_media":9209,"comment_status":"open","ping_status":"open","sticky":false,"template":"","format":"standard","meta":{"nf_dc_page":"","jetpack_post_was_ever_published":false,"_jetpack_newsletter_access":"","_jetpack_dont_email_post_to_subs":false,"_jetpack_newsletter_tier_id":0,"_jetpack_memberships_contains_paywalled_content":false,"_jetpack_memberships_contains_paid_content":false,"footnotes":"","jetpack_publicize_message":"","jetpack_publicize_feature_enabled":true,"jetpack_social_post_already_shared":false,"jetpack_social_options":{"image_generator_settings":{"template":"highway","default_image_id":0,"font":"","enabled":false},"version":2}},"categories":[107],"tags":[],"class_list":["post-9208","post","type-post","status-publish","format-standard","has-post-thumbnail","hentry","category-panama"],"yoast_head":"<!-- This site is optimized with the Yoast SEO plugin v27.4 - https:\/\/yoast.com\/product\/yoast-seo-wordpress\/ -->\n<title>PANAMA: Detienen peligroso pandillero dominicano en Guabal\u00e1 - Minuto Cero RD<\/title>\n<meta name=\"robots\" content=\"index, follow, max-snippet:-1, max-image-preview:large, max-video-preview:-1\" \/>\n<link rel=\"canonical\" href=\"http:\/\/minutocerord.com\/?p=9208\" \/>\n<meta property=\"og:locale\" content=\"es_ES\" \/>\n<meta property=\"og:type\" content=\"article\" \/>\n<meta property=\"og:title\" content=\"PANAMA: Detienen peligroso pandillero dominicano en Guabal\u00e1 - Minuto Cero RD\" \/>\n<meta property=\"og:description\" content=\"PANAMA.-\u00a0Un dominicano de 53 a\u00f1os fue retenido por inspectores del Servicio Nacional de Migraci\u00f3n (SNM) asignados al Puesto de Control Integral de Guabal\u00e1, en la provincia de Chiriqu\u00ed. Al verificar el estatus del extranjero, se detect\u00f3 una irregularidad migratoria por evasi\u00f3n de puesto de control e impedimento. Tras la debida coordinaci\u00f3n con la oficina de [&hellip;]\" \/>\n<meta property=\"og:url\" content=\"http:\/\/minutocerord.com\/?p=9208\" \/>\n<meta property=\"og:site_name\" content=\"Minuto Cero RD\" \/>\n<meta property=\"article:publisher\" content=\"https:\/\/www.facebook.com\/Genofnotes\" \/>\n<meta property=\"article:author\" content=\"https:\/\/www.facebook.com\/Genofnotes\" \/>\n<meta property=\"article:published_time\" content=\"2022-06-14T20:44:23+00:00\" \/>\n<meta property=\"article:modified_time\" content=\"2022-06-14T20:44:25+00:00\" \/>\n<meta property=\"og:image\" content=\"https:\/\/i0.wp.com\/minutocerord.com\/wp-content\/uploads\/2022\/06\/571903_750x480_crop_62a7d20ab1dad.jpg?fit=750%2C443\" \/>\n\t<meta property=\"og:image:width\" content=\"750\" \/>\n\t<meta property=\"og:image:height\" content=\"443\" \/>\n\t<meta property=\"og:image:type\" content=\"image\/jpeg\" \/>\n<meta name=\"author\" content=\"Genof\u00f3ntes Urb\u00e1ez\" \/>\n<meta name=\"twitter:card\" content=\"summary_large_image\" \/>\n<meta name=\"twitter:label1\" content=\"Written by\" \/>\n\t<meta name=\"twitter:data1\" content=\"Genof\u00f3ntes Urb\u00e1ez\" \/>\n\t<meta name=\"twitter:label2\" content=\"Est. reading time\" \/>\n\t<meta name=\"twitter:data2\" content=\"1 minuto\" \/>\n<script type=\"application\/ld+json\" class=\"yoast-schema-graph\">{\"@context\":\"https:\\\/\\\/schema.org\",\"@graph\":[{\"@type\":\"Article\",\"@id\":\"http:\\\/\\\/minutocerord.com\\\/?p=9208#article\",\"isPartOf\":{\"@id\":\"http:\\\/\\\/minutocerord.com\\\/?p=9208\"},\"author\":{\"name\":\"Genof\u00f3ntes Urb\u00e1ez\",\"@id\":\"https:\\\/\\\/minutocerord.com\\\/#\\\/schema\\\/person\\\/60b5372d60aaa0a5171fb6488be9aee6\"},\"headline\":\"PANAMA: Detienen peligroso pandillero dominicano en Guabal\u00e1\",\"datePublished\":\"2022-06-14T20:44:23+00:00\",\"dateModified\":\"2022-06-14T20:44:25+00:00\",\"mainEntityOfPage\":{\"@id\":\"http:\\\/\\\/minutocerord.com\\\/?p=9208\"},\"wordCount\":150,\"commentCount\":0,\"publisher\":{\"@id\":\"https:\\\/\\\/minutocerord.com\\\/#\\\/schema\\\/person\\\/60b5372d60aaa0a5171fb6488be9aee6\"},\"image\":{\"@id\":\"http:\\\/\\\/minutocerord.com\\\/?p=9208#primaryimage\"},\"thumbnailUrl\":\"https:\\\/\\\/i0.wp.com\\\/minutocerord.com\\\/wp-content\\\/uploads\\\/2022\\\/06\\\/571903_750x480_crop_62a7d20ab1dad.jpg?fit=750%2C443&ssl=1\",\"articleSection\":[\"PANAMA\"],\"inLanguage\":\"es-DO\",\"potentialAction\":[{\"@type\":\"CommentAction\",\"name\":\"Comment\",\"target\":[\"http:\\\/\\\/minutocerord.com\\\/?p=9208#respond\"]}]},{\"@type\":\"WebPage\",\"@id\":\"http:\\\/\\\/minutocerord.com\\\/?p=9208\",\"url\":\"http:\\\/\\\/minutocerord.com\\\/?p=9208\",\"name\":\"PANAMA: Detienen peligroso pandillero dominicano en Guabal\u00e1 - Minuto Cero RD\",\"isPartOf\":{\"@id\":\"https:\\\/\\\/minutocerord.com\\\/#website\"},\"primaryImageOfPage\":{\"@id\":\"http:\\\/\\\/minutocerord.com\\\/?p=9208#primaryimage\"},\"image\":{\"@id\":\"http:\\\/\\\/minutocerord.com\\\/?p=9208#primaryimage\"},\"thumbnailUrl\":\"https:\\\/\\\/i0.wp.com\\\/minutocerord.com\\\/wp-content\\\/uploads\\\/2022\\\/06\\\/571903_750x480_crop_62a7d20ab1dad.jpg?fit=750%2C443&ssl=1\",\"datePublished\":\"2022-06-14T20:44:23+00:00\",\"dateModified\":\"2022-06-14T20:44:25+00:00\",\"breadcrumb\":{\"@id\":\"http:\\\/\\\/minutocerord.com\\\/?p=9208#breadcrumb\"},\"inLanguage\":\"es-DO\",\"potentialAction\":[{\"@type\":\"ReadAction\",\"target\":[\"http:\\\/\\\/minutocerord.com\\\/?p=9208\"]}]},{\"@type\":\"ImageObject\",\"inLanguage\":\"es-DO\",\"@id\":\"http:\\\/\\\/minutocerord.com\\\/?p=9208#primaryimage\",\"url\":\"https:\\\/\\\/i0.wp.com\\\/minutocerord.com\\\/wp-content\\\/uploads\\\/2022\\\/06\\\/571903_750x480_crop_62a7d20ab1dad.jpg?fit=750%2C443&ssl=1\",\"contentUrl\":\"https:\\\/\\\/i0.wp.com\\\/minutocerord.com\\\/wp-content\\\/uploads\\\/2022\\\/06\\\/571903_750x480_crop_62a7d20ab1dad.jpg?fit=750%2C443&ssl=1\",\"width\":750,\"height\":443},{\"@type\":\"BreadcrumbList\",\"@id\":\"http:\\\/\\\/minutocerord.com\\\/?p=9208#breadcrumb\",\"itemListElement\":[{\"@type\":\"ListItem\",\"position\":1,\"name\":\"Home\",\"item\":\"https:\\\/\\\/minutocerord.com\\\/\"},{\"@type\":\"ListItem\",\"position\":2,\"name\":\"PANAMA: Detienen peligroso pandillero dominicano en Guabal\u00e1\"}]},{\"@type\":\"WebSite\",\"@id\":\"https:\\\/\\\/minutocerord.com\\\/#website\",\"url\":\"https:\\\/\\\/minutocerord.com\\\/\",\"name\":\"Minuto Cero RD\",\"description\":\"Periodismo serio y veraz\",\"publisher\":{\"@id\":\"https:\\\/\\\/minutocerord.com\\\/#\\\/schema\\\/person\\\/60b5372d60aaa0a5171fb6488be9aee6\"},\"potentialAction\":[{\"@type\":\"SearchAction\",\"target\":{\"@type\":\"EntryPoint\",\"urlTemplate\":\"https:\\\/\\\/minutocerord.com\\\/?s={search_term_string}\"},\"query-input\":{\"@type\":\"PropertyValueSpecification\",\"valueRequired\":true,\"valueName\":\"search_term_string\"}}],\"inLanguage\":\"es-DO\"},{\"@type\":[\"Person\",\"Organization\"],\"@id\":\"https:\\\/\\\/minutocerord.com\\\/#\\\/schema\\\/person\\\/60b5372d60aaa0a5171fb6488be9aee6\",\"name\":\"Genof\u00f3ntes Urb\u00e1ez\",\"image\":{\"@type\":\"ImageObject\",\"inLanguage\":\"es-DO\",\"@id\":\"https:\\\/\\\/secure.gravatar.com\\\/avatar\\\/a49ef3186a692098ac3e8a1612261e3ad70cf9e44553dff2929e67939a0ecb9d?s=96&d=identicon&r=g\",\"url\":\"https:\\\/\\\/secure.gravatar.com\\\/avatar\\\/a49ef3186a692098ac3e8a1612261e3ad70cf9e44553dff2929e67939a0ecb9d?s=96&d=identicon&r=g\",\"contentUrl\":\"https:\\\/\\\/secure.gravatar.com\\\/avatar\\\/a49ef3186a692098ac3e8a1612261e3ad70cf9e44553dff2929e67939a0ecb9d?s=96&d=identicon&r=g\",\"caption\":\"Genof\u00f3ntes Urb\u00e1ez\"},\"logo\":{\"@id\":\"https:\\\/\\\/secure.gravatar.com\\\/avatar\\\/a49ef3186a692098ac3e8a1612261e3ad70cf9e44553dff2929e67939a0ecb9d?s=96&d=identicon&r=g\"},\"description\":\"Periodista \\\/ Locutor\",\"sameAs\":[\"https:\\\/\\\/www.facebook.com\\\/Genofnotes\",\"https:\\\/\\\/www.instagram.com\\\/genofnotes\\\/\"]}]}<\/script>\n<!-- \/ Yoast SEO plugin. -->","yoast_head_json":{"title":"PANAMA: Detienen peligroso pandillero dominicano en Guabal\u00e1 - Minuto Cero RD","robots":{"index":"index","follow":"follow","max-snippet":"max-snippet:-1","max-image-preview":"max-image-preview:large","max-video-preview":"max-video-preview:-1"},"canonical":"http:\/\/minutocerord.com\/?p=9208","og_locale":"es_ES","og_type":"article","og_title":"PANAMA: Detienen peligroso pandillero dominicano en Guabal\u00e1 - Minuto Cero RD","og_description":"PANAMA.-\u00a0Un dominicano de 53 a\u00f1os fue retenido por inspectores del Servicio Nacional de Migraci\u00f3n (SNM) asignados al Puesto de Control Integral de Guabal\u00e1, en la provincia de Chiriqu\u00ed. Al verificar el estatus del extranjero, se detect\u00f3 una irregularidad migratoria por evasi\u00f3n de puesto de control e impedimento. Tras la debida coordinaci\u00f3n con la oficina de [&hellip;]","og_url":"http:\/\/minutocerord.com\/?p=9208","og_site_name":"Minuto Cero RD","article_publisher":"https:\/\/www.facebook.com\/Genofnotes","article_author":"https:\/\/www.facebook.com\/Genofnotes","article_published_time":"2022-06-14T20:44:23+00:00","article_modified_time":"2022-06-14T20:44:25+00:00","og_image":[{"width":750,"height":443,"url":"https:\/\/i0.wp.com\/minutocerord.com\/wp-content\/uploads\/2022\/06\/571903_750x480_crop_62a7d20ab1dad.jpg?fit=750%2C443","type":"image\/jpeg"}],"author":"Genof\u00f3ntes Urb\u00e1ez","twitter_card":"summary_large_image","twitter_misc":{"Written by":"Genof\u00f3ntes Urb\u00e1ez","Est. reading time":"1 minuto"},"schema":{"@context":"https:\/\/schema.org","@graph":[{"@type":"Article","@id":"http:\/\/minutocerord.com\/?p=9208#article","isPartOf":{"@id":"http:\/\/minutocerord.com\/?p=9208"},"author":{"name":"Genof\u00f3ntes Urb\u00e1ez","@id":"https:\/\/minutocerord.com\/#\/schema\/person\/60b5372d60aaa0a5171fb6488be9aee6"},"headline":"PANAMA: Detienen peligroso pandillero dominicano en Guabal\u00e1","datePublished":"2022-06-14T20:44:23+00:00","dateModified":"2022-06-14T20:44:25+00:00","mainEntityOfPage":{"@id":"http:\/\/minutocerord.com\/?p=9208"},"wordCount":150,"commentCount":0,"publisher":{"@id":"https:\/\/minutocerord.com\/#\/schema\/person\/60b5372d60aaa0a5171fb6488be9aee6"},"image":{"@id":"http:\/\/minutocerord.com\/?p=9208#primaryimage"},"thumbnailUrl":"https:\/\/i0.wp.com\/minutocerord.com\/wp-content\/uploads\/2022\/06\/571903_750x480_crop_62a7d20ab1dad.jpg?fit=750%2C443&ssl=1","articleSection":["PANAMA"],"inLanguage":"es-DO","potentialAction":[{"@type":"CommentAction","name":"Comment","target":["http:\/\/minutocerord.com\/?p=9208#respond"]}]},{"@type":"WebPage","@id":"http:\/\/minutocerord.com\/?p=9208","url":"http:\/\/minutocerord.com\/?p=9208","name":"PANAMA: Detienen peligroso pandillero dominicano en Guabal\u00e1 - Minuto Cero RD","isPartOf":{"@id":"https:\/\/minutocerord.com\/#website"},"primaryImageOfPage":{"@id":"http:\/\/minutocerord.com\/?p=9208#primaryimage"},"image":{"@id":"http:\/\/minutocerord.com\/?p=9208#primaryimage"},"thumbnailUrl":"https:\/\/i0.wp.com\/minutocerord.com\/wp-content\/uploads\/2022\/06\/571903_750x480_crop_62a7d20ab1dad.jpg?fit=750%2C443&ssl=1","datePublished":"2022-06-14T20:44:23+00:00","dateModified":"2022-06-14T20:44:25+00:00","breadcrumb":{"@id":"http:\/\/minutocerord.com\/?p=9208#breadcrumb"},"inLanguage":"es-DO","potentialAction":[{"@type":"ReadAction","target":["http:\/\/minutocerord.com\/?p=9208"]}]},{"@type":"ImageObject","inLanguage":"es-DO","@id":"http:\/\/minutocerord.com\/?p=9208#primaryimage","url":"https:\/\/i0.wp.com\/minutocerord.com\/wp-content\/uploads\/2022\/06\/571903_750x480_crop_62a7d20ab1dad.jpg?fit=750%2C443&ssl=1","contentUrl":"https:\/\/i0.wp.com\/minutocerord.com\/wp-content\/uploads\/2022\/06\/571903_750x480_crop_62a7d20ab1dad.jpg?fit=750%2C443&ssl=1","width":750,"height":443},{"@type":"BreadcrumbList","@id":"http:\/\/minutocerord.com\/?p=9208#breadcrumb","itemListElement":[{"@type":"ListItem","position":1,"name":"Home","item":"https:\/\/minutocerord.com\/"},{"@type":"ListItem","position":2,"name":"PANAMA: Detienen peligroso pandillero dominicano en Guabal\u00e1"}]},{"@type":"WebSite","@id":"https:\/\/minutocerord.com\/#website","url":"https:\/\/minutocerord.com\/","name":"Minuto Cero RD","description":"Periodismo serio y veraz","publisher":{"@id":"https:\/\/minutocerord.com\/#\/schema\/person\/60b5372d60aaa0a5171fb6488be9aee6"},"potentialAction":[{"@type":"SearchAction","target":{"@type":"EntryPoint","urlTemplate":"https:\/\/minutocerord.com\/?s={search_term_string}"},"query-input":{"@type":"PropertyValueSpecification","valueRequired":true,"valueName":"search_term_string"}}],"inLanguage":"es-DO"},{"@type":["Person","Organization"],"@id":"https:\/\/minutocerord.com\/#\/schema\/person\/60b5372d60aaa0a5171fb6488be9aee6","name":"Genof\u00f3ntes Urb\u00e1ez","image":{"@type":"ImageObject","inLanguage":"es-DO","@id":"https:\/\/secure.gravatar.com\/avatar\/a49ef3186a692098ac3e8a1612261e3ad70cf9e44553dff2929e67939a0ecb9d?s=96&d=identicon&r=g","url":"https:\/\/secure.gravatar.com\/avatar\/a49ef3186a692098ac3e8a1612261e3ad70cf9e44553dff2929e67939a0ecb9d?s=96&d=identicon&r=g","contentUrl":"https:\/\/secure.gravatar.com\/avatar\/a49ef3186a692098ac3e8a1612261e3ad70cf9e44553dff2929e67939a0ecb9d?s=96&d=identicon&r=g","caption":"Genof\u00f3ntes Urb\u00e1ez"},"logo":{"@id":"https:\/\/secure.gravatar.com\/avatar\/a49ef3186a692098ac3e8a1612261e3ad70cf9e44553dff2929e67939a0ecb9d?s=96&d=identicon&r=g"},"description":"Periodista \/ Locutor","sameAs":["https:\/\/www.facebook.com\/Genofnotes","https:\/\/www.instagram.com\/genofnotes\/"]}]}},"jetpack_publicize_connections":[],"jetpack_featured_media_url":"https:\/\/i0.wp.com\/minutocerord.com\/wp-content\/uploads\/2022\/06\/571903_750x480_crop_62a7d20ab1dad.jpg?fit=750%2C443&ssl=1","jetpack-related-posts":[],"jetpack_sharing_enabled":true,"_links":{"self":[{"href":"https:\/\/minutocerord.com\/index.php?rest_route=\/wp\/v2\/posts\/9208","targetHints":{"allow":["GET"]}}],"collection":[{"href":"https:\/\/minutocerord.com\/index.php?rest_route=\/wp\/v2\/posts"}],"about":[{"href":"https:\/\/minutocerord.com\/index.php?rest_route=\/wp\/v2\/types\/post"}],"author":[{"embeddable":true,"href":"https:\/\/minutocerord.com\/index.php?rest_route=\/wp\/v2\/users\/1"}],"replies":[{"embeddable":true,"href":"https:\/\/minutocerord.com\/index.php?rest_route=%2Fwp%2Fv2%2Fcomments&post=9208"}],"version-history":[{"count":1,"href":"https:\/\/minutocerord.com\/index.php?rest_route=\/wp\/v2\/posts\/9208\/revisions"}],"predecessor-version":[{"id":9210,"href":"https:\/\/minutocerord.com\/index.php?rest_route=\/wp\/v2\/posts\/9208\/revisions\/9210"}],"wp:featuredmedia":[{"embeddable":true,"href":"https:\/\/minutocerord.com\/index.php?rest_route=\/wp\/v2\/media\/9209"}],"wp:attachment":[{"href":"https:\/\/minutocerord.com\/index.php?rest_route=%2Fwp%2Fv2%2Fmedia&parent=9208"}],"wp:term":[{"taxonomy":"category","embeddable":true,"href":"https:\/\/minutocerord.com\/index.php?rest_route=%2Fwp%2Fv2%2Fcategories&post=9208"},{"taxonomy":"post_tag","embeddable":true,"href":"https:\/\/minutocerord.com\/index.php?rest_route=%2Fwp%2Fv2%2Ftags&post=9208"}],"curies":[{"name":"wp","href":"https:\/\/api.w.org\/{rel}","templated":true}]}}