{"id":931,"date":"2020-11-25T00:36:35","date_gmt":"2020-11-25T04:36:35","guid":{"rendered":"https:\/\/minutocerord.com\/?p=931"},"modified":"2020-11-25T00:36:39","modified_gmt":"2020-11-25T04:36:39","slug":"dejan-sin-efecto-supuesto-embargo-a-hermano-de-exprimera-dama-montilla","status":"publish","type":"post","link":"https:\/\/minutocerord.com\/?p=931","title":{"rendered":"Dejan sin efecto supuesto embargo a hermano de exprimera dama Montilla"},"content":{"rendered":"\n<p>SANTO DOMINGO.- Abogados, acompa\u00f1ados de supuestos representantes de la fuerza p\u00fablica, se presentaron la tarde de este martes a un apartamento de esta capital donde reside Alexander Montilla Sierra, un hermano de la exprimera dama, C\u00e1ndida Montilla de Medina, con el prop\u00f3sito de realizar un embargo.<\/p>\n\n\n\n<p>Pero tras la llegada de un abogado habr\u00edan llegado a un acuerdo con quienes pretend\u00edan realizar la acci\u00f3n.<\/p>\n\n\n\n<p>El lugar estuvo lleno de polic\u00edas, hab\u00eda una gr\u00faa para llevarse alg\u00fan veh\u00edculo, un cami\u00f3n cerrado para entrar los objetos y muchos civiles de los que, usualmente, se usan en los embargos.<\/p>\n\n\n\n<p>El apartamento est\u00e1 ubicado en la calle 9 esquina San Juan Bautista de la Salle, en la urbanizaci\u00f3n Renacimiento, a una esquina del Ministerio de las Fuerzas Armadas.&nbsp; Forma parte del edificio Terrazas del Mirador II.<\/p>\n\n\n\n<p>Aunque originalmente se inform\u00f3 que se trataba de una acci\u00f3n de la Procuradur\u00eda Especializada de Persecuci\u00f3n Administrativa (PEPCA), el representante legal del propietario del inmueble, Daniel Izquierdo, aclar\u00f3 que se trat\u00f3 de un &nbsp;\u00abembargo irregular\u00bb que no tiene nada que ver con este \u00faltimo organismo.<\/p>\n\n\n\n<p>\u00abEntendemos que el nombre de la se\u00f1ora C\u00e1ndida Montilla de Medina, no debe ser mencionado, pues no ha realizado ning\u00fan tipo de negocios con el supuesto acreedor que intent\u00f3 de manera irregular realizar un embargo a la residencia de su hermano\u00bb, acot\u00f3.<\/p>\n","protected":false},"excerpt":{"rendered":"<p>SANTO DOMINGO.- Abogados, acompa\u00f1ados de supuestos representantes de la fuerza p\u00fablica, se presentaron la tarde de este martes a un apartamento de esta capital donde reside Alexander Montilla Sierra, un hermano de la exprimera dama, C\u00e1ndida Montilla de Medina, con el prop\u00f3sito de realizar un embargo. Pero tras la llegada de un abogado habr\u00edan llegado [&hellip;]<\/p>\n","protected":false},"author":1,"featured_media":932,"comment_status":"open","ping_status":"open","sticky":false,"template":"","format":"standard","meta":{"nf_dc_page":"","jetpack_post_was_ever_published":false,"_jetpack_newsletter_access":"","_jetpack_dont_email_post_to_subs":false,"_jetpack_newsletter_tier_id":0,"_jetpack_memberships_contains_paywalled_content":false,"_jetpack_memberships_contains_paid_content":false,"footnotes":"","jetpack_publicize_message":"","jetpack_publicize_feature_enabled":true,"jetpack_social_post_already_shared":false,"jetpack_social_options":{"image_generator_settings":{"template":"highway","default_image_id":0,"font":"","enabled":false},"version":2}},"categories":[93],"tags":[],"class_list":["post-931","post","type-post","status-publish","format-standard","has-post-thumbnail","hentry","category-justicia"],"yoast_head":"<!-- This site is optimized with the Yoast SEO plugin v27.5 - https:\/\/yoast.com\/product\/yoast-seo-wordpress\/ -->\n<title>Dejan sin efecto supuesto embargo a hermano de exprimera dama Montilla - Minuto Cero RD<\/title>\n<meta name=\"robots\" content=\"index, follow, max-snippet:-1, max-image-preview:large, max-video-preview:-1\" \/>\n<link rel=\"canonical\" href=\"http:\/\/minutocerord.com\/?p=931\" \/>\n<meta property=\"og:locale\" content=\"es_ES\" \/>\n<meta property=\"og:type\" content=\"article\" \/>\n<meta property=\"og:title\" content=\"Dejan sin efecto supuesto embargo a hermano de exprimera dama Montilla - Minuto Cero RD\" \/>\n<meta property=\"og:description\" content=\"SANTO DOMINGO.- Abogados, acompa\u00f1ados de supuestos representantes de la fuerza p\u00fablica, se presentaron la tarde de este martes a un apartamento de esta capital donde reside Alexander Montilla Sierra, un hermano de la exprimera dama, C\u00e1ndida Montilla de Medina, con el prop\u00f3sito de realizar un embargo. Pero tras la llegada de un abogado habr\u00edan llegado [&hellip;]\" \/>\n<meta property=\"og:url\" content=\"http:\/\/minutocerord.com\/?p=931\" \/>\n<meta property=\"og:site_name\" content=\"Minuto Cero RD\" \/>\n<meta property=\"article:publisher\" content=\"https:\/\/www.facebook.com\/Genofnotes\" \/>\n<meta property=\"article:author\" content=\"https:\/\/www.facebook.com\/Genofnotes\" \/>\n<meta property=\"article:published_time\" content=\"2020-11-25T04:36:35+00:00\" \/>\n<meta property=\"article:modified_time\" content=\"2020-11-25T04:36:39+00:00\" \/>\n<meta property=\"og:image\" content=\"https:\/\/i0.wp.com\/minutocerord.com\/wp-content\/uploads\/2020\/11\/Representantes-del-Ministerio-Publico-intentando-entrar-al-apartamento-que-supuestamente-pertenece-a-un-hermano-de-la-exprimera-dama..jpg?fit=532%2C395\" \/>\n\t<meta property=\"og:image:width\" content=\"532\" \/>\n\t<meta property=\"og:image:height\" content=\"395\" \/>\n\t<meta property=\"og:image:type\" content=\"image\/jpeg\" \/>\n<meta name=\"author\" content=\"Genof\u00f3ntes Urb\u00e1ez\" \/>\n<meta name=\"twitter:card\" content=\"summary_large_image\" \/>\n<meta name=\"twitter:label1\" content=\"Written by\" \/>\n\t<meta name=\"twitter:data1\" content=\"Genof\u00f3ntes Urb\u00e1ez\" \/>\n\t<meta name=\"twitter:label2\" content=\"Est. reading time\" \/>\n\t<meta name=\"twitter:data2\" content=\"1 minuto\" \/>\n<script type=\"application\/ld+json\" class=\"yoast-schema-graph\">{\"@context\":\"https:\\\/\\\/schema.org\",\"@graph\":[{\"@type\":\"Article\",\"@id\":\"http:\\\/\\\/minutocerord.com\\\/?p=931#article\",\"isPartOf\":{\"@id\":\"http:\\\/\\\/minutocerord.com\\\/?p=931\"},\"author\":{\"name\":\"Genof\u00f3ntes Urb\u00e1ez\",\"@id\":\"https:\\\/\\\/minutocerord.com\\\/#\\\/schema\\\/person\\\/60b5372d60aaa0a5171fb6488be9aee6\"},\"headline\":\"Dejan sin efecto supuesto embargo a hermano de exprimera dama Montilla\",\"datePublished\":\"2020-11-25T04:36:35+00:00\",\"dateModified\":\"2020-11-25T04:36:39+00:00\",\"mainEntityOfPage\":{\"@id\":\"http:\\\/\\\/minutocerord.com\\\/?p=931\"},\"wordCount\":252,\"commentCount\":0,\"publisher\":{\"@id\":\"https:\\\/\\\/minutocerord.com\\\/#\\\/schema\\\/person\\\/60b5372d60aaa0a5171fb6488be9aee6\"},\"image\":{\"@id\":\"http:\\\/\\\/minutocerord.com\\\/?p=931#primaryimage\"},\"thumbnailUrl\":\"https:\\\/\\\/i0.wp.com\\\/minutocerord.com\\\/wp-content\\\/uploads\\\/2020\\\/11\\\/Representantes-del-Ministerio-Publico-intentando-entrar-al-apartamento-que-supuestamente-pertenece-a-un-hermano-de-la-exprimera-dama..jpg?fit=532%2C395&ssl=1\",\"articleSection\":[\"Justicia\"],\"inLanguage\":\"es-DO\",\"potentialAction\":[{\"@type\":\"CommentAction\",\"name\":\"Comment\",\"target\":[\"http:\\\/\\\/minutocerord.com\\\/?p=931#respond\"]}]},{\"@type\":\"WebPage\",\"@id\":\"http:\\\/\\\/minutocerord.com\\\/?p=931\",\"url\":\"http:\\\/\\\/minutocerord.com\\\/?p=931\",\"name\":\"Dejan sin efecto supuesto embargo a hermano de exprimera dama Montilla - Minuto Cero RD\",\"isPartOf\":{\"@id\":\"https:\\\/\\\/minutocerord.com\\\/#website\"},\"primaryImageOfPage\":{\"@id\":\"http:\\\/\\\/minutocerord.com\\\/?p=931#primaryimage\"},\"image\":{\"@id\":\"http:\\\/\\\/minutocerord.com\\\/?p=931#primaryimage\"},\"thumbnailUrl\":\"https:\\\/\\\/i0.wp.com\\\/minutocerord.com\\\/wp-content\\\/uploads\\\/2020\\\/11\\\/Representantes-del-Ministerio-Publico-intentando-entrar-al-apartamento-que-supuestamente-pertenece-a-un-hermano-de-la-exprimera-dama..jpg?fit=532%2C395&ssl=1\",\"datePublished\":\"2020-11-25T04:36:35+00:00\",\"dateModified\":\"2020-11-25T04:36:39+00:00\",\"breadcrumb\":{\"@id\":\"http:\\\/\\\/minutocerord.com\\\/?p=931#breadcrumb\"},\"inLanguage\":\"es-DO\",\"potentialAction\":[{\"@type\":\"ReadAction\",\"target\":[\"http:\\\/\\\/minutocerord.com\\\/?p=931\"]}]},{\"@type\":\"ImageObject\",\"inLanguage\":\"es-DO\",\"@id\":\"http:\\\/\\\/minutocerord.com\\\/?p=931#primaryimage\",\"url\":\"https:\\\/\\\/i0.wp.com\\\/minutocerord.com\\\/wp-content\\\/uploads\\\/2020\\\/11\\\/Representantes-del-Ministerio-Publico-intentando-entrar-al-apartamento-que-supuestamente-pertenece-a-un-hermano-de-la-exprimera-dama..jpg?fit=532%2C395&ssl=1\",\"contentUrl\":\"https:\\\/\\\/i0.wp.com\\\/minutocerord.com\\\/wp-content\\\/uploads\\\/2020\\\/11\\\/Representantes-del-Ministerio-Publico-intentando-entrar-al-apartamento-que-supuestamente-pertenece-a-un-hermano-de-la-exprimera-dama..jpg?fit=532%2C395&ssl=1\",\"width\":532,\"height\":395},{\"@type\":\"BreadcrumbList\",\"@id\":\"http:\\\/\\\/minutocerord.com\\\/?p=931#breadcrumb\",\"itemListElement\":[{\"@type\":\"ListItem\",\"position\":1,\"name\":\"Home\",\"item\":\"https:\\\/\\\/minutocerord.com\\\/\"},{\"@type\":\"ListItem\",\"position\":2,\"name\":\"Dejan sin efecto supuesto embargo a hermano de exprimera dama Montilla\"}]},{\"@type\":\"WebSite\",\"@id\":\"https:\\\/\\\/minutocerord.com\\\/#website\",\"url\":\"https:\\\/\\\/minutocerord.com\\\/\",\"name\":\"Minuto Cero RD\",\"description\":\"Periodismo serio y veraz\",\"publisher\":{\"@id\":\"https:\\\/\\\/minutocerord.com\\\/#\\\/schema\\\/person\\\/60b5372d60aaa0a5171fb6488be9aee6\"},\"potentialAction\":[{\"@type\":\"SearchAction\",\"target\":{\"@type\":\"EntryPoint\",\"urlTemplate\":\"https:\\\/\\\/minutocerord.com\\\/?s={search_term_string}\"},\"query-input\":{\"@type\":\"PropertyValueSpecification\",\"valueRequired\":true,\"valueName\":\"search_term_string\"}}],\"inLanguage\":\"es-DO\"},{\"@type\":[\"Person\",\"Organization\"],\"@id\":\"https:\\\/\\\/minutocerord.com\\\/#\\\/schema\\\/person\\\/60b5372d60aaa0a5171fb6488be9aee6\",\"name\":\"Genof\u00f3ntes Urb\u00e1ez\",\"image\":{\"@type\":\"ImageObject\",\"inLanguage\":\"es-DO\",\"@id\":\"https:\\\/\\\/secure.gravatar.com\\\/avatar\\\/a49ef3186a692098ac3e8a1612261e3ad70cf9e44553dff2929e67939a0ecb9d?s=96&d=identicon&r=g\",\"url\":\"https:\\\/\\\/secure.gravatar.com\\\/avatar\\\/a49ef3186a692098ac3e8a1612261e3ad70cf9e44553dff2929e67939a0ecb9d?s=96&d=identicon&r=g\",\"contentUrl\":\"https:\\\/\\\/secure.gravatar.com\\\/avatar\\\/a49ef3186a692098ac3e8a1612261e3ad70cf9e44553dff2929e67939a0ecb9d?s=96&d=identicon&r=g\",\"caption\":\"Genof\u00f3ntes Urb\u00e1ez\"},\"logo\":{\"@id\":\"https:\\\/\\\/secure.gravatar.com\\\/avatar\\\/a49ef3186a692098ac3e8a1612261e3ad70cf9e44553dff2929e67939a0ecb9d?s=96&d=identicon&r=g\"},\"description\":\"Periodista \\\/ Locutor\",\"sameAs\":[\"https:\\\/\\\/www.facebook.com\\\/Genofnotes\",\"https:\\\/\\\/www.instagram.com\\\/genofnotes\\\/\"]}]}<\/script>\n<!-- \/ Yoast SEO plugin. -->","yoast_head_json":{"title":"Dejan sin efecto supuesto embargo a hermano de exprimera dama Montilla - Minuto Cero RD","robots":{"index":"index","follow":"follow","max-snippet":"max-snippet:-1","max-image-preview":"max-image-preview:large","max-video-preview":"max-video-preview:-1"},"canonical":"http:\/\/minutocerord.com\/?p=931","og_locale":"es_ES","og_type":"article","og_title":"Dejan sin efecto supuesto embargo a hermano de exprimera dama Montilla - Minuto Cero RD","og_description":"SANTO DOMINGO.- Abogados, acompa\u00f1ados de supuestos representantes de la fuerza p\u00fablica, se presentaron la tarde de este martes a un apartamento de esta capital donde reside Alexander Montilla Sierra, un hermano de la exprimera dama, C\u00e1ndida Montilla de Medina, con el prop\u00f3sito de realizar un embargo. Pero tras la llegada de un abogado habr\u00edan llegado [&hellip;]","og_url":"http:\/\/minutocerord.com\/?p=931","og_site_name":"Minuto Cero RD","article_publisher":"https:\/\/www.facebook.com\/Genofnotes","article_author":"https:\/\/www.facebook.com\/Genofnotes","article_published_time":"2020-11-25T04:36:35+00:00","article_modified_time":"2020-11-25T04:36:39+00:00","og_image":[{"width":532,"height":395,"url":"https:\/\/i0.wp.com\/minutocerord.com\/wp-content\/uploads\/2020\/11\/Representantes-del-Ministerio-Publico-intentando-entrar-al-apartamento-que-supuestamente-pertenece-a-un-hermano-de-la-exprimera-dama..jpg?fit=532%2C395","type":"image\/jpeg"}],"author":"Genof\u00f3ntes Urb\u00e1ez","twitter_card":"summary_large_image","twitter_misc":{"Written by":"Genof\u00f3ntes Urb\u00e1ez","Est. reading time":"1 minuto"},"schema":{"@context":"https:\/\/schema.org","@graph":[{"@type":"Article","@id":"http:\/\/minutocerord.com\/?p=931#article","isPartOf":{"@id":"http:\/\/minutocerord.com\/?p=931"},"author":{"name":"Genof\u00f3ntes Urb\u00e1ez","@id":"https:\/\/minutocerord.com\/#\/schema\/person\/60b5372d60aaa0a5171fb6488be9aee6"},"headline":"Dejan sin efecto supuesto embargo a hermano de exprimera dama Montilla","datePublished":"2020-11-25T04:36:35+00:00","dateModified":"2020-11-25T04:36:39+00:00","mainEntityOfPage":{"@id":"http:\/\/minutocerord.com\/?p=931"},"wordCount":252,"commentCount":0,"publisher":{"@id":"https:\/\/minutocerord.com\/#\/schema\/person\/60b5372d60aaa0a5171fb6488be9aee6"},"image":{"@id":"http:\/\/minutocerord.com\/?p=931#primaryimage"},"thumbnailUrl":"https:\/\/i0.wp.com\/minutocerord.com\/wp-content\/uploads\/2020\/11\/Representantes-del-Ministerio-Publico-intentando-entrar-al-apartamento-que-supuestamente-pertenece-a-un-hermano-de-la-exprimera-dama..jpg?fit=532%2C395&ssl=1","articleSection":["Justicia"],"inLanguage":"es-DO","potentialAction":[{"@type":"CommentAction","name":"Comment","target":["http:\/\/minutocerord.com\/?p=931#respond"]}]},{"@type":"WebPage","@id":"http:\/\/minutocerord.com\/?p=931","url":"http:\/\/minutocerord.com\/?p=931","name":"Dejan sin efecto supuesto embargo a hermano de exprimera dama Montilla - Minuto Cero RD","isPartOf":{"@id":"https:\/\/minutocerord.com\/#website"},"primaryImageOfPage":{"@id":"http:\/\/minutocerord.com\/?p=931#primaryimage"},"image":{"@id":"http:\/\/minutocerord.com\/?p=931#primaryimage"},"thumbnailUrl":"https:\/\/i0.wp.com\/minutocerord.com\/wp-content\/uploads\/2020\/11\/Representantes-del-Ministerio-Publico-intentando-entrar-al-apartamento-que-supuestamente-pertenece-a-un-hermano-de-la-exprimera-dama..jpg?fit=532%2C395&ssl=1","datePublished":"2020-11-25T04:36:35+00:00","dateModified":"2020-11-25T04:36:39+00:00","breadcrumb":{"@id":"http:\/\/minutocerord.com\/?p=931#breadcrumb"},"inLanguage":"es-DO","potentialAction":[{"@type":"ReadAction","target":["http:\/\/minutocerord.com\/?p=931"]}]},{"@type":"ImageObject","inLanguage":"es-DO","@id":"http:\/\/minutocerord.com\/?p=931#primaryimage","url":"https:\/\/i0.wp.com\/minutocerord.com\/wp-content\/uploads\/2020\/11\/Representantes-del-Ministerio-Publico-intentando-entrar-al-apartamento-que-supuestamente-pertenece-a-un-hermano-de-la-exprimera-dama..jpg?fit=532%2C395&ssl=1","contentUrl":"https:\/\/i0.wp.com\/minutocerord.com\/wp-content\/uploads\/2020\/11\/Representantes-del-Ministerio-Publico-intentando-entrar-al-apartamento-que-supuestamente-pertenece-a-un-hermano-de-la-exprimera-dama..jpg?fit=532%2C395&ssl=1","width":532,"height":395},{"@type":"BreadcrumbList","@id":"http:\/\/minutocerord.com\/?p=931#breadcrumb","itemListElement":[{"@type":"ListItem","position":1,"name":"Home","item":"https:\/\/minutocerord.com\/"},{"@type":"ListItem","position":2,"name":"Dejan sin efecto supuesto embargo a hermano de exprimera dama Montilla"}]},{"@type":"WebSite","@id":"https:\/\/minutocerord.com\/#website","url":"https:\/\/minutocerord.com\/","name":"Minuto Cero RD","description":"Periodismo serio y veraz","publisher":{"@id":"https:\/\/minutocerord.com\/#\/schema\/person\/60b5372d60aaa0a5171fb6488be9aee6"},"potentialAction":[{"@type":"SearchAction","target":{"@type":"EntryPoint","urlTemplate":"https:\/\/minutocerord.com\/?s={search_term_string}"},"query-input":{"@type":"PropertyValueSpecification","valueRequired":true,"valueName":"search_term_string"}}],"inLanguage":"es-DO"},{"@type":["Person","Organization"],"@id":"https:\/\/minutocerord.com\/#\/schema\/person\/60b5372d60aaa0a5171fb6488be9aee6","name":"Genof\u00f3ntes Urb\u00e1ez","image":{"@type":"ImageObject","inLanguage":"es-DO","@id":"https:\/\/secure.gravatar.com\/avatar\/a49ef3186a692098ac3e8a1612261e3ad70cf9e44553dff2929e67939a0ecb9d?s=96&d=identicon&r=g","url":"https:\/\/secure.gravatar.com\/avatar\/a49ef3186a692098ac3e8a1612261e3ad70cf9e44553dff2929e67939a0ecb9d?s=96&d=identicon&r=g","contentUrl":"https:\/\/secure.gravatar.com\/avatar\/a49ef3186a692098ac3e8a1612261e3ad70cf9e44553dff2929e67939a0ecb9d?s=96&d=identicon&r=g","caption":"Genof\u00f3ntes Urb\u00e1ez"},"logo":{"@id":"https:\/\/secure.gravatar.com\/avatar\/a49ef3186a692098ac3e8a1612261e3ad70cf9e44553dff2929e67939a0ecb9d?s=96&d=identicon&r=g"},"description":"Periodista \/ Locutor","sameAs":["https:\/\/www.facebook.com\/Genofnotes","https:\/\/www.instagram.com\/genofnotes\/"]}]}},"jetpack_publicize_connections":[],"jetpack_featured_media_url":"https:\/\/i0.wp.com\/minutocerord.com\/wp-content\/uploads\/2020\/11\/Representantes-del-Ministerio-Publico-intentando-entrar-al-apartamento-que-supuestamente-pertenece-a-un-hermano-de-la-exprimera-dama..jpg?fit=532%2C395&ssl=1","jetpack-related-posts":[],"jetpack_sharing_enabled":true,"_links":{"self":[{"href":"https:\/\/minutocerord.com\/index.php?rest_route=\/wp\/v2\/posts\/931","targetHints":{"allow":["GET"]}}],"collection":[{"href":"https:\/\/minutocerord.com\/index.php?rest_route=\/wp\/v2\/posts"}],"about":[{"href":"https:\/\/minutocerord.com\/index.php?rest_route=\/wp\/v2\/types\/post"}],"author":[{"embeddable":true,"href":"https:\/\/minutocerord.com\/index.php?rest_route=\/wp\/v2\/users\/1"}],"replies":[{"embeddable":true,"href":"https:\/\/minutocerord.com\/index.php?rest_route=%2Fwp%2Fv2%2Fcomments&post=931"}],"version-history":[{"count":1,"href":"https:\/\/minutocerord.com\/index.php?rest_route=\/wp\/v2\/posts\/931\/revisions"}],"predecessor-version":[{"id":933,"href":"https:\/\/minutocerord.com\/index.php?rest_route=\/wp\/v2\/posts\/931\/revisions\/933"}],"wp:featuredmedia":[{"embeddable":true,"href":"https:\/\/minutocerord.com\/index.php?rest_route=\/wp\/v2\/media\/932"}],"wp:attachment":[{"href":"https:\/\/minutocerord.com\/index.php?rest_route=%2Fwp%2Fv2%2Fmedia&parent=931"}],"wp:term":[{"taxonomy":"category","embeddable":true,"href":"https:\/\/minutocerord.com\/index.php?rest_route=%2Fwp%2Fv2%2Fcategories&post=931"},{"taxonomy":"post_tag","embeddable":true,"href":"https:\/\/minutocerord.com\/index.php?rest_route=%2Fwp%2Fv2%2Ftags&post=931"}],"curies":[{"name":"wp","href":"https:\/\/api.w.org\/{rel}","templated":true}]}}