{"id":941,"date":"2020-11-25T19:31:53","date_gmt":"2020-11-25T23:31:53","guid":{"rendered":"https:\/\/minutocerord.com\/?p=941"},"modified":"2020-11-25T19:31:58","modified_gmt":"2020-11-25T23:31:58","slug":"cada-25-de-noviembre-se-conmemora-el-asesinato-de-las-hermanas-mirabal","status":"publish","type":"post","link":"https:\/\/minutocerord.com\/?p=941","title":{"rendered":"Cada 25 de noviembre, se conmemora el asesinato de las hermanas Mirabal"},"content":{"rendered":"\n<p>Esta conmemoraci\u00f3n basa su origen en el d\u00eda que asesinaron a las tres hermanas, Patria, Mar\u00eda Teresa y Minerva Mirabal por \u00f3rdenes de Rafael Le\u00f3nidas Trujillo Molina.<\/p>\n\n\n\n<p>La convocatoria fue iniciada por el movimiento feminista latinoamericano en 1981 en conmemoraci\u00f3n a la fecha en la que fueron asesinadas las hermanas Mirabal en Rep\u00fablica Dominicana.<\/p>\n\n\n\n<p>En 1999 la jornada de reivindicaci\u00f3n fue asumida por la Asamblea General de las Naciones Unidas en su resoluci\u00f3n 54\/134 el 17 de diciembre de 1999 invitando a gobiernos, organizaciones internacionales y organizaciones no gubernamentales a convocar actividades dirigidas a sensibilizar a la opini\u00f3n p\u00fablica sobre el problema de la violencia contra la mujer.<\/p>\n\n\n\n<p>La orden de matar a las hermanas Mirabal fue dada expresamente por Trujillo desde el 4 de noviembre, pero no fue sino el 25 cuando se dieron las condiciones para su ejecuci\u00f3n.<\/p>\n\n\n\n<p>Adem\u00e1s de las razones pol\u00edticas, Trujillo sent\u00eda un odio visceral hacia las hermanas, especialmente contra Minerva por el desplante que esta le hizo once a\u00f1os atr\u00e1s en una fiesta que se celebraba en San Crist\u00f3bal y a la cual fueron invitadas las j\u00f3venes junto a sus padres.<\/p>\n\n\n\n<p>Ese 25 de noviembre, poco despu\u00e9s de las cuatro de la tarde, las Mirabal y Rufino de la Cruz regresaban de Puerto Plata de ver a sus esposo en la c\u00e1rcel San Felipe de Puerto Plata.<\/p>\n\n\n\n<p>Patria logr\u00f3 salir huyendo en direcci\u00f3n a un cami\u00f3n del Seguro Social que ven\u00eda por all\u00ed, pero fue alcanzada y arrastrada por los cabellos e introducida al carro junto a sus hermanas, pero antes alcanz\u00f3 a gritarles a los del cami\u00f3n: \u201cD\u00edganle a la familia Mirabal, de Salcedo, que los cali\u00e9s van a matarnos\u201d.<\/p>\n\n\n\n<p>Mar\u00eda Teresa, Minerva y Patria Mirabal<\/p>\n\n\n\n<p>Cuenta Fafa Taveras que el carro march\u00f3 con las tres hermanas adentro y Rufino fue mantenido en el jeep acompa\u00f1ado de dos calieses.<\/p>\n\n\n\n<p>Y explica que antes de llegar a la Cumbre de Puerto Plata se desviaron hacia la derecha, por un camino sin pavimento, entre un ca\u00f1averal, y se detuvieron a m\u00e1s de cien metros de la carretera.<\/p>\n\n\n\n<p>Un grupo de esbirros encabezados por el teniente Alicinio Pe\u00f1a Rivera tuvo a su cargo la ejecuci\u00f3n de las Mirabal, quienes fueron asesinadas a palos y pu\u00f1aladas. Antes, los calieses hab\u00edan ahorcado a Rufino de la Cruz.<\/p>\n\n\n\n<p>Posteriormente, introdujeron los cuatro cuerpos en los veh\u00edculos y se marcharon hasta el lugar donde lanzar\u00edan el jeep con ellos dentro. Se detuvieron un momento al ver que una de las v\u00edctimas estaba viva y se quejaba. Era Minerva, la remataron.<\/p>\n\n\n\n<p>Con los cuatro cuerpos dentro, los asesinos lanzaron el jeep hacia un precipicio. Al d\u00eda siguiente un diario titul\u00f3: \u201cTres mujeres y un chofer perecen en vuelco\u201d. Muy pocos creyeron esa informaci\u00f3n. La noticia del m\u00faltiple asesinato corri\u00f3 como p\u00f3lvora, provocando la indignaci\u00f3n amplios sectores de la sociedad dominicana.<\/p>\n\n\n\n<p>Luego de asesinar a las hermanas Mirabal, Trujillo orden\u00f3 la confiscaci\u00f3n de todos sus bienes y los de sus esposos.<\/p>\n\n\n\n<p>La sangrienta mano de hierro del tirano silenci\u00f3 a las tres mariposas, pero ser\u00eda uno de sus \u00faltimos cr\u00edmenes.<\/p>\n\n\n\n<p>El 30 de mayo del a\u00f1o siguiente caer\u00eda abatido cuando se dirig\u00eda hacia su natal San Crist\u00f3bal. Muri\u00f3 como vivi\u00f3: a sangre y fuego.<\/p>\n","protected":false},"excerpt":{"rendered":"<p>Esta conmemoraci\u00f3n basa su origen en el d\u00eda que asesinaron a las tres hermanas, Patria, Mar\u00eda Teresa y Minerva Mirabal por \u00f3rdenes de Rafael Le\u00f3nidas Trujillo Molina. La convocatoria fue iniciada por el movimiento feminista latinoamericano en 1981 en conmemoraci\u00f3n a la fecha en la que fueron asesinadas las hermanas Mirabal en Rep\u00fablica Dominicana. En [&hellip;]<\/p>\n","protected":false},"author":1,"featured_media":942,"comment_status":"open","ping_status":"open","sticky":false,"template":"","format":"standard","meta":{"nf_dc_page":"","jetpack_post_was_ever_published":false,"_jetpack_newsletter_access":"","_jetpack_dont_email_post_to_subs":false,"_jetpack_newsletter_tier_id":0,"_jetpack_memberships_contains_paywalled_content":false,"_jetpack_memberships_contains_paid_content":false,"footnotes":"","jetpack_publicize_message":"","jetpack_publicize_feature_enabled":true,"jetpack_social_post_already_shared":false,"jetpack_social_options":{"image_generator_settings":{"template":"highway","default_image_id":0,"font":"","enabled":false},"version":2}},"categories":[65],"tags":[],"class_list":["post-941","post","type-post","status-publish","format-standard","has-post-thumbnail","hentry","category-nacionales"],"yoast_head":"<!-- This site is optimized with the Yoast SEO plugin v27.5 - https:\/\/yoast.com\/product\/yoast-seo-wordpress\/ -->\n<title>Cada 25 de noviembre, se conmemora el asesinato de las hermanas Mirabal - Minuto Cero RD<\/title>\n<meta name=\"robots\" content=\"index, follow, max-snippet:-1, max-image-preview:large, max-video-preview:-1\" \/>\n<link rel=\"canonical\" href=\"http:\/\/minutocerord.com\/?p=941\" \/>\n<meta property=\"og:locale\" content=\"es_ES\" \/>\n<meta property=\"og:type\" content=\"article\" \/>\n<meta property=\"og:title\" content=\"Cada 25 de noviembre, se conmemora el asesinato de las hermanas Mirabal - Minuto Cero RD\" \/>\n<meta property=\"og:description\" content=\"Esta conmemoraci\u00f3n basa su origen en el d\u00eda que asesinaron a las tres hermanas, Patria, Mar\u00eda Teresa y Minerva Mirabal por \u00f3rdenes de Rafael Le\u00f3nidas Trujillo Molina. La convocatoria fue iniciada por el movimiento feminista latinoamericano en 1981 en conmemoraci\u00f3n a la fecha en la que fueron asesinadas las hermanas Mirabal en Rep\u00fablica Dominicana. En [&hellip;]\" \/>\n<meta property=\"og:url\" content=\"http:\/\/minutocerord.com\/?p=941\" \/>\n<meta property=\"og:site_name\" content=\"Minuto Cero RD\" \/>\n<meta property=\"article:publisher\" content=\"https:\/\/www.facebook.com\/Genofnotes\" \/>\n<meta property=\"article:author\" content=\"https:\/\/www.facebook.com\/Genofnotes\" \/>\n<meta property=\"article:published_time\" content=\"2020-11-25T23:31:53+00:00\" \/>\n<meta property=\"article:modified_time\" content=\"2020-11-25T23:31:58+00:00\" \/>\n<meta property=\"og:image\" content=\"https:\/\/i0.wp.com\/minutocerord.com\/wp-content\/uploads\/2020\/11\/Screen-Shot-2018-11-25-at-10.28.15-AM.png?fit=1470%2C744\" \/>\n\t<meta property=\"og:image:width\" content=\"1470\" \/>\n\t<meta property=\"og:image:height\" content=\"744\" \/>\n\t<meta property=\"og:image:type\" content=\"image\/png\" \/>\n<meta name=\"author\" content=\"Genof\u00f3ntes Urb\u00e1ez\" \/>\n<meta name=\"twitter:card\" content=\"summary_large_image\" \/>\n<meta name=\"twitter:label1\" content=\"Written by\" \/>\n\t<meta name=\"twitter:data1\" content=\"Genof\u00f3ntes Urb\u00e1ez\" \/>\n\t<meta name=\"twitter:label2\" content=\"Est. reading time\" \/>\n\t<meta name=\"twitter:data2\" content=\"3 minutos\" \/>\n<script type=\"application\/ld+json\" class=\"yoast-schema-graph\">{\"@context\":\"https:\\\/\\\/schema.org\",\"@graph\":[{\"@type\":\"Article\",\"@id\":\"http:\\\/\\\/minutocerord.com\\\/?p=941#article\",\"isPartOf\":{\"@id\":\"http:\\\/\\\/minutocerord.com\\\/?p=941\"},\"author\":{\"name\":\"Genof\u00f3ntes Urb\u00e1ez\",\"@id\":\"https:\\\/\\\/minutocerord.com\\\/#\\\/schema\\\/person\\\/60b5372d60aaa0a5171fb6488be9aee6\"},\"headline\":\"Cada 25 de noviembre, se conmemora el asesinato de las hermanas Mirabal\",\"datePublished\":\"2020-11-25T23:31:53+00:00\",\"dateModified\":\"2020-11-25T23:31:58+00:00\",\"mainEntityOfPage\":{\"@id\":\"http:\\\/\\\/minutocerord.com\\\/?p=941\"},\"wordCount\":583,\"commentCount\":0,\"publisher\":{\"@id\":\"https:\\\/\\\/minutocerord.com\\\/#\\\/schema\\\/person\\\/60b5372d60aaa0a5171fb6488be9aee6\"},\"image\":{\"@id\":\"http:\\\/\\\/minutocerord.com\\\/?p=941#primaryimage\"},\"thumbnailUrl\":\"https:\\\/\\\/i0.wp.com\\\/minutocerord.com\\\/wp-content\\\/uploads\\\/2020\\\/11\\\/Screen-Shot-2018-11-25-at-10.28.15-AM.png?fit=1470%2C744&ssl=1\",\"articleSection\":[\"Nacionales\"],\"inLanguage\":\"es-DO\",\"potentialAction\":[{\"@type\":\"CommentAction\",\"name\":\"Comment\",\"target\":[\"http:\\\/\\\/minutocerord.com\\\/?p=941#respond\"]}]},{\"@type\":\"WebPage\",\"@id\":\"http:\\\/\\\/minutocerord.com\\\/?p=941\",\"url\":\"http:\\\/\\\/minutocerord.com\\\/?p=941\",\"name\":\"Cada 25 de noviembre, se conmemora el asesinato de las hermanas Mirabal - Minuto Cero RD\",\"isPartOf\":{\"@id\":\"https:\\\/\\\/minutocerord.com\\\/#website\"},\"primaryImageOfPage\":{\"@id\":\"http:\\\/\\\/minutocerord.com\\\/?p=941#primaryimage\"},\"image\":{\"@id\":\"http:\\\/\\\/minutocerord.com\\\/?p=941#primaryimage\"},\"thumbnailUrl\":\"https:\\\/\\\/i0.wp.com\\\/minutocerord.com\\\/wp-content\\\/uploads\\\/2020\\\/11\\\/Screen-Shot-2018-11-25-at-10.28.15-AM.png?fit=1470%2C744&ssl=1\",\"datePublished\":\"2020-11-25T23:31:53+00:00\",\"dateModified\":\"2020-11-25T23:31:58+00:00\",\"breadcrumb\":{\"@id\":\"http:\\\/\\\/minutocerord.com\\\/?p=941#breadcrumb\"},\"inLanguage\":\"es-DO\",\"potentialAction\":[{\"@type\":\"ReadAction\",\"target\":[\"http:\\\/\\\/minutocerord.com\\\/?p=941\"]}]},{\"@type\":\"ImageObject\",\"inLanguage\":\"es-DO\",\"@id\":\"http:\\\/\\\/minutocerord.com\\\/?p=941#primaryimage\",\"url\":\"https:\\\/\\\/i0.wp.com\\\/minutocerord.com\\\/wp-content\\\/uploads\\\/2020\\\/11\\\/Screen-Shot-2018-11-25-at-10.28.15-AM.png?fit=1470%2C744&ssl=1\",\"contentUrl\":\"https:\\\/\\\/i0.wp.com\\\/minutocerord.com\\\/wp-content\\\/uploads\\\/2020\\\/11\\\/Screen-Shot-2018-11-25-at-10.28.15-AM.png?fit=1470%2C744&ssl=1\",\"width\":1470,\"height\":744},{\"@type\":\"BreadcrumbList\",\"@id\":\"http:\\\/\\\/minutocerord.com\\\/?p=941#breadcrumb\",\"itemListElement\":[{\"@type\":\"ListItem\",\"position\":1,\"name\":\"Home\",\"item\":\"https:\\\/\\\/minutocerord.com\\\/\"},{\"@type\":\"ListItem\",\"position\":2,\"name\":\"Cada 25 de noviembre, se conmemora el asesinato de las hermanas Mirabal\"}]},{\"@type\":\"WebSite\",\"@id\":\"https:\\\/\\\/minutocerord.com\\\/#website\",\"url\":\"https:\\\/\\\/minutocerord.com\\\/\",\"name\":\"Minuto Cero RD\",\"description\":\"Periodismo serio y veraz\",\"publisher\":{\"@id\":\"https:\\\/\\\/minutocerord.com\\\/#\\\/schema\\\/person\\\/60b5372d60aaa0a5171fb6488be9aee6\"},\"potentialAction\":[{\"@type\":\"SearchAction\",\"target\":{\"@type\":\"EntryPoint\",\"urlTemplate\":\"https:\\\/\\\/minutocerord.com\\\/?s={search_term_string}\"},\"query-input\":{\"@type\":\"PropertyValueSpecification\",\"valueRequired\":true,\"valueName\":\"search_term_string\"}}],\"inLanguage\":\"es-DO\"},{\"@type\":[\"Person\",\"Organization\"],\"@id\":\"https:\\\/\\\/minutocerord.com\\\/#\\\/schema\\\/person\\\/60b5372d60aaa0a5171fb6488be9aee6\",\"name\":\"Genof\u00f3ntes Urb\u00e1ez\",\"image\":{\"@type\":\"ImageObject\",\"inLanguage\":\"es-DO\",\"@id\":\"https:\\\/\\\/secure.gravatar.com\\\/avatar\\\/a49ef3186a692098ac3e8a1612261e3ad70cf9e44553dff2929e67939a0ecb9d?s=96&d=identicon&r=g\",\"url\":\"https:\\\/\\\/secure.gravatar.com\\\/avatar\\\/a49ef3186a692098ac3e8a1612261e3ad70cf9e44553dff2929e67939a0ecb9d?s=96&d=identicon&r=g\",\"contentUrl\":\"https:\\\/\\\/secure.gravatar.com\\\/avatar\\\/a49ef3186a692098ac3e8a1612261e3ad70cf9e44553dff2929e67939a0ecb9d?s=96&d=identicon&r=g\",\"caption\":\"Genof\u00f3ntes Urb\u00e1ez\"},\"logo\":{\"@id\":\"https:\\\/\\\/secure.gravatar.com\\\/avatar\\\/a49ef3186a692098ac3e8a1612261e3ad70cf9e44553dff2929e67939a0ecb9d?s=96&d=identicon&r=g\"},\"description\":\"Periodista \\\/ Locutor\",\"sameAs\":[\"https:\\\/\\\/www.facebook.com\\\/Genofnotes\",\"https:\\\/\\\/www.instagram.com\\\/genofnotes\\\/\"]}]}<\/script>\n<!-- \/ Yoast SEO plugin. -->","yoast_head_json":{"title":"Cada 25 de noviembre, se conmemora el asesinato de las hermanas Mirabal - Minuto Cero RD","robots":{"index":"index","follow":"follow","max-snippet":"max-snippet:-1","max-image-preview":"max-image-preview:large","max-video-preview":"max-video-preview:-1"},"canonical":"http:\/\/minutocerord.com\/?p=941","og_locale":"es_ES","og_type":"article","og_title":"Cada 25 de noviembre, se conmemora el asesinato de las hermanas Mirabal - Minuto Cero RD","og_description":"Esta conmemoraci\u00f3n basa su origen en el d\u00eda que asesinaron a las tres hermanas, Patria, Mar\u00eda Teresa y Minerva Mirabal por \u00f3rdenes de Rafael Le\u00f3nidas Trujillo Molina. La convocatoria fue iniciada por el movimiento feminista latinoamericano en 1981 en conmemoraci\u00f3n a la fecha en la que fueron asesinadas las hermanas Mirabal en Rep\u00fablica Dominicana. En [&hellip;]","og_url":"http:\/\/minutocerord.com\/?p=941","og_site_name":"Minuto Cero RD","article_publisher":"https:\/\/www.facebook.com\/Genofnotes","article_author":"https:\/\/www.facebook.com\/Genofnotes","article_published_time":"2020-11-25T23:31:53+00:00","article_modified_time":"2020-11-25T23:31:58+00:00","og_image":[{"width":1470,"height":744,"url":"https:\/\/i0.wp.com\/minutocerord.com\/wp-content\/uploads\/2020\/11\/Screen-Shot-2018-11-25-at-10.28.15-AM.png?fit=1470%2C744","type":"image\/png"}],"author":"Genof\u00f3ntes Urb\u00e1ez","twitter_card":"summary_large_image","twitter_misc":{"Written by":"Genof\u00f3ntes Urb\u00e1ez","Est. reading time":"3 minutos"},"schema":{"@context":"https:\/\/schema.org","@graph":[{"@type":"Article","@id":"http:\/\/minutocerord.com\/?p=941#article","isPartOf":{"@id":"http:\/\/minutocerord.com\/?p=941"},"author":{"name":"Genof\u00f3ntes Urb\u00e1ez","@id":"https:\/\/minutocerord.com\/#\/schema\/person\/60b5372d60aaa0a5171fb6488be9aee6"},"headline":"Cada 25 de noviembre, se conmemora el asesinato de las hermanas Mirabal","datePublished":"2020-11-25T23:31:53+00:00","dateModified":"2020-11-25T23:31:58+00:00","mainEntityOfPage":{"@id":"http:\/\/minutocerord.com\/?p=941"},"wordCount":583,"commentCount":0,"publisher":{"@id":"https:\/\/minutocerord.com\/#\/schema\/person\/60b5372d60aaa0a5171fb6488be9aee6"},"image":{"@id":"http:\/\/minutocerord.com\/?p=941#primaryimage"},"thumbnailUrl":"https:\/\/i0.wp.com\/minutocerord.com\/wp-content\/uploads\/2020\/11\/Screen-Shot-2018-11-25-at-10.28.15-AM.png?fit=1470%2C744&ssl=1","articleSection":["Nacionales"],"inLanguage":"es-DO","potentialAction":[{"@type":"CommentAction","name":"Comment","target":["http:\/\/minutocerord.com\/?p=941#respond"]}]},{"@type":"WebPage","@id":"http:\/\/minutocerord.com\/?p=941","url":"http:\/\/minutocerord.com\/?p=941","name":"Cada 25 de noviembre, se conmemora el asesinato de las hermanas Mirabal - Minuto Cero RD","isPartOf":{"@id":"https:\/\/minutocerord.com\/#website"},"primaryImageOfPage":{"@id":"http:\/\/minutocerord.com\/?p=941#primaryimage"},"image":{"@id":"http:\/\/minutocerord.com\/?p=941#primaryimage"},"thumbnailUrl":"https:\/\/i0.wp.com\/minutocerord.com\/wp-content\/uploads\/2020\/11\/Screen-Shot-2018-11-25-at-10.28.15-AM.png?fit=1470%2C744&ssl=1","datePublished":"2020-11-25T23:31:53+00:00","dateModified":"2020-11-25T23:31:58+00:00","breadcrumb":{"@id":"http:\/\/minutocerord.com\/?p=941#breadcrumb"},"inLanguage":"es-DO","potentialAction":[{"@type":"ReadAction","target":["http:\/\/minutocerord.com\/?p=941"]}]},{"@type":"ImageObject","inLanguage":"es-DO","@id":"http:\/\/minutocerord.com\/?p=941#primaryimage","url":"https:\/\/i0.wp.com\/minutocerord.com\/wp-content\/uploads\/2020\/11\/Screen-Shot-2018-11-25-at-10.28.15-AM.png?fit=1470%2C744&ssl=1","contentUrl":"https:\/\/i0.wp.com\/minutocerord.com\/wp-content\/uploads\/2020\/11\/Screen-Shot-2018-11-25-at-10.28.15-AM.png?fit=1470%2C744&ssl=1","width":1470,"height":744},{"@type":"BreadcrumbList","@id":"http:\/\/minutocerord.com\/?p=941#breadcrumb","itemListElement":[{"@type":"ListItem","position":1,"name":"Home","item":"https:\/\/minutocerord.com\/"},{"@type":"ListItem","position":2,"name":"Cada 25 de noviembre, se conmemora el asesinato de las hermanas Mirabal"}]},{"@type":"WebSite","@id":"https:\/\/minutocerord.com\/#website","url":"https:\/\/minutocerord.com\/","name":"Minuto Cero RD","description":"Periodismo serio y veraz","publisher":{"@id":"https:\/\/minutocerord.com\/#\/schema\/person\/60b5372d60aaa0a5171fb6488be9aee6"},"potentialAction":[{"@type":"SearchAction","target":{"@type":"EntryPoint","urlTemplate":"https:\/\/minutocerord.com\/?s={search_term_string}"},"query-input":{"@type":"PropertyValueSpecification","valueRequired":true,"valueName":"search_term_string"}}],"inLanguage":"es-DO"},{"@type":["Person","Organization"],"@id":"https:\/\/minutocerord.com\/#\/schema\/person\/60b5372d60aaa0a5171fb6488be9aee6","name":"Genof\u00f3ntes Urb\u00e1ez","image":{"@type":"ImageObject","inLanguage":"es-DO","@id":"https:\/\/secure.gravatar.com\/avatar\/a49ef3186a692098ac3e8a1612261e3ad70cf9e44553dff2929e67939a0ecb9d?s=96&d=identicon&r=g","url":"https:\/\/secure.gravatar.com\/avatar\/a49ef3186a692098ac3e8a1612261e3ad70cf9e44553dff2929e67939a0ecb9d?s=96&d=identicon&r=g","contentUrl":"https:\/\/secure.gravatar.com\/avatar\/a49ef3186a692098ac3e8a1612261e3ad70cf9e44553dff2929e67939a0ecb9d?s=96&d=identicon&r=g","caption":"Genof\u00f3ntes Urb\u00e1ez"},"logo":{"@id":"https:\/\/secure.gravatar.com\/avatar\/a49ef3186a692098ac3e8a1612261e3ad70cf9e44553dff2929e67939a0ecb9d?s=96&d=identicon&r=g"},"description":"Periodista \/ Locutor","sameAs":["https:\/\/www.facebook.com\/Genofnotes","https:\/\/www.instagram.com\/genofnotes\/"]}]}},"jetpack_publicize_connections":[],"jetpack_featured_media_url":"https:\/\/i0.wp.com\/minutocerord.com\/wp-content\/uploads\/2020\/11\/Screen-Shot-2018-11-25-at-10.28.15-AM.png?fit=1470%2C744&ssl=1","jetpack-related-posts":[],"jetpack_sharing_enabled":true,"_links":{"self":[{"href":"https:\/\/minutocerord.com\/index.php?rest_route=\/wp\/v2\/posts\/941","targetHints":{"allow":["GET"]}}],"collection":[{"href":"https:\/\/minutocerord.com\/index.php?rest_route=\/wp\/v2\/posts"}],"about":[{"href":"https:\/\/minutocerord.com\/index.php?rest_route=\/wp\/v2\/types\/post"}],"author":[{"embeddable":true,"href":"https:\/\/minutocerord.com\/index.php?rest_route=\/wp\/v2\/users\/1"}],"replies":[{"embeddable":true,"href":"https:\/\/minutocerord.com\/index.php?rest_route=%2Fwp%2Fv2%2Fcomments&post=941"}],"version-history":[{"count":1,"href":"https:\/\/minutocerord.com\/index.php?rest_route=\/wp\/v2\/posts\/941\/revisions"}],"predecessor-version":[{"id":943,"href":"https:\/\/minutocerord.com\/index.php?rest_route=\/wp\/v2\/posts\/941\/revisions\/943"}],"wp:featuredmedia":[{"embeddable":true,"href":"https:\/\/minutocerord.com\/index.php?rest_route=\/wp\/v2\/media\/942"}],"wp:attachment":[{"href":"https:\/\/minutocerord.com\/index.php?rest_route=%2Fwp%2Fv2%2Fmedia&parent=941"}],"wp:term":[{"taxonomy":"category","embeddable":true,"href":"https:\/\/minutocerord.com\/index.php?rest_route=%2Fwp%2Fv2%2Fcategories&post=941"},{"taxonomy":"post_tag","embeddable":true,"href":"https:\/\/minutocerord.com\/index.php?rest_route=%2Fwp%2Fv2%2Ftags&post=941"}],"curies":[{"name":"wp","href":"https:\/\/api.w.org\/{rel}","templated":true}]}}