{"id":956,"date":"2020-11-26T17:13:37","date_gmt":"2020-11-26T21:13:37","guid":{"rendered":"https:\/\/minutocerord.com\/?p=956"},"modified":"2020-11-26T17:13:40","modified_gmt":"2020-11-26T21:13:40","slug":"el-primer-ministro-de-pakistan-da-luz-verde-a-la-ley-de-castracion-quimica-para-los-violadores","status":"publish","type":"post","link":"https:\/\/minutocerord.com\/?p=956","title":{"rendered":"El primer ministro de Pakist\u00e1n da luz verde a la ley de castraci\u00f3n qu\u00edmica para los violadores"},"content":{"rendered":"\n<p>El primer ministro de Pakist\u00e1n, Iman Khan, dio su visto bueno este martes a la ley de castraci\u00f3n qu\u00edmica para los violadores, informa Geo TV.<\/p>\n\n\n\n<p>La decisi\u00f3n sobre una cuesti\u00f3n tan importante para la sociedad pakistan\u00ed tuvo lugar durante una reuni\u00f3n del Gobierno federal en la que el ministro de Justicia present\u00f3 un anteproyecto de ordenanza al respecto.<\/p>\n\n\n\n<p>El anteproyecto prev\u00e9 un creciente papel de las mujeres en el mantenimiento del orden, as\u00ed como la tramitaci\u00f3n r\u00e1pida de los casos de violencia y la protecci\u00f3n de los testigos.<\/p>\n\n\n\n<p>Al mismo tiempo, el primer ministro del pa\u00eds enfatiz\u00f3 que la implementaci\u00f3n de las iniciativas legislativas deben efectuarse lo m\u00e1s pronto posible, ya que esto contribuir\u00e1 a la creaci\u00f3n de &#8220;un ambiente seguro&#8221; para la ciudadan\u00eda pakistan\u00ed, cita el medio local.<\/p>\n\n\n\n<p>Asimismo, el Ejecutivo se comprometi\u00f3 a proteger la identidad de las v\u00edctimas cuyos violadores con frecuencia evitan el castigo debido a las lagunas en los procedimientos de investigaci\u00f3n.<\/p>\n\n\n\n<p>De acuerdo con la legislaci\u00f3n local, los ofensores sexuales recibir\u00e1n condenas de entre 10 y 25 a\u00f1os de prisi\u00f3n. Respecto a las violaciones en grupo, la ley pakistan\u00ed es aun m\u00e1s severa, ya que dispone de pena capital o reclusi\u00f3n perpetua.<\/p>\n\n\n\n<p>Con la introducci\u00f3n de las nuevas iniciativas al cuerpo legislativo, el Gobierno de Khan busca disminuir la oleada de violencia que se desat\u00f3 en el pa\u00eds recientemente.<\/p>\n\n\n\n<p>INFOBAE<\/p>\n","protected":false},"excerpt":{"rendered":"<p>El primer ministro de Pakist\u00e1n, Iman Khan, dio su visto bueno este martes a la ley de castraci\u00f3n qu\u00edmica para los violadores, informa Geo TV. La decisi\u00f3n sobre una cuesti\u00f3n tan importante para la sociedad pakistan\u00ed tuvo lugar durante una reuni\u00f3n del Gobierno federal en la que el ministro de Justicia present\u00f3 un anteproyecto de [&hellip;]<\/p>\n","protected":false},"author":1,"featured_media":958,"comment_status":"open","ping_status":"open","sticky":false,"template":"","format":"standard","meta":{"nf_dc_page":"","jetpack_post_was_ever_published":false,"_jetpack_newsletter_access":"","_jetpack_dont_email_post_to_subs":false,"_jetpack_newsletter_tier_id":0,"_jetpack_memberships_contains_paywalled_content":false,"_jetpack_memberships_contains_paid_content":false,"footnotes":"","jetpack_publicize_message":"","jetpack_publicize_feature_enabled":true,"jetpack_social_post_already_shared":false,"jetpack_social_options":{"image_generator_settings":{"template":"highway","default_image_id":0,"font":"","enabled":false},"version":2}},"categories":[66],"tags":[],"class_list":["post-956","post","type-post","status-publish","format-standard","has-post-thumbnail","hentry","category-internacionales"],"yoast_head":"<!-- This site is optimized with the Yoast SEO plugin v27.5 - https:\/\/yoast.com\/product\/yoast-seo-wordpress\/ -->\n<title>El primer ministro de Pakist\u00e1n da luz verde a la ley de castraci\u00f3n qu\u00edmica para los violadores - Minuto Cero RD<\/title>\n<meta name=\"robots\" content=\"index, follow, max-snippet:-1, max-image-preview:large, max-video-preview:-1\" \/>\n<link rel=\"canonical\" href=\"http:\/\/minutocerord.com\/?p=956\" \/>\n<meta property=\"og:locale\" content=\"es_ES\" \/>\n<meta property=\"og:type\" content=\"article\" \/>\n<meta property=\"og:title\" content=\"El primer ministro de Pakist\u00e1n da luz verde a la ley de castraci\u00f3n qu\u00edmica para los violadores - Minuto Cero RD\" \/>\n<meta property=\"og:description\" content=\"El primer ministro de Pakist\u00e1n, Iman Khan, dio su visto bueno este martes a la ley de castraci\u00f3n qu\u00edmica para los violadores, informa Geo TV. La decisi\u00f3n sobre una cuesti\u00f3n tan importante para la sociedad pakistan\u00ed tuvo lugar durante una reuni\u00f3n del Gobierno federal en la que el ministro de Justicia present\u00f3 un anteproyecto de [&hellip;]\" \/>\n<meta property=\"og:url\" content=\"http:\/\/minutocerord.com\/?p=956\" \/>\n<meta property=\"og:site_name\" content=\"Minuto Cero RD\" \/>\n<meta property=\"article:publisher\" content=\"https:\/\/www.facebook.com\/Genofnotes\" \/>\n<meta property=\"article:author\" content=\"https:\/\/www.facebook.com\/Genofnotes\" \/>\n<meta property=\"article:published_time\" content=\"2020-11-26T21:13:37+00:00\" \/>\n<meta property=\"article:modified_time\" content=\"2020-11-26T21:13:40+00:00\" \/>\n<meta property=\"og:image\" content=\"https:\/\/i0.wp.com\/minutocerord.com\/wp-content\/uploads\/2020\/11\/5fbf746859bf5b70cc66ab10.jpg?fit=1104%2C622\" \/>\n\t<meta property=\"og:image:width\" content=\"1104\" \/>\n\t<meta property=\"og:image:height\" content=\"622\" \/>\n\t<meta property=\"og:image:type\" content=\"image\/jpeg\" \/>\n<meta name=\"author\" content=\"Genof\u00f3ntes Urb\u00e1ez\" \/>\n<meta name=\"twitter:card\" content=\"summary_large_image\" \/>\n<meta name=\"twitter:label1\" content=\"Written by\" \/>\n\t<meta name=\"twitter:data1\" content=\"Genof\u00f3ntes Urb\u00e1ez\" \/>\n\t<meta name=\"twitter:label2\" content=\"Est. reading time\" \/>\n\t<meta name=\"twitter:data2\" content=\"1 minuto\" \/>\n<script type=\"application\/ld+json\" class=\"yoast-schema-graph\">{\"@context\":\"https:\\\/\\\/schema.org\",\"@graph\":[{\"@type\":\"Article\",\"@id\":\"http:\\\/\\\/minutocerord.com\\\/?p=956#article\",\"isPartOf\":{\"@id\":\"http:\\\/\\\/minutocerord.com\\\/?p=956\"},\"author\":{\"name\":\"Genof\u00f3ntes Urb\u00e1ez\",\"@id\":\"https:\\\/\\\/minutocerord.com\\\/#\\\/schema\\\/person\\\/60b5372d60aaa0a5171fb6488be9aee6\"},\"headline\":\"El primer ministro de Pakist\u00e1n da luz verde a la ley de castraci\u00f3n qu\u00edmica para los violadores\",\"datePublished\":\"2020-11-26T21:13:37+00:00\",\"dateModified\":\"2020-11-26T21:13:40+00:00\",\"mainEntityOfPage\":{\"@id\":\"http:\\\/\\\/minutocerord.com\\\/?p=956\"},\"wordCount\":268,\"commentCount\":0,\"publisher\":{\"@id\":\"https:\\\/\\\/minutocerord.com\\\/#\\\/schema\\\/person\\\/60b5372d60aaa0a5171fb6488be9aee6\"},\"image\":{\"@id\":\"http:\\\/\\\/minutocerord.com\\\/?p=956#primaryimage\"},\"thumbnailUrl\":\"https:\\\/\\\/i0.wp.com\\\/minutocerord.com\\\/wp-content\\\/uploads\\\/2020\\\/11\\\/5fbf746859bf5b70cc66ab10.jpg?fit=1104%2C622&ssl=1\",\"articleSection\":[\"Internacionales\"],\"inLanguage\":\"es-DO\",\"potentialAction\":[{\"@type\":\"CommentAction\",\"name\":\"Comment\",\"target\":[\"http:\\\/\\\/minutocerord.com\\\/?p=956#respond\"]}]},{\"@type\":\"WebPage\",\"@id\":\"http:\\\/\\\/minutocerord.com\\\/?p=956\",\"url\":\"http:\\\/\\\/minutocerord.com\\\/?p=956\",\"name\":\"El primer ministro de Pakist\u00e1n da luz verde a la ley de castraci\u00f3n qu\u00edmica para los violadores - Minuto Cero RD\",\"isPartOf\":{\"@id\":\"https:\\\/\\\/minutocerord.com\\\/#website\"},\"primaryImageOfPage\":{\"@id\":\"http:\\\/\\\/minutocerord.com\\\/?p=956#primaryimage\"},\"image\":{\"@id\":\"http:\\\/\\\/minutocerord.com\\\/?p=956#primaryimage\"},\"thumbnailUrl\":\"https:\\\/\\\/i0.wp.com\\\/minutocerord.com\\\/wp-content\\\/uploads\\\/2020\\\/11\\\/5fbf746859bf5b70cc66ab10.jpg?fit=1104%2C622&ssl=1\",\"datePublished\":\"2020-11-26T21:13:37+00:00\",\"dateModified\":\"2020-11-26T21:13:40+00:00\",\"breadcrumb\":{\"@id\":\"http:\\\/\\\/minutocerord.com\\\/?p=956#breadcrumb\"},\"inLanguage\":\"es-DO\",\"potentialAction\":[{\"@type\":\"ReadAction\",\"target\":[\"http:\\\/\\\/minutocerord.com\\\/?p=956\"]}]},{\"@type\":\"ImageObject\",\"inLanguage\":\"es-DO\",\"@id\":\"http:\\\/\\\/minutocerord.com\\\/?p=956#primaryimage\",\"url\":\"https:\\\/\\\/i0.wp.com\\\/minutocerord.com\\\/wp-content\\\/uploads\\\/2020\\\/11\\\/5fbf746859bf5b70cc66ab10.jpg?fit=1104%2C622&ssl=1\",\"contentUrl\":\"https:\\\/\\\/i0.wp.com\\\/minutocerord.com\\\/wp-content\\\/uploads\\\/2020\\\/11\\\/5fbf746859bf5b70cc66ab10.jpg?fit=1104%2C622&ssl=1\",\"width\":1104,\"height\":622},{\"@type\":\"BreadcrumbList\",\"@id\":\"http:\\\/\\\/minutocerord.com\\\/?p=956#breadcrumb\",\"itemListElement\":[{\"@type\":\"ListItem\",\"position\":1,\"name\":\"Home\",\"item\":\"https:\\\/\\\/minutocerord.com\\\/\"},{\"@type\":\"ListItem\",\"position\":2,\"name\":\"El primer ministro de Pakist\u00e1n da luz verde a la ley de castraci\u00f3n qu\u00edmica para los violadores\"}]},{\"@type\":\"WebSite\",\"@id\":\"https:\\\/\\\/minutocerord.com\\\/#website\",\"url\":\"https:\\\/\\\/minutocerord.com\\\/\",\"name\":\"Minuto Cero RD\",\"description\":\"Periodismo serio y veraz\",\"publisher\":{\"@id\":\"https:\\\/\\\/minutocerord.com\\\/#\\\/schema\\\/person\\\/60b5372d60aaa0a5171fb6488be9aee6\"},\"potentialAction\":[{\"@type\":\"SearchAction\",\"target\":{\"@type\":\"EntryPoint\",\"urlTemplate\":\"https:\\\/\\\/minutocerord.com\\\/?s={search_term_string}\"},\"query-input\":{\"@type\":\"PropertyValueSpecification\",\"valueRequired\":true,\"valueName\":\"search_term_string\"}}],\"inLanguage\":\"es-DO\"},{\"@type\":[\"Person\",\"Organization\"],\"@id\":\"https:\\\/\\\/minutocerord.com\\\/#\\\/schema\\\/person\\\/60b5372d60aaa0a5171fb6488be9aee6\",\"name\":\"Genof\u00f3ntes Urb\u00e1ez\",\"image\":{\"@type\":\"ImageObject\",\"inLanguage\":\"es-DO\",\"@id\":\"https:\\\/\\\/secure.gravatar.com\\\/avatar\\\/a49ef3186a692098ac3e8a1612261e3ad70cf9e44553dff2929e67939a0ecb9d?s=96&d=identicon&r=g\",\"url\":\"https:\\\/\\\/secure.gravatar.com\\\/avatar\\\/a49ef3186a692098ac3e8a1612261e3ad70cf9e44553dff2929e67939a0ecb9d?s=96&d=identicon&r=g\",\"contentUrl\":\"https:\\\/\\\/secure.gravatar.com\\\/avatar\\\/a49ef3186a692098ac3e8a1612261e3ad70cf9e44553dff2929e67939a0ecb9d?s=96&d=identicon&r=g\",\"caption\":\"Genof\u00f3ntes Urb\u00e1ez\"},\"logo\":{\"@id\":\"https:\\\/\\\/secure.gravatar.com\\\/avatar\\\/a49ef3186a692098ac3e8a1612261e3ad70cf9e44553dff2929e67939a0ecb9d?s=96&d=identicon&r=g\"},\"description\":\"Periodista \\\/ Locutor\",\"sameAs\":[\"https:\\\/\\\/www.facebook.com\\\/Genofnotes\",\"https:\\\/\\\/www.instagram.com\\\/genofnotes\\\/\"]}]}<\/script>\n<!-- \/ Yoast SEO plugin. -->","yoast_head_json":{"title":"El primer ministro de Pakist\u00e1n da luz verde a la ley de castraci\u00f3n qu\u00edmica para los violadores - Minuto Cero RD","robots":{"index":"index","follow":"follow","max-snippet":"max-snippet:-1","max-image-preview":"max-image-preview:large","max-video-preview":"max-video-preview:-1"},"canonical":"http:\/\/minutocerord.com\/?p=956","og_locale":"es_ES","og_type":"article","og_title":"El primer ministro de Pakist\u00e1n da luz verde a la ley de castraci\u00f3n qu\u00edmica para los violadores - Minuto Cero RD","og_description":"El primer ministro de Pakist\u00e1n, Iman Khan, dio su visto bueno este martes a la ley de castraci\u00f3n qu\u00edmica para los violadores, informa Geo TV. La decisi\u00f3n sobre una cuesti\u00f3n tan importante para la sociedad pakistan\u00ed tuvo lugar durante una reuni\u00f3n del Gobierno federal en la que el ministro de Justicia present\u00f3 un anteproyecto de [&hellip;]","og_url":"http:\/\/minutocerord.com\/?p=956","og_site_name":"Minuto Cero RD","article_publisher":"https:\/\/www.facebook.com\/Genofnotes","article_author":"https:\/\/www.facebook.com\/Genofnotes","article_published_time":"2020-11-26T21:13:37+00:00","article_modified_time":"2020-11-26T21:13:40+00:00","og_image":[{"width":1104,"height":622,"url":"https:\/\/i0.wp.com\/minutocerord.com\/wp-content\/uploads\/2020\/11\/5fbf746859bf5b70cc66ab10.jpg?fit=1104%2C622","type":"image\/jpeg"}],"author":"Genof\u00f3ntes Urb\u00e1ez","twitter_card":"summary_large_image","twitter_misc":{"Written by":"Genof\u00f3ntes Urb\u00e1ez","Est. reading time":"1 minuto"},"schema":{"@context":"https:\/\/schema.org","@graph":[{"@type":"Article","@id":"http:\/\/minutocerord.com\/?p=956#article","isPartOf":{"@id":"http:\/\/minutocerord.com\/?p=956"},"author":{"name":"Genof\u00f3ntes Urb\u00e1ez","@id":"https:\/\/minutocerord.com\/#\/schema\/person\/60b5372d60aaa0a5171fb6488be9aee6"},"headline":"El primer ministro de Pakist\u00e1n da luz verde a la ley de castraci\u00f3n qu\u00edmica para los violadores","datePublished":"2020-11-26T21:13:37+00:00","dateModified":"2020-11-26T21:13:40+00:00","mainEntityOfPage":{"@id":"http:\/\/minutocerord.com\/?p=956"},"wordCount":268,"commentCount":0,"publisher":{"@id":"https:\/\/minutocerord.com\/#\/schema\/person\/60b5372d60aaa0a5171fb6488be9aee6"},"image":{"@id":"http:\/\/minutocerord.com\/?p=956#primaryimage"},"thumbnailUrl":"https:\/\/i0.wp.com\/minutocerord.com\/wp-content\/uploads\/2020\/11\/5fbf746859bf5b70cc66ab10.jpg?fit=1104%2C622&ssl=1","articleSection":["Internacionales"],"inLanguage":"es-DO","potentialAction":[{"@type":"CommentAction","name":"Comment","target":["http:\/\/minutocerord.com\/?p=956#respond"]}]},{"@type":"WebPage","@id":"http:\/\/minutocerord.com\/?p=956","url":"http:\/\/minutocerord.com\/?p=956","name":"El primer ministro de Pakist\u00e1n da luz verde a la ley de castraci\u00f3n qu\u00edmica para los violadores - Minuto Cero RD","isPartOf":{"@id":"https:\/\/minutocerord.com\/#website"},"primaryImageOfPage":{"@id":"http:\/\/minutocerord.com\/?p=956#primaryimage"},"image":{"@id":"http:\/\/minutocerord.com\/?p=956#primaryimage"},"thumbnailUrl":"https:\/\/i0.wp.com\/minutocerord.com\/wp-content\/uploads\/2020\/11\/5fbf746859bf5b70cc66ab10.jpg?fit=1104%2C622&ssl=1","datePublished":"2020-11-26T21:13:37+00:00","dateModified":"2020-11-26T21:13:40+00:00","breadcrumb":{"@id":"http:\/\/minutocerord.com\/?p=956#breadcrumb"},"inLanguage":"es-DO","potentialAction":[{"@type":"ReadAction","target":["http:\/\/minutocerord.com\/?p=956"]}]},{"@type":"ImageObject","inLanguage":"es-DO","@id":"http:\/\/minutocerord.com\/?p=956#primaryimage","url":"https:\/\/i0.wp.com\/minutocerord.com\/wp-content\/uploads\/2020\/11\/5fbf746859bf5b70cc66ab10.jpg?fit=1104%2C622&ssl=1","contentUrl":"https:\/\/i0.wp.com\/minutocerord.com\/wp-content\/uploads\/2020\/11\/5fbf746859bf5b70cc66ab10.jpg?fit=1104%2C622&ssl=1","width":1104,"height":622},{"@type":"BreadcrumbList","@id":"http:\/\/minutocerord.com\/?p=956#breadcrumb","itemListElement":[{"@type":"ListItem","position":1,"name":"Home","item":"https:\/\/minutocerord.com\/"},{"@type":"ListItem","position":2,"name":"El primer ministro de Pakist\u00e1n da luz verde a la ley de castraci\u00f3n qu\u00edmica para los violadores"}]},{"@type":"WebSite","@id":"https:\/\/minutocerord.com\/#website","url":"https:\/\/minutocerord.com\/","name":"Minuto Cero RD","description":"Periodismo serio y veraz","publisher":{"@id":"https:\/\/minutocerord.com\/#\/schema\/person\/60b5372d60aaa0a5171fb6488be9aee6"},"potentialAction":[{"@type":"SearchAction","target":{"@type":"EntryPoint","urlTemplate":"https:\/\/minutocerord.com\/?s={search_term_string}"},"query-input":{"@type":"PropertyValueSpecification","valueRequired":true,"valueName":"search_term_string"}}],"inLanguage":"es-DO"},{"@type":["Person","Organization"],"@id":"https:\/\/minutocerord.com\/#\/schema\/person\/60b5372d60aaa0a5171fb6488be9aee6","name":"Genof\u00f3ntes Urb\u00e1ez","image":{"@type":"ImageObject","inLanguage":"es-DO","@id":"https:\/\/secure.gravatar.com\/avatar\/a49ef3186a692098ac3e8a1612261e3ad70cf9e44553dff2929e67939a0ecb9d?s=96&d=identicon&r=g","url":"https:\/\/secure.gravatar.com\/avatar\/a49ef3186a692098ac3e8a1612261e3ad70cf9e44553dff2929e67939a0ecb9d?s=96&d=identicon&r=g","contentUrl":"https:\/\/secure.gravatar.com\/avatar\/a49ef3186a692098ac3e8a1612261e3ad70cf9e44553dff2929e67939a0ecb9d?s=96&d=identicon&r=g","caption":"Genof\u00f3ntes Urb\u00e1ez"},"logo":{"@id":"https:\/\/secure.gravatar.com\/avatar\/a49ef3186a692098ac3e8a1612261e3ad70cf9e44553dff2929e67939a0ecb9d?s=96&d=identicon&r=g"},"description":"Periodista \/ Locutor","sameAs":["https:\/\/www.facebook.com\/Genofnotes","https:\/\/www.instagram.com\/genofnotes\/"]}]}},"jetpack_publicize_connections":[],"jetpack_featured_media_url":"https:\/\/i0.wp.com\/minutocerord.com\/wp-content\/uploads\/2020\/11\/5fbf746859bf5b70cc66ab10.jpg?fit=1104%2C622&ssl=1","jetpack-related-posts":[],"jetpack_sharing_enabled":true,"_links":{"self":[{"href":"https:\/\/minutocerord.com\/index.php?rest_route=\/wp\/v2\/posts\/956","targetHints":{"allow":["GET"]}}],"collection":[{"href":"https:\/\/minutocerord.com\/index.php?rest_route=\/wp\/v2\/posts"}],"about":[{"href":"https:\/\/minutocerord.com\/index.php?rest_route=\/wp\/v2\/types\/post"}],"author":[{"embeddable":true,"href":"https:\/\/minutocerord.com\/index.php?rest_route=\/wp\/v2\/users\/1"}],"replies":[{"embeddable":true,"href":"https:\/\/minutocerord.com\/index.php?rest_route=%2Fwp%2Fv2%2Fcomments&post=956"}],"version-history":[{"count":1,"href":"https:\/\/minutocerord.com\/index.php?rest_route=\/wp\/v2\/posts\/956\/revisions"}],"predecessor-version":[{"id":959,"href":"https:\/\/minutocerord.com\/index.php?rest_route=\/wp\/v2\/posts\/956\/revisions\/959"}],"wp:featuredmedia":[{"embeddable":true,"href":"https:\/\/minutocerord.com\/index.php?rest_route=\/wp\/v2\/media\/958"}],"wp:attachment":[{"href":"https:\/\/minutocerord.com\/index.php?rest_route=%2Fwp%2Fv2%2Fmedia&parent=956"}],"wp:term":[{"taxonomy":"category","embeddable":true,"href":"https:\/\/minutocerord.com\/index.php?rest_route=%2Fwp%2Fv2%2Fcategories&post=956"},{"taxonomy":"post_tag","embeddable":true,"href":"https:\/\/minutocerord.com\/index.php?rest_route=%2Fwp%2Fv2%2Ftags&post=956"}],"curies":[{"name":"wp","href":"https:\/\/api.w.org\/{rel}","templated":true}]}}