{"id":976,"date":"2020-11-26T17:47:43","date_gmt":"2020-11-26T21:47:43","guid":{"rendered":"https:\/\/minutocerord.com\/?p=976"},"modified":"2020-11-26T17:47:46","modified_gmt":"2020-11-26T21:47:46","slug":"new-york-pondran-a-calle-nombre-de-musico-de-rd-bullumba-landestoy","status":"publish","type":"post","link":"https:\/\/minutocerord.com\/?p=976","title":{"rendered":"NEW YORK: Pondr\u00e1n a calle nombre de m\u00fasico de RD Bullumba Landestoy"},"content":{"rendered":"\n<p>NUEVA YORK.- El Comisionado Dominicano de Cultura en Estados Unidos, en coordinaci\u00f3n con la oficina del concejal Ydanis Rodr\u00edguez, realizar\u00e1n una ceremonia de conombramiento de calle en honor a la obra y legado del m\u00fasico dominicano Rafael \u201cBullumba\u201d Landestoy.<\/p>\n\n\n\n<p>El acto est\u00e1 pautado para el mediod\u00eda del viernes 4 de diciembre, en la intersecci\u00f3n de la avenida Saint Nicholas y la calle 166, en el Alto Manhattan.<\/p>\n\n\n\n<p>Bullumba fue un destacado pianista y compositor internacionalmente conocido por sus composiciones para piano y guitarra. Su m\u00fasica ha sido interpretada y grabada por grandes artistas de Am\u00e9rica Latina, sobre todo Celia Cruz, To\u00f1a la Negra, Alberto Beltr\u00e1n, y Vicentico Vald\u00e9s. Durante la Edad de Oro del cine mexicano, el gran Fernando Fern\u00e1ndez, inmortaliz\u00f3 sus canciones \u00abCarita de \u00e1ngel\u00bb y \u00abMi dulce querer\u00bb, orquestada por Chucho Zarzosa. Tambi\u00e9n lo hicieron los m\u00fasicos Martin Soderberg, Rafael Scarfullery, Francisco Rold\u00e1n y Mar\u00eda de F\u00e1tima Geraldes.<\/p>\n\n\n\n<p>La comisionada Lourdes Batista agradeci\u00f3 al concejal Rodr\u00edguez por la confianza depositada y la oportunidad que le brinda de poder organizar \u00abeste magn\u00edfico y bien merecido reconocimiento\u00bb.<\/p>\n\n\n\n<p>\u201cMe siento m\u00e1s que regocijada de poder formar parte de este reconocimiento al maestro de maestros Bullumba Landestoy, el cual era un gran amigo con el que pude compartir grandes vivencias y momentos inolvidables, pues ambos compart\u00edamos el amor por la m\u00fasica. Bullumba fue un hombre loable que construy\u00f3 y dej\u00f3 un gran legado en el \u00e1mbito art\u00edstico y cultural de nuestro pa\u00eds\u00bb, expres\u00f3.<\/p>\n","protected":false},"excerpt":{"rendered":"<p>NUEVA YORK.- El Comisionado Dominicano de Cultura en Estados Unidos, en coordinaci\u00f3n con la oficina del concejal Ydanis Rodr\u00edguez, realizar\u00e1n una ceremonia de conombramiento de calle en honor a la obra y legado del m\u00fasico dominicano Rafael \u201cBullumba\u201d Landestoy. El acto est\u00e1 pautado para el mediod\u00eda del viernes 4 de diciembre, en la intersecci\u00f3n de [&hellip;]<\/p>\n","protected":false},"author":1,"featured_media":977,"comment_status":"open","ping_status":"open","sticky":false,"template":"","format":"standard","meta":{"nf_dc_page":"","jetpack_post_was_ever_published":false,"_jetpack_newsletter_access":"","_jetpack_dont_email_post_to_subs":false,"_jetpack_newsletter_tier_id":0,"_jetpack_memberships_contains_paywalled_content":false,"_jetpack_memberships_contains_paid_content":false,"footnotes":"","jetpack_publicize_message":"","jetpack_publicize_feature_enabled":true,"jetpack_social_post_already_shared":false,"jetpack_social_options":{"image_generator_settings":{"template":"highway","default_image_id":0,"font":"","enabled":false},"version":2}},"categories":[82],"tags":[],"class_list":["post-976","post","type-post","status-publish","format-standard","has-post-thumbnail","hentry","category-new-york"],"yoast_head":"<!-- This site is optimized with the Yoast SEO plugin v27.5 - https:\/\/yoast.com\/product\/yoast-seo-wordpress\/ -->\n<title>NEW YORK: Pondr\u00e1n a calle nombre de m\u00fasico de RD Bullumba Landestoy - Minuto Cero RD<\/title>\n<meta name=\"robots\" content=\"index, follow, max-snippet:-1, max-image-preview:large, max-video-preview:-1\" \/>\n<link rel=\"canonical\" href=\"http:\/\/minutocerord.com\/?p=976\" \/>\n<meta property=\"og:locale\" content=\"es_ES\" \/>\n<meta property=\"og:type\" content=\"article\" \/>\n<meta property=\"og:title\" content=\"NEW YORK: Pondr\u00e1n a calle nombre de m\u00fasico de RD Bullumba Landestoy - Minuto Cero RD\" \/>\n<meta property=\"og:description\" content=\"NUEVA YORK.- El Comisionado Dominicano de Cultura en Estados Unidos, en coordinaci\u00f3n con la oficina del concejal Ydanis Rodr\u00edguez, realizar\u00e1n una ceremonia de conombramiento de calle en honor a la obra y legado del m\u00fasico dominicano Rafael \u201cBullumba\u201d Landestoy. El acto est\u00e1 pautado para el mediod\u00eda del viernes 4 de diciembre, en la intersecci\u00f3n de [&hellip;]\" \/>\n<meta property=\"og:url\" content=\"http:\/\/minutocerord.com\/?p=976\" \/>\n<meta property=\"og:site_name\" content=\"Minuto Cero RD\" \/>\n<meta property=\"article:publisher\" content=\"https:\/\/www.facebook.com\/Genofnotes\" \/>\n<meta property=\"article:author\" content=\"https:\/\/www.facebook.com\/Genofnotes\" \/>\n<meta property=\"article:published_time\" content=\"2020-11-26T21:47:43+00:00\" \/>\n<meta property=\"article:modified_time\" content=\"2020-11-26T21:47:46+00:00\" \/>\n<meta property=\"og:image\" content=\"https:\/\/i0.wp.com\/minutocerord.com\/wp-content\/uploads\/2020\/11\/Rafael-Bullumba-Landestoy.jpg?fit=800%2C500\" \/>\n\t<meta property=\"og:image:width\" content=\"800\" \/>\n\t<meta property=\"og:image:height\" content=\"500\" \/>\n\t<meta property=\"og:image:type\" content=\"image\/jpeg\" \/>\n<meta name=\"author\" content=\"Genof\u00f3ntes Urb\u00e1ez\" \/>\n<meta name=\"twitter:card\" content=\"summary_large_image\" \/>\n<meta name=\"twitter:label1\" content=\"Written by\" \/>\n\t<meta name=\"twitter:data1\" content=\"Genof\u00f3ntes Urb\u00e1ez\" \/>\n\t<meta name=\"twitter:label2\" content=\"Est. reading time\" \/>\n\t<meta name=\"twitter:data2\" content=\"1 minuto\" \/>\n<script type=\"application\/ld+json\" class=\"yoast-schema-graph\">{\"@context\":\"https:\\\/\\\/schema.org\",\"@graph\":[{\"@type\":\"Article\",\"@id\":\"http:\\\/\\\/minutocerord.com\\\/?p=976#article\",\"isPartOf\":{\"@id\":\"http:\\\/\\\/minutocerord.com\\\/?p=976\"},\"author\":{\"name\":\"Genof\u00f3ntes Urb\u00e1ez\",\"@id\":\"https:\\\/\\\/minutocerord.com\\\/#\\\/schema\\\/person\\\/60b5372d60aaa0a5171fb6488be9aee6\"},\"headline\":\"NEW YORK: Pondr\u00e1n a calle nombre de m\u00fasico de RD Bullumba Landestoy\",\"datePublished\":\"2020-11-26T21:47:43+00:00\",\"dateModified\":\"2020-11-26T21:47:46+00:00\",\"mainEntityOfPage\":{\"@id\":\"http:\\\/\\\/minutocerord.com\\\/?p=976\"},\"wordCount\":278,\"commentCount\":0,\"publisher\":{\"@id\":\"https:\\\/\\\/minutocerord.com\\\/#\\\/schema\\\/person\\\/60b5372d60aaa0a5171fb6488be9aee6\"},\"image\":{\"@id\":\"http:\\\/\\\/minutocerord.com\\\/?p=976#primaryimage\"},\"thumbnailUrl\":\"https:\\\/\\\/i0.wp.com\\\/minutocerord.com\\\/wp-content\\\/uploads\\\/2020\\\/11\\\/Rafael-Bullumba-Landestoy.jpg?fit=800%2C500&ssl=1\",\"articleSection\":[\"New York\"],\"inLanguage\":\"es-DO\",\"potentialAction\":[{\"@type\":\"CommentAction\",\"name\":\"Comment\",\"target\":[\"http:\\\/\\\/minutocerord.com\\\/?p=976#respond\"]}]},{\"@type\":\"WebPage\",\"@id\":\"http:\\\/\\\/minutocerord.com\\\/?p=976\",\"url\":\"http:\\\/\\\/minutocerord.com\\\/?p=976\",\"name\":\"NEW YORK: Pondr\u00e1n a calle nombre de m\u00fasico de RD Bullumba Landestoy - Minuto Cero RD\",\"isPartOf\":{\"@id\":\"https:\\\/\\\/minutocerord.com\\\/#website\"},\"primaryImageOfPage\":{\"@id\":\"http:\\\/\\\/minutocerord.com\\\/?p=976#primaryimage\"},\"image\":{\"@id\":\"http:\\\/\\\/minutocerord.com\\\/?p=976#primaryimage\"},\"thumbnailUrl\":\"https:\\\/\\\/i0.wp.com\\\/minutocerord.com\\\/wp-content\\\/uploads\\\/2020\\\/11\\\/Rafael-Bullumba-Landestoy.jpg?fit=800%2C500&ssl=1\",\"datePublished\":\"2020-11-26T21:47:43+00:00\",\"dateModified\":\"2020-11-26T21:47:46+00:00\",\"breadcrumb\":{\"@id\":\"http:\\\/\\\/minutocerord.com\\\/?p=976#breadcrumb\"},\"inLanguage\":\"es-DO\",\"potentialAction\":[{\"@type\":\"ReadAction\",\"target\":[\"http:\\\/\\\/minutocerord.com\\\/?p=976\"]}]},{\"@type\":\"ImageObject\",\"inLanguage\":\"es-DO\",\"@id\":\"http:\\\/\\\/minutocerord.com\\\/?p=976#primaryimage\",\"url\":\"https:\\\/\\\/i0.wp.com\\\/minutocerord.com\\\/wp-content\\\/uploads\\\/2020\\\/11\\\/Rafael-Bullumba-Landestoy.jpg?fit=800%2C500&ssl=1\",\"contentUrl\":\"https:\\\/\\\/i0.wp.com\\\/minutocerord.com\\\/wp-content\\\/uploads\\\/2020\\\/11\\\/Rafael-Bullumba-Landestoy.jpg?fit=800%2C500&ssl=1\",\"width\":800,\"height\":500},{\"@type\":\"BreadcrumbList\",\"@id\":\"http:\\\/\\\/minutocerord.com\\\/?p=976#breadcrumb\",\"itemListElement\":[{\"@type\":\"ListItem\",\"position\":1,\"name\":\"Home\",\"item\":\"https:\\\/\\\/minutocerord.com\\\/\"},{\"@type\":\"ListItem\",\"position\":2,\"name\":\"NEW YORK: Pondr\u00e1n a calle nombre de m\u00fasico de RD Bullumba Landestoy\"}]},{\"@type\":\"WebSite\",\"@id\":\"https:\\\/\\\/minutocerord.com\\\/#website\",\"url\":\"https:\\\/\\\/minutocerord.com\\\/\",\"name\":\"Minuto Cero RD\",\"description\":\"Periodismo serio y veraz\",\"publisher\":{\"@id\":\"https:\\\/\\\/minutocerord.com\\\/#\\\/schema\\\/person\\\/60b5372d60aaa0a5171fb6488be9aee6\"},\"potentialAction\":[{\"@type\":\"SearchAction\",\"target\":{\"@type\":\"EntryPoint\",\"urlTemplate\":\"https:\\\/\\\/minutocerord.com\\\/?s={search_term_string}\"},\"query-input\":{\"@type\":\"PropertyValueSpecification\",\"valueRequired\":true,\"valueName\":\"search_term_string\"}}],\"inLanguage\":\"es-DO\"},{\"@type\":[\"Person\",\"Organization\"],\"@id\":\"https:\\\/\\\/minutocerord.com\\\/#\\\/schema\\\/person\\\/60b5372d60aaa0a5171fb6488be9aee6\",\"name\":\"Genof\u00f3ntes Urb\u00e1ez\",\"image\":{\"@type\":\"ImageObject\",\"inLanguage\":\"es-DO\",\"@id\":\"https:\\\/\\\/secure.gravatar.com\\\/avatar\\\/a49ef3186a692098ac3e8a1612261e3ad70cf9e44553dff2929e67939a0ecb9d?s=96&d=identicon&r=g\",\"url\":\"https:\\\/\\\/secure.gravatar.com\\\/avatar\\\/a49ef3186a692098ac3e8a1612261e3ad70cf9e44553dff2929e67939a0ecb9d?s=96&d=identicon&r=g\",\"contentUrl\":\"https:\\\/\\\/secure.gravatar.com\\\/avatar\\\/a49ef3186a692098ac3e8a1612261e3ad70cf9e44553dff2929e67939a0ecb9d?s=96&d=identicon&r=g\",\"caption\":\"Genof\u00f3ntes Urb\u00e1ez\"},\"logo\":{\"@id\":\"https:\\\/\\\/secure.gravatar.com\\\/avatar\\\/a49ef3186a692098ac3e8a1612261e3ad70cf9e44553dff2929e67939a0ecb9d?s=96&d=identicon&r=g\"},\"description\":\"Periodista \\\/ Locutor\",\"sameAs\":[\"https:\\\/\\\/www.facebook.com\\\/Genofnotes\",\"https:\\\/\\\/www.instagram.com\\\/genofnotes\\\/\"]}]}<\/script>\n<!-- \/ Yoast SEO plugin. -->","yoast_head_json":{"title":"NEW YORK: Pondr\u00e1n a calle nombre de m\u00fasico de RD Bullumba Landestoy - Minuto Cero RD","robots":{"index":"index","follow":"follow","max-snippet":"max-snippet:-1","max-image-preview":"max-image-preview:large","max-video-preview":"max-video-preview:-1"},"canonical":"http:\/\/minutocerord.com\/?p=976","og_locale":"es_ES","og_type":"article","og_title":"NEW YORK: Pondr\u00e1n a calle nombre de m\u00fasico de RD Bullumba Landestoy - Minuto Cero RD","og_description":"NUEVA YORK.- El Comisionado Dominicano de Cultura en Estados Unidos, en coordinaci\u00f3n con la oficina del concejal Ydanis Rodr\u00edguez, realizar\u00e1n una ceremonia de conombramiento de calle en honor a la obra y legado del m\u00fasico dominicano Rafael \u201cBullumba\u201d Landestoy. El acto est\u00e1 pautado para el mediod\u00eda del viernes 4 de diciembre, en la intersecci\u00f3n de [&hellip;]","og_url":"http:\/\/minutocerord.com\/?p=976","og_site_name":"Minuto Cero RD","article_publisher":"https:\/\/www.facebook.com\/Genofnotes","article_author":"https:\/\/www.facebook.com\/Genofnotes","article_published_time":"2020-11-26T21:47:43+00:00","article_modified_time":"2020-11-26T21:47:46+00:00","og_image":[{"width":800,"height":500,"url":"https:\/\/i0.wp.com\/minutocerord.com\/wp-content\/uploads\/2020\/11\/Rafael-Bullumba-Landestoy.jpg?fit=800%2C500","type":"image\/jpeg"}],"author":"Genof\u00f3ntes Urb\u00e1ez","twitter_card":"summary_large_image","twitter_misc":{"Written by":"Genof\u00f3ntes Urb\u00e1ez","Est. reading time":"1 minuto"},"schema":{"@context":"https:\/\/schema.org","@graph":[{"@type":"Article","@id":"http:\/\/minutocerord.com\/?p=976#article","isPartOf":{"@id":"http:\/\/minutocerord.com\/?p=976"},"author":{"name":"Genof\u00f3ntes Urb\u00e1ez","@id":"https:\/\/minutocerord.com\/#\/schema\/person\/60b5372d60aaa0a5171fb6488be9aee6"},"headline":"NEW YORK: Pondr\u00e1n a calle nombre de m\u00fasico de RD Bullumba Landestoy","datePublished":"2020-11-26T21:47:43+00:00","dateModified":"2020-11-26T21:47:46+00:00","mainEntityOfPage":{"@id":"http:\/\/minutocerord.com\/?p=976"},"wordCount":278,"commentCount":0,"publisher":{"@id":"https:\/\/minutocerord.com\/#\/schema\/person\/60b5372d60aaa0a5171fb6488be9aee6"},"image":{"@id":"http:\/\/minutocerord.com\/?p=976#primaryimage"},"thumbnailUrl":"https:\/\/i0.wp.com\/minutocerord.com\/wp-content\/uploads\/2020\/11\/Rafael-Bullumba-Landestoy.jpg?fit=800%2C500&ssl=1","articleSection":["New York"],"inLanguage":"es-DO","potentialAction":[{"@type":"CommentAction","name":"Comment","target":["http:\/\/minutocerord.com\/?p=976#respond"]}]},{"@type":"WebPage","@id":"http:\/\/minutocerord.com\/?p=976","url":"http:\/\/minutocerord.com\/?p=976","name":"NEW YORK: Pondr\u00e1n a calle nombre de m\u00fasico de RD Bullumba Landestoy - Minuto Cero RD","isPartOf":{"@id":"https:\/\/minutocerord.com\/#website"},"primaryImageOfPage":{"@id":"http:\/\/minutocerord.com\/?p=976#primaryimage"},"image":{"@id":"http:\/\/minutocerord.com\/?p=976#primaryimage"},"thumbnailUrl":"https:\/\/i0.wp.com\/minutocerord.com\/wp-content\/uploads\/2020\/11\/Rafael-Bullumba-Landestoy.jpg?fit=800%2C500&ssl=1","datePublished":"2020-11-26T21:47:43+00:00","dateModified":"2020-11-26T21:47:46+00:00","breadcrumb":{"@id":"http:\/\/minutocerord.com\/?p=976#breadcrumb"},"inLanguage":"es-DO","potentialAction":[{"@type":"ReadAction","target":["http:\/\/minutocerord.com\/?p=976"]}]},{"@type":"ImageObject","inLanguage":"es-DO","@id":"http:\/\/minutocerord.com\/?p=976#primaryimage","url":"https:\/\/i0.wp.com\/minutocerord.com\/wp-content\/uploads\/2020\/11\/Rafael-Bullumba-Landestoy.jpg?fit=800%2C500&ssl=1","contentUrl":"https:\/\/i0.wp.com\/minutocerord.com\/wp-content\/uploads\/2020\/11\/Rafael-Bullumba-Landestoy.jpg?fit=800%2C500&ssl=1","width":800,"height":500},{"@type":"BreadcrumbList","@id":"http:\/\/minutocerord.com\/?p=976#breadcrumb","itemListElement":[{"@type":"ListItem","position":1,"name":"Home","item":"https:\/\/minutocerord.com\/"},{"@type":"ListItem","position":2,"name":"NEW YORK: Pondr\u00e1n a calle nombre de m\u00fasico de RD Bullumba Landestoy"}]},{"@type":"WebSite","@id":"https:\/\/minutocerord.com\/#website","url":"https:\/\/minutocerord.com\/","name":"Minuto Cero RD","description":"Periodismo serio y veraz","publisher":{"@id":"https:\/\/minutocerord.com\/#\/schema\/person\/60b5372d60aaa0a5171fb6488be9aee6"},"potentialAction":[{"@type":"SearchAction","target":{"@type":"EntryPoint","urlTemplate":"https:\/\/minutocerord.com\/?s={search_term_string}"},"query-input":{"@type":"PropertyValueSpecification","valueRequired":true,"valueName":"search_term_string"}}],"inLanguage":"es-DO"},{"@type":["Person","Organization"],"@id":"https:\/\/minutocerord.com\/#\/schema\/person\/60b5372d60aaa0a5171fb6488be9aee6","name":"Genof\u00f3ntes Urb\u00e1ez","image":{"@type":"ImageObject","inLanguage":"es-DO","@id":"https:\/\/secure.gravatar.com\/avatar\/a49ef3186a692098ac3e8a1612261e3ad70cf9e44553dff2929e67939a0ecb9d?s=96&d=identicon&r=g","url":"https:\/\/secure.gravatar.com\/avatar\/a49ef3186a692098ac3e8a1612261e3ad70cf9e44553dff2929e67939a0ecb9d?s=96&d=identicon&r=g","contentUrl":"https:\/\/secure.gravatar.com\/avatar\/a49ef3186a692098ac3e8a1612261e3ad70cf9e44553dff2929e67939a0ecb9d?s=96&d=identicon&r=g","caption":"Genof\u00f3ntes Urb\u00e1ez"},"logo":{"@id":"https:\/\/secure.gravatar.com\/avatar\/a49ef3186a692098ac3e8a1612261e3ad70cf9e44553dff2929e67939a0ecb9d?s=96&d=identicon&r=g"},"description":"Periodista \/ Locutor","sameAs":["https:\/\/www.facebook.com\/Genofnotes","https:\/\/www.instagram.com\/genofnotes\/"]}]}},"jetpack_publicize_connections":[],"jetpack_featured_media_url":"https:\/\/i0.wp.com\/minutocerord.com\/wp-content\/uploads\/2020\/11\/Rafael-Bullumba-Landestoy.jpg?fit=800%2C500&ssl=1","jetpack-related-posts":[],"jetpack_sharing_enabled":true,"_links":{"self":[{"href":"https:\/\/minutocerord.com\/index.php?rest_route=\/wp\/v2\/posts\/976","targetHints":{"allow":["GET"]}}],"collection":[{"href":"https:\/\/minutocerord.com\/index.php?rest_route=\/wp\/v2\/posts"}],"about":[{"href":"https:\/\/minutocerord.com\/index.php?rest_route=\/wp\/v2\/types\/post"}],"author":[{"embeddable":true,"href":"https:\/\/minutocerord.com\/index.php?rest_route=\/wp\/v2\/users\/1"}],"replies":[{"embeddable":true,"href":"https:\/\/minutocerord.com\/index.php?rest_route=%2Fwp%2Fv2%2Fcomments&post=976"}],"version-history":[{"count":1,"href":"https:\/\/minutocerord.com\/index.php?rest_route=\/wp\/v2\/posts\/976\/revisions"}],"predecessor-version":[{"id":978,"href":"https:\/\/minutocerord.com\/index.php?rest_route=\/wp\/v2\/posts\/976\/revisions\/978"}],"wp:featuredmedia":[{"embeddable":true,"href":"https:\/\/minutocerord.com\/index.php?rest_route=\/wp\/v2\/media\/977"}],"wp:attachment":[{"href":"https:\/\/minutocerord.com\/index.php?rest_route=%2Fwp%2Fv2%2Fmedia&parent=976"}],"wp:term":[{"taxonomy":"category","embeddable":true,"href":"https:\/\/minutocerord.com\/index.php?rest_route=%2Fwp%2Fv2%2Fcategories&post=976"},{"taxonomy":"post_tag","embeddable":true,"href":"https:\/\/minutocerord.com\/index.php?rest_route=%2Fwp%2Fv2%2Ftags&post=976"}],"curies":[{"name":"wp","href":"https:\/\/api.w.org\/{rel}","templated":true}]}}