{"id":979,"date":"2020-11-26T17:53:20","date_gmt":"2020-11-26T21:53:20","guid":{"rendered":"https:\/\/minutocerord.com\/?p=979"},"modified":"2020-11-26T17:53:24","modified_gmt":"2020-11-26T21:53:24","slug":"se-disparan-casos-de-covid-en-rd-reportan-1258-y-dos-fallecimientos","status":"publish","type":"post","link":"https:\/\/minutocerord.com\/?p=979","title":{"rendered":"Se disparan casos de COVID en RD; reportan 1,258 y dos fallecimientos"},"content":{"rendered":"\n<p>SANTO DOMINGO.- Los nuevos contagios por coronavirus pr\u00e1cticamente se duplicaron en las \u00faltimas 24 horas en la Rep\u00fablica Dominicana. El Ministerio de Salud P\u00fablica inform\u00f3 que en este lapso fueron notificados dos decesos y 1,258 casos nuevos, 691 m\u00e1s que el mi\u00e9rcoles, cuando fueron reportados 567.<\/p>\n\n\n\n<p>La Direcci\u00f3n General de Epidemiologia, DIGEPI, indic\u00f3 en su bolet\u00edn n\u00famero 252 que en las \u00faltimas 24 horas han sido procesadas 9,479 pruebas.<\/p>\n\n\n\n<p>El total de fallecimientos por la COVID-19 en Rep\u00fablica Dominicana es de 2,317 y el de contagios de 140,922.<\/p>\n\n\n\n<p>El 32.28% de los fallecidos sufr\u00eda de hipertensi\u00f3n y el 20.67% de diabetes.<\/p>\n\n\n\n<p><strong>Casos activos<\/strong><\/p>\n\n\n\n<p>Los casos activos totalizan 24,918, los que se han recuprados del virus 113,687 y las personas que han dado negativo muestras descartadas&nbsp;558,068.<\/p>\n\n\n\n<p>Conforme el bolet\u00edn, la positividad en las \u00faltimas cuatro semanas es de 11.52%.<\/p>\n\n\n\n<p><strong>Ocupaci\u00f3n hospitalaria<\/strong><\/p>\n\n\n\n<p>La ocupaci\u00f3n hospitalaria de camas destinadas a los pacientes de Covid-19 es de un 24%, con 685 ocupadas, de 2,865 disponibles.<\/p>\n\n\n\n<p>En las Unidades de Cuidados Intensivos, hay 181 camas ocupadas (36%), de las 502 en existencia.<\/p>\n\n\n\n<p>De las 411 camas en la secci\u00f3n de ventiladores hay 91 ocupadas (22%).<\/p>\n\n\n\n<p><strong>Cifras de contagios y muertes, por fechas<\/strong><\/p>\n\n\n\n<p>1 de Noviembre \u2013 314 casos nuevos, 1 defunci\u00f3n<\/p>\n\n\n\n<p>2 de Noviembre \u2013 259 casos nuevos, cero defunciones<\/p>\n\n\n\n<p>3 de noviembre \u2013 256 casos nuevos, cero defunciones<\/p>\n\n\n\n<p>4 de noviembre \u2013 430 casos nuevos, dos defunciones<\/p>\n\n\n\n<p>5 de noviembre \u2013 546 casos nuevos, tres defunciones<\/p>\n\n\n\n<p>6 de noviembre \u2013 476 casos nuevos, una defunci\u00f3n<\/p>\n\n\n\n<p>7 de noviembre \u2013 345 casos nuevos, dos defunciones<\/p>\n\n\n\n<p>8 de noviembre \u2013 527 casos nuevos, dos defunciones<\/p>\n\n\n\n<p>9 de noviembre \u2013 421 casos nuevos, dos defunciones<\/p>\n\n\n\n<p>10 de noviembre \u2013 528 casos nuevos, cero defunciones<\/p>\n\n\n\n<p>11 de noviembre \u2013 134 nuevos contagios, cero defunciones<\/p>\n\n\n\n<p>12 de noviembre \u2013 371 nuevos contagios, cero defunciones<\/p>\n\n\n\n<p>13 de noviembre \u2013 918 nuevos contagios, cero defunciones<\/p>\n\n\n\n<p>14 de noviembre \u2014 671 nuevos contagios, dos defunciones<\/p>\n\n\n\n<p>15 de noviembre \u2013 499 nuevos contagios, 3 defunciones<\/p>\n\n\n\n<p>16 de noviembre \u2013 479 nuevos contagios, 1 defunci\u00f3n<\/p>\n\n\n\n<p>17 de noviembre \u2013 494 nuevos contagios, cero defunciones<\/p>\n\n\n\n<p>18 de noviembre \u2013 460 nuevos contagios, cero defunciones<\/p>\n\n\n\n<p>19 de noviembre \u2013 1026 nuevos contagios, cero defunciones<\/p>\n\n\n\n<p>20 de noviembre \u2013 601 nuevos contagios, tres defunciones<\/p>\n\n\n\n<p>21 de noviembre \u2013 986 nuevos contagios, dos defunciones<\/p>\n\n\n\n<p>22 de noviembre \u2013 640 nuevos contagios, dos defunciones<\/p>\n\n\n\n<p>23 de noviembre \u2013 419 nuevos contagios, una defunci\u00f3n<\/p>\n\n\n\n<p>24 de noviembre \u2013 282 nuevos contagios, dos defunciones<\/p>\n\n\n\n<p>25 de noviembre \u2013 567 nuevos contagios, dos defunciones<\/p>\n\n\n\n<p>26 de noviembre \u2013 1,258 nuevos contagios, dos defunciones<\/p>\n","protected":false},"excerpt":{"rendered":"<p>SANTO DOMINGO.- Los nuevos contagios por coronavirus pr\u00e1cticamente se duplicaron en las \u00faltimas 24 horas en la Rep\u00fablica Dominicana. El Ministerio de Salud P\u00fablica inform\u00f3 que en este lapso fueron notificados dos decesos y 1,258 casos nuevos, 691 m\u00e1s que el mi\u00e9rcoles, cuando fueron reportados 567. La Direcci\u00f3n General de Epidemiologia, DIGEPI, indic\u00f3 en su [&hellip;]<\/p>\n","protected":false},"author":1,"featured_media":980,"comment_status":"open","ping_status":"open","sticky":false,"template":"","format":"standard","meta":{"nf_dc_page":"","jetpack_post_was_ever_published":false,"_jetpack_newsletter_access":"","_jetpack_dont_email_post_to_subs":false,"_jetpack_newsletter_tier_id":0,"_jetpack_memberships_contains_paywalled_content":false,"_jetpack_memberships_contains_paid_content":false,"footnotes":"","jetpack_publicize_message":"","jetpack_publicize_feature_enabled":true,"jetpack_social_post_already_shared":false,"jetpack_social_options":{"image_generator_settings":{"template":"highway","default_image_id":0,"font":"","enabled":false},"version":2}},"categories":[67],"tags":[],"class_list":["post-979","post","type-post","status-publish","format-standard","has-post-thumbnail","hentry","category-salud"],"yoast_head":"<!-- This site is optimized with the Yoast SEO plugin v27.5 - https:\/\/yoast.com\/product\/yoast-seo-wordpress\/ -->\n<title>Se disparan casos de COVID en RD; reportan 1,258 y dos fallecimientos - Minuto Cero RD<\/title>\n<meta name=\"robots\" content=\"index, follow, max-snippet:-1, max-image-preview:large, max-video-preview:-1\" \/>\n<link rel=\"canonical\" href=\"https:\/\/minutocerord.com\/?p=979\" \/>\n<meta property=\"og:locale\" content=\"es_ES\" \/>\n<meta property=\"og:type\" content=\"article\" \/>\n<meta property=\"og:title\" content=\"Se disparan casos de COVID en RD; reportan 1,258 y dos fallecimientos - Minuto Cero RD\" \/>\n<meta property=\"og:description\" content=\"SANTO DOMINGO.- Los nuevos contagios por coronavirus pr\u00e1cticamente se duplicaron en las \u00faltimas 24 horas en la Rep\u00fablica Dominicana. El Ministerio de Salud P\u00fablica inform\u00f3 que en este lapso fueron notificados dos decesos y 1,258 casos nuevos, 691 m\u00e1s que el mi\u00e9rcoles, cuando fueron reportados 567. La Direcci\u00f3n General de Epidemiologia, DIGEPI, indic\u00f3 en su [&hellip;]\" \/>\n<meta property=\"og:url\" content=\"https:\/\/minutocerord.com\/?p=979\" \/>\n<meta property=\"og:site_name\" content=\"Minuto Cero RD\" \/>\n<meta property=\"article:publisher\" content=\"https:\/\/www.facebook.com\/Genofnotes\" \/>\n<meta property=\"article:author\" content=\"https:\/\/www.facebook.com\/Genofnotes\" \/>\n<meta property=\"article:published_time\" content=\"2020-11-26T21:53:20+00:00\" \/>\n<meta property=\"article:modified_time\" content=\"2020-11-26T21:53:24+00:00\" \/>\n<meta property=\"og:image\" content=\"https:\/\/i0.wp.com\/minutocerord.com\/wp-content\/uploads\/2020\/11\/b.jpg?fit=512%2C253&ssl=1\" \/>\n\t<meta property=\"og:image:width\" content=\"512\" \/>\n\t<meta property=\"og:image:height\" content=\"253\" \/>\n\t<meta property=\"og:image:type\" content=\"image\/jpeg\" \/>\n<meta name=\"author\" content=\"Genof\u00f3ntes Urb\u00e1ez\" \/>\n<meta name=\"twitter:card\" content=\"summary_large_image\" \/>\n<meta name=\"twitter:label1\" content=\"Written by\" \/>\n\t<meta name=\"twitter:data1\" content=\"Genof\u00f3ntes Urb\u00e1ez\" \/>\n\t<meta name=\"twitter:label2\" content=\"Est. reading time\" \/>\n\t<meta name=\"twitter:data2\" content=\"2 minutos\" \/>\n<script type=\"application\/ld+json\" class=\"yoast-schema-graph\">{\"@context\":\"https:\\\/\\\/schema.org\",\"@graph\":[{\"@type\":\"Article\",\"@id\":\"https:\\\/\\\/minutocerord.com\\\/?p=979#article\",\"isPartOf\":{\"@id\":\"https:\\\/\\\/minutocerord.com\\\/?p=979\"},\"author\":{\"name\":\"Genof\u00f3ntes Urb\u00e1ez\",\"@id\":\"https:\\\/\\\/minutocerord.com\\\/#\\\/schema\\\/person\\\/60b5372d60aaa0a5171fb6488be9aee6\"},\"headline\":\"Se disparan casos de COVID en RD; reportan 1,258 y dos fallecimientos\",\"datePublished\":\"2020-11-26T21:53:20+00:00\",\"dateModified\":\"2020-11-26T21:53:24+00:00\",\"mainEntityOfPage\":{\"@id\":\"https:\\\/\\\/minutocerord.com\\\/?p=979\"},\"wordCount\":359,\"commentCount\":0,\"publisher\":{\"@id\":\"https:\\\/\\\/minutocerord.com\\\/#\\\/schema\\\/person\\\/60b5372d60aaa0a5171fb6488be9aee6\"},\"image\":{\"@id\":\"https:\\\/\\\/minutocerord.com\\\/?p=979#primaryimage\"},\"thumbnailUrl\":\"https:\\\/\\\/i0.wp.com\\\/minutocerord.com\\\/wp-content\\\/uploads\\\/2020\\\/11\\\/b.jpg?fit=512%2C253&ssl=1\",\"articleSection\":[\"Salud\"],\"inLanguage\":\"es-DO\",\"potentialAction\":[{\"@type\":\"CommentAction\",\"name\":\"Comment\",\"target\":[\"https:\\\/\\\/minutocerord.com\\\/?p=979#respond\"]}]},{\"@type\":\"WebPage\",\"@id\":\"https:\\\/\\\/minutocerord.com\\\/?p=979\",\"url\":\"https:\\\/\\\/minutocerord.com\\\/?p=979\",\"name\":\"Se disparan casos de COVID en RD; reportan 1,258 y dos fallecimientos - Minuto Cero RD\",\"isPartOf\":{\"@id\":\"https:\\\/\\\/minutocerord.com\\\/#website\"},\"primaryImageOfPage\":{\"@id\":\"https:\\\/\\\/minutocerord.com\\\/?p=979#primaryimage\"},\"image\":{\"@id\":\"https:\\\/\\\/minutocerord.com\\\/?p=979#primaryimage\"},\"thumbnailUrl\":\"https:\\\/\\\/i0.wp.com\\\/minutocerord.com\\\/wp-content\\\/uploads\\\/2020\\\/11\\\/b.jpg?fit=512%2C253&ssl=1\",\"datePublished\":\"2020-11-26T21:53:20+00:00\",\"dateModified\":\"2020-11-26T21:53:24+00:00\",\"breadcrumb\":{\"@id\":\"https:\\\/\\\/minutocerord.com\\\/?p=979#breadcrumb\"},\"inLanguage\":\"es-DO\",\"potentialAction\":[{\"@type\":\"ReadAction\",\"target\":[\"https:\\\/\\\/minutocerord.com\\\/?p=979\"]}]},{\"@type\":\"ImageObject\",\"inLanguage\":\"es-DO\",\"@id\":\"https:\\\/\\\/minutocerord.com\\\/?p=979#primaryimage\",\"url\":\"https:\\\/\\\/i0.wp.com\\\/minutocerord.com\\\/wp-content\\\/uploads\\\/2020\\\/11\\\/b.jpg?fit=512%2C253&ssl=1\",\"contentUrl\":\"https:\\\/\\\/i0.wp.com\\\/minutocerord.com\\\/wp-content\\\/uploads\\\/2020\\\/11\\\/b.jpg?fit=512%2C253&ssl=1\",\"width\":512,\"height\":253},{\"@type\":\"BreadcrumbList\",\"@id\":\"https:\\\/\\\/minutocerord.com\\\/?p=979#breadcrumb\",\"itemListElement\":[{\"@type\":\"ListItem\",\"position\":1,\"name\":\"Home\",\"item\":\"https:\\\/\\\/minutocerord.com\\\/\"},{\"@type\":\"ListItem\",\"position\":2,\"name\":\"Se disparan casos de COVID en RD; reportan 1,258 y dos fallecimientos\"}]},{\"@type\":\"WebSite\",\"@id\":\"https:\\\/\\\/minutocerord.com\\\/#website\",\"url\":\"https:\\\/\\\/minutocerord.com\\\/\",\"name\":\"Minuto Cero RD\",\"description\":\"Periodismo serio y veraz\",\"publisher\":{\"@id\":\"https:\\\/\\\/minutocerord.com\\\/#\\\/schema\\\/person\\\/60b5372d60aaa0a5171fb6488be9aee6\"},\"potentialAction\":[{\"@type\":\"SearchAction\",\"target\":{\"@type\":\"EntryPoint\",\"urlTemplate\":\"https:\\\/\\\/minutocerord.com\\\/?s={search_term_string}\"},\"query-input\":{\"@type\":\"PropertyValueSpecification\",\"valueRequired\":true,\"valueName\":\"search_term_string\"}}],\"inLanguage\":\"es-DO\"},{\"@type\":[\"Person\",\"Organization\"],\"@id\":\"https:\\\/\\\/minutocerord.com\\\/#\\\/schema\\\/person\\\/60b5372d60aaa0a5171fb6488be9aee6\",\"name\":\"Genof\u00f3ntes Urb\u00e1ez\",\"image\":{\"@type\":\"ImageObject\",\"inLanguage\":\"es-DO\",\"@id\":\"https:\\\/\\\/secure.gravatar.com\\\/avatar\\\/a49ef3186a692098ac3e8a1612261e3ad70cf9e44553dff2929e67939a0ecb9d?s=96&d=identicon&r=g\",\"url\":\"https:\\\/\\\/secure.gravatar.com\\\/avatar\\\/a49ef3186a692098ac3e8a1612261e3ad70cf9e44553dff2929e67939a0ecb9d?s=96&d=identicon&r=g\",\"contentUrl\":\"https:\\\/\\\/secure.gravatar.com\\\/avatar\\\/a49ef3186a692098ac3e8a1612261e3ad70cf9e44553dff2929e67939a0ecb9d?s=96&d=identicon&r=g\",\"caption\":\"Genof\u00f3ntes Urb\u00e1ez\"},\"logo\":{\"@id\":\"https:\\\/\\\/secure.gravatar.com\\\/avatar\\\/a49ef3186a692098ac3e8a1612261e3ad70cf9e44553dff2929e67939a0ecb9d?s=96&d=identicon&r=g\"},\"description\":\"Periodista \\\/ Locutor\",\"sameAs\":[\"https:\\\/\\\/www.facebook.com\\\/Genofnotes\",\"https:\\\/\\\/www.instagram.com\\\/genofnotes\\\/\"]}]}<\/script>\n<!-- \/ Yoast SEO plugin. -->","yoast_head_json":{"title":"Se disparan casos de COVID en RD; reportan 1,258 y dos fallecimientos - Minuto Cero RD","robots":{"index":"index","follow":"follow","max-snippet":"max-snippet:-1","max-image-preview":"max-image-preview:large","max-video-preview":"max-video-preview:-1"},"canonical":"https:\/\/minutocerord.com\/?p=979","og_locale":"es_ES","og_type":"article","og_title":"Se disparan casos de COVID en RD; reportan 1,258 y dos fallecimientos - Minuto Cero RD","og_description":"SANTO DOMINGO.- Los nuevos contagios por coronavirus pr\u00e1cticamente se duplicaron en las \u00faltimas 24 horas en la Rep\u00fablica Dominicana. El Ministerio de Salud P\u00fablica inform\u00f3 que en este lapso fueron notificados dos decesos y 1,258 casos nuevos, 691 m\u00e1s que el mi\u00e9rcoles, cuando fueron reportados 567. La Direcci\u00f3n General de Epidemiologia, DIGEPI, indic\u00f3 en su [&hellip;]","og_url":"https:\/\/minutocerord.com\/?p=979","og_site_name":"Minuto Cero RD","article_publisher":"https:\/\/www.facebook.com\/Genofnotes","article_author":"https:\/\/www.facebook.com\/Genofnotes","article_published_time":"2020-11-26T21:53:20+00:00","article_modified_time":"2020-11-26T21:53:24+00:00","og_image":[{"width":512,"height":253,"url":"https:\/\/i0.wp.com\/minutocerord.com\/wp-content\/uploads\/2020\/11\/b.jpg?fit=512%2C253&ssl=1","type":"image\/jpeg"}],"author":"Genof\u00f3ntes Urb\u00e1ez","twitter_card":"summary_large_image","twitter_misc":{"Written by":"Genof\u00f3ntes Urb\u00e1ez","Est. reading time":"2 minutos"},"schema":{"@context":"https:\/\/schema.org","@graph":[{"@type":"Article","@id":"https:\/\/minutocerord.com\/?p=979#article","isPartOf":{"@id":"https:\/\/minutocerord.com\/?p=979"},"author":{"name":"Genof\u00f3ntes Urb\u00e1ez","@id":"https:\/\/minutocerord.com\/#\/schema\/person\/60b5372d60aaa0a5171fb6488be9aee6"},"headline":"Se disparan casos de COVID en RD; reportan 1,258 y dos fallecimientos","datePublished":"2020-11-26T21:53:20+00:00","dateModified":"2020-11-26T21:53:24+00:00","mainEntityOfPage":{"@id":"https:\/\/minutocerord.com\/?p=979"},"wordCount":359,"commentCount":0,"publisher":{"@id":"https:\/\/minutocerord.com\/#\/schema\/person\/60b5372d60aaa0a5171fb6488be9aee6"},"image":{"@id":"https:\/\/minutocerord.com\/?p=979#primaryimage"},"thumbnailUrl":"https:\/\/i0.wp.com\/minutocerord.com\/wp-content\/uploads\/2020\/11\/b.jpg?fit=512%2C253&ssl=1","articleSection":["Salud"],"inLanguage":"es-DO","potentialAction":[{"@type":"CommentAction","name":"Comment","target":["https:\/\/minutocerord.com\/?p=979#respond"]}]},{"@type":"WebPage","@id":"https:\/\/minutocerord.com\/?p=979","url":"https:\/\/minutocerord.com\/?p=979","name":"Se disparan casos de COVID en RD; reportan 1,258 y dos fallecimientos - Minuto Cero RD","isPartOf":{"@id":"https:\/\/minutocerord.com\/#website"},"primaryImageOfPage":{"@id":"https:\/\/minutocerord.com\/?p=979#primaryimage"},"image":{"@id":"https:\/\/minutocerord.com\/?p=979#primaryimage"},"thumbnailUrl":"https:\/\/i0.wp.com\/minutocerord.com\/wp-content\/uploads\/2020\/11\/b.jpg?fit=512%2C253&ssl=1","datePublished":"2020-11-26T21:53:20+00:00","dateModified":"2020-11-26T21:53:24+00:00","breadcrumb":{"@id":"https:\/\/minutocerord.com\/?p=979#breadcrumb"},"inLanguage":"es-DO","potentialAction":[{"@type":"ReadAction","target":["https:\/\/minutocerord.com\/?p=979"]}]},{"@type":"ImageObject","inLanguage":"es-DO","@id":"https:\/\/minutocerord.com\/?p=979#primaryimage","url":"https:\/\/i0.wp.com\/minutocerord.com\/wp-content\/uploads\/2020\/11\/b.jpg?fit=512%2C253&ssl=1","contentUrl":"https:\/\/i0.wp.com\/minutocerord.com\/wp-content\/uploads\/2020\/11\/b.jpg?fit=512%2C253&ssl=1","width":512,"height":253},{"@type":"BreadcrumbList","@id":"https:\/\/minutocerord.com\/?p=979#breadcrumb","itemListElement":[{"@type":"ListItem","position":1,"name":"Home","item":"https:\/\/minutocerord.com\/"},{"@type":"ListItem","position":2,"name":"Se disparan casos de COVID en RD; reportan 1,258 y dos fallecimientos"}]},{"@type":"WebSite","@id":"https:\/\/minutocerord.com\/#website","url":"https:\/\/minutocerord.com\/","name":"Minuto Cero RD","description":"Periodismo serio y veraz","publisher":{"@id":"https:\/\/minutocerord.com\/#\/schema\/person\/60b5372d60aaa0a5171fb6488be9aee6"},"potentialAction":[{"@type":"SearchAction","target":{"@type":"EntryPoint","urlTemplate":"https:\/\/minutocerord.com\/?s={search_term_string}"},"query-input":{"@type":"PropertyValueSpecification","valueRequired":true,"valueName":"search_term_string"}}],"inLanguage":"es-DO"},{"@type":["Person","Organization"],"@id":"https:\/\/minutocerord.com\/#\/schema\/person\/60b5372d60aaa0a5171fb6488be9aee6","name":"Genof\u00f3ntes Urb\u00e1ez","image":{"@type":"ImageObject","inLanguage":"es-DO","@id":"https:\/\/secure.gravatar.com\/avatar\/a49ef3186a692098ac3e8a1612261e3ad70cf9e44553dff2929e67939a0ecb9d?s=96&d=identicon&r=g","url":"https:\/\/secure.gravatar.com\/avatar\/a49ef3186a692098ac3e8a1612261e3ad70cf9e44553dff2929e67939a0ecb9d?s=96&d=identicon&r=g","contentUrl":"https:\/\/secure.gravatar.com\/avatar\/a49ef3186a692098ac3e8a1612261e3ad70cf9e44553dff2929e67939a0ecb9d?s=96&d=identicon&r=g","caption":"Genof\u00f3ntes Urb\u00e1ez"},"logo":{"@id":"https:\/\/secure.gravatar.com\/avatar\/a49ef3186a692098ac3e8a1612261e3ad70cf9e44553dff2929e67939a0ecb9d?s=96&d=identicon&r=g"},"description":"Periodista \/ Locutor","sameAs":["https:\/\/www.facebook.com\/Genofnotes","https:\/\/www.instagram.com\/genofnotes\/"]}]}},"jetpack_publicize_connections":[],"jetpack_featured_media_url":"https:\/\/i0.wp.com\/minutocerord.com\/wp-content\/uploads\/2020\/11\/b.jpg?fit=512%2C253&ssl=1","jetpack-related-posts":[],"jetpack_sharing_enabled":true,"_links":{"self":[{"href":"https:\/\/minutocerord.com\/index.php?rest_route=\/wp\/v2\/posts\/979","targetHints":{"allow":["GET"]}}],"collection":[{"href":"https:\/\/minutocerord.com\/index.php?rest_route=\/wp\/v2\/posts"}],"about":[{"href":"https:\/\/minutocerord.com\/index.php?rest_route=\/wp\/v2\/types\/post"}],"author":[{"embeddable":true,"href":"https:\/\/minutocerord.com\/index.php?rest_route=\/wp\/v2\/users\/1"}],"replies":[{"embeddable":true,"href":"https:\/\/minutocerord.com\/index.php?rest_route=%2Fwp%2Fv2%2Fcomments&post=979"}],"version-history":[{"count":1,"href":"https:\/\/minutocerord.com\/index.php?rest_route=\/wp\/v2\/posts\/979\/revisions"}],"predecessor-version":[{"id":981,"href":"https:\/\/minutocerord.com\/index.php?rest_route=\/wp\/v2\/posts\/979\/revisions\/981"}],"wp:featuredmedia":[{"embeddable":true,"href":"https:\/\/minutocerord.com\/index.php?rest_route=\/wp\/v2\/media\/980"}],"wp:attachment":[{"href":"https:\/\/minutocerord.com\/index.php?rest_route=%2Fwp%2Fv2%2Fmedia&parent=979"}],"wp:term":[{"taxonomy":"category","embeddable":true,"href":"https:\/\/minutocerord.com\/index.php?rest_route=%2Fwp%2Fv2%2Fcategories&post=979"},{"taxonomy":"post_tag","embeddable":true,"href":"https:\/\/minutocerord.com\/index.php?rest_route=%2Fwp%2Fv2%2Ftags&post=979"}],"curies":[{"name":"wp","href":"https:\/\/api.w.org\/{rel}","templated":true}]}}