{"id":988,"date":"2020-11-26T21:17:59","date_gmt":"2020-11-27T01:17:59","guid":{"rendered":"https:\/\/minutocerord.com\/?p=988"},"modified":"2020-11-26T21:18:03","modified_gmt":"2020-11-27T01:18:03","slug":"ny-zonas-donde-viven-dominicanos-quedan-bajo-restricciones-por-covid","status":"publish","type":"post","link":"https:\/\/minutocerord.com\/?p=988","title":{"rendered":"NY: Zonas donde viven dominicanos quedan bajo restricciones por COVID"},"content":{"rendered":"\n<p>NUEVA YORK.- Nuevas restricciones comenzaron este mi\u00e9rcoles en zonas de esta ciudad donde han aumentado los pacientes de COVID-19, entre ellas Washington Heights, donde reside una gran cantidad de dominicanos.<\/p>\n\n\n\n<p>Las restricciones amarillas y naranjas afectan comercios de docenas de inmigrantes quisqueyanos, en su mayor\u00eda restaurantes de distintos sectores los cuales deben cerrar a las 10:00 de la noche.<\/p>\n\n\n\n<p>El Alto Manhattan, Riverhead, Hampton Bays, Great Neck y Massapequa Park han sido declarados en alerta amarilla\u201d mientras que Staten Island y Syracuse ahora son \u201czonas naranjas\u201d.<\/p>\n\n\n\n<p>El gobernador Andrew Cuomo ha reabierto un hospital de campa\u00f1a de emergencia en Staten Island, en anticipo de otro aumento en la tasa de infecci\u00f3n.<\/p>\n\n\n\n<p>Westchester y el condado Orange tambi\u00e9n est\u00e1n en alerta. Si las cifras no bajan, cada condado podr\u00eda ver que sus comunidades asumen c\u00f3digo anaranjado o rojo.<\/p>\n\n\n\n<p>En la alerta \u201croja\u201d se cierran todos los negocios no esenciales.<\/p>\n\n\n\n<p>La ola de nuevas restricciones se produce cuando las hospitalizaciones relacionadas con el virus en Nueva York han aumentado de 1,227 a 2,724 en las \u00faltimas tres semanas. En su trayectoria actual, Cuomo cree que el n\u00famero podr\u00eda llegar a 6,047 en tres semanas.<\/p>\n\n\n\n<p>La preocupaci\u00f3n aumenta por los venideros \u201c37 d\u00edas de socializaci\u00f3n\u201d, per\u00edodo de varias semanas de fiestas y reuniones familiares que podr\u00eda hacer que los n\u00fameros de contagio se salgan de control.<\/p>\n\n\n\n<p>Desde que empez\u00f3 la pandemia, Nueva York ha sido el estado m\u00e1s afectado por desempleo y muertes en EE.UU., sumando al momento 34,305 muertes confirmadas entre casi 646 mil contagios, la mayor\u00eda en la Gran Manzana.<\/p>\n","protected":false},"excerpt":{"rendered":"<p>NUEVA YORK.- Nuevas restricciones comenzaron este mi\u00e9rcoles en zonas de esta ciudad donde han aumentado los pacientes de COVID-19, entre ellas Washington Heights, donde reside una gran cantidad de dominicanos. Las restricciones amarillas y naranjas afectan comercios de docenas de inmigrantes quisqueyanos, en su mayor\u00eda restaurantes de distintos sectores los cuales deben cerrar a las [&hellip;]<\/p>\n","protected":false},"author":1,"featured_media":989,"comment_status":"open","ping_status":"open","sticky":false,"template":"","format":"standard","meta":{"nf_dc_page":"","jetpack_post_was_ever_published":false,"_jetpack_newsletter_access":"","_jetpack_dont_email_post_to_subs":false,"_jetpack_newsletter_tier_id":0,"_jetpack_memberships_contains_paywalled_content":false,"_jetpack_memberships_contains_paid_content":false,"footnotes":"","jetpack_publicize_message":"","jetpack_publicize_feature_enabled":true,"jetpack_social_post_already_shared":false,"jetpack_social_options":{"image_generator_settings":{"template":"highway","default_image_id":0,"font":"","enabled":false},"version":2}},"categories":[82],"tags":[],"class_list":["post-988","post","type-post","status-publish","format-standard","has-post-thumbnail","hentry","category-new-york"],"yoast_head":"<!-- This site is optimized with the Yoast SEO plugin v27.5 - https:\/\/yoast.com\/product\/yoast-seo-wordpress\/ -->\n<title>NY: Zonas donde viven dominicanos quedan bajo restricciones por COVID - Minuto Cero RD<\/title>\n<meta name=\"robots\" content=\"index, follow, max-snippet:-1, max-image-preview:large, max-video-preview:-1\" \/>\n<link rel=\"canonical\" href=\"http:\/\/minutocerord.com\/?p=988\" \/>\n<meta property=\"og:locale\" content=\"es_ES\" \/>\n<meta property=\"og:type\" content=\"article\" \/>\n<meta property=\"og:title\" content=\"NY: Zonas donde viven dominicanos quedan bajo restricciones por COVID - Minuto Cero RD\" \/>\n<meta property=\"og:description\" content=\"NUEVA YORK.- Nuevas restricciones comenzaron este mi\u00e9rcoles en zonas de esta ciudad donde han aumentado los pacientes de COVID-19, entre ellas Washington Heights, donde reside una gran cantidad de dominicanos. Las restricciones amarillas y naranjas afectan comercios de docenas de inmigrantes quisqueyanos, en su mayor\u00eda restaurantes de distintos sectores los cuales deben cerrar a las [&hellip;]\" \/>\n<meta property=\"og:url\" content=\"http:\/\/minutocerord.com\/?p=988\" \/>\n<meta property=\"og:site_name\" content=\"Minuto Cero RD\" \/>\n<meta property=\"article:publisher\" content=\"https:\/\/www.facebook.com\/Genofnotes\" \/>\n<meta property=\"article:author\" content=\"https:\/\/www.facebook.com\/Genofnotes\" \/>\n<meta property=\"article:published_time\" content=\"2020-11-27T01:17:59+00:00\" \/>\n<meta property=\"article:modified_time\" content=\"2020-11-27T01:18:03+00:00\" \/>\n<meta property=\"og:image\" content=\"https:\/\/i0.wp.com\/minutocerord.com\/wp-content\/uploads\/2020\/11\/es_coronavirus_wahireax0317201113474193929png.jpg?fit=1280%2C720\" \/>\n\t<meta property=\"og:image:width\" content=\"1280\" \/>\n\t<meta property=\"og:image:height\" content=\"720\" \/>\n\t<meta property=\"og:image:type\" content=\"image\/jpeg\" \/>\n<meta name=\"author\" content=\"Genof\u00f3ntes Urb\u00e1ez\" \/>\n<meta name=\"twitter:card\" content=\"summary_large_image\" \/>\n<meta name=\"twitter:label1\" content=\"Written by\" \/>\n\t<meta name=\"twitter:data1\" content=\"Genof\u00f3ntes Urb\u00e1ez\" \/>\n\t<meta name=\"twitter:label2\" content=\"Est. reading time\" \/>\n\t<meta name=\"twitter:data2\" content=\"1 minuto\" \/>\n<script type=\"application\/ld+json\" class=\"yoast-schema-graph\">{\"@context\":\"https:\\\/\\\/schema.org\",\"@graph\":[{\"@type\":\"Article\",\"@id\":\"http:\\\/\\\/minutocerord.com\\\/?p=988#article\",\"isPartOf\":{\"@id\":\"http:\\\/\\\/minutocerord.com\\\/?p=988\"},\"author\":{\"name\":\"Genof\u00f3ntes Urb\u00e1ez\",\"@id\":\"https:\\\/\\\/minutocerord.com\\\/#\\\/schema\\\/person\\\/60b5372d60aaa0a5171fb6488be9aee6\"},\"headline\":\"NY: Zonas donde viven dominicanos quedan bajo restricciones por COVID\",\"datePublished\":\"2020-11-27T01:17:59+00:00\",\"dateModified\":\"2020-11-27T01:18:03+00:00\",\"mainEntityOfPage\":{\"@id\":\"http:\\\/\\\/minutocerord.com\\\/?p=988\"},\"wordCount\":282,\"commentCount\":0,\"publisher\":{\"@id\":\"https:\\\/\\\/minutocerord.com\\\/#\\\/schema\\\/person\\\/60b5372d60aaa0a5171fb6488be9aee6\"},\"image\":{\"@id\":\"http:\\\/\\\/minutocerord.com\\\/?p=988#primaryimage\"},\"thumbnailUrl\":\"https:\\\/\\\/i0.wp.com\\\/minutocerord.com\\\/wp-content\\\/uploads\\\/2020\\\/11\\\/es_coronavirus_wahireax0317201113474193929png.jpg?fit=1280%2C720&ssl=1\",\"articleSection\":[\"New York\"],\"inLanguage\":\"es-DO\",\"potentialAction\":[{\"@type\":\"CommentAction\",\"name\":\"Comment\",\"target\":[\"http:\\\/\\\/minutocerord.com\\\/?p=988#respond\"]}]},{\"@type\":\"WebPage\",\"@id\":\"http:\\\/\\\/minutocerord.com\\\/?p=988\",\"url\":\"http:\\\/\\\/minutocerord.com\\\/?p=988\",\"name\":\"NY: Zonas donde viven dominicanos quedan bajo restricciones por COVID - Minuto Cero RD\",\"isPartOf\":{\"@id\":\"https:\\\/\\\/minutocerord.com\\\/#website\"},\"primaryImageOfPage\":{\"@id\":\"http:\\\/\\\/minutocerord.com\\\/?p=988#primaryimage\"},\"image\":{\"@id\":\"http:\\\/\\\/minutocerord.com\\\/?p=988#primaryimage\"},\"thumbnailUrl\":\"https:\\\/\\\/i0.wp.com\\\/minutocerord.com\\\/wp-content\\\/uploads\\\/2020\\\/11\\\/es_coronavirus_wahireax0317201113474193929png.jpg?fit=1280%2C720&ssl=1\",\"datePublished\":\"2020-11-27T01:17:59+00:00\",\"dateModified\":\"2020-11-27T01:18:03+00:00\",\"breadcrumb\":{\"@id\":\"http:\\\/\\\/minutocerord.com\\\/?p=988#breadcrumb\"},\"inLanguage\":\"es-DO\",\"potentialAction\":[{\"@type\":\"ReadAction\",\"target\":[\"http:\\\/\\\/minutocerord.com\\\/?p=988\"]}]},{\"@type\":\"ImageObject\",\"inLanguage\":\"es-DO\",\"@id\":\"http:\\\/\\\/minutocerord.com\\\/?p=988#primaryimage\",\"url\":\"https:\\\/\\\/i0.wp.com\\\/minutocerord.com\\\/wp-content\\\/uploads\\\/2020\\\/11\\\/es_coronavirus_wahireax0317201113474193929png.jpg?fit=1280%2C720&ssl=1\",\"contentUrl\":\"https:\\\/\\\/i0.wp.com\\\/minutocerord.com\\\/wp-content\\\/uploads\\\/2020\\\/11\\\/es_coronavirus_wahireax0317201113474193929png.jpg?fit=1280%2C720&ssl=1\",\"width\":1280,\"height\":720},{\"@type\":\"BreadcrumbList\",\"@id\":\"http:\\\/\\\/minutocerord.com\\\/?p=988#breadcrumb\",\"itemListElement\":[{\"@type\":\"ListItem\",\"position\":1,\"name\":\"Home\",\"item\":\"https:\\\/\\\/minutocerord.com\\\/\"},{\"@type\":\"ListItem\",\"position\":2,\"name\":\"NY: Zonas donde viven dominicanos quedan bajo restricciones por COVID\"}]},{\"@type\":\"WebSite\",\"@id\":\"https:\\\/\\\/minutocerord.com\\\/#website\",\"url\":\"https:\\\/\\\/minutocerord.com\\\/\",\"name\":\"Minuto Cero RD\",\"description\":\"Periodismo serio y veraz\",\"publisher\":{\"@id\":\"https:\\\/\\\/minutocerord.com\\\/#\\\/schema\\\/person\\\/60b5372d60aaa0a5171fb6488be9aee6\"},\"potentialAction\":[{\"@type\":\"SearchAction\",\"target\":{\"@type\":\"EntryPoint\",\"urlTemplate\":\"https:\\\/\\\/minutocerord.com\\\/?s={search_term_string}\"},\"query-input\":{\"@type\":\"PropertyValueSpecification\",\"valueRequired\":true,\"valueName\":\"search_term_string\"}}],\"inLanguage\":\"es-DO\"},{\"@type\":[\"Person\",\"Organization\"],\"@id\":\"https:\\\/\\\/minutocerord.com\\\/#\\\/schema\\\/person\\\/60b5372d60aaa0a5171fb6488be9aee6\",\"name\":\"Genof\u00f3ntes Urb\u00e1ez\",\"image\":{\"@type\":\"ImageObject\",\"inLanguage\":\"es-DO\",\"@id\":\"https:\\\/\\\/secure.gravatar.com\\\/avatar\\\/a49ef3186a692098ac3e8a1612261e3ad70cf9e44553dff2929e67939a0ecb9d?s=96&d=identicon&r=g\",\"url\":\"https:\\\/\\\/secure.gravatar.com\\\/avatar\\\/a49ef3186a692098ac3e8a1612261e3ad70cf9e44553dff2929e67939a0ecb9d?s=96&d=identicon&r=g\",\"contentUrl\":\"https:\\\/\\\/secure.gravatar.com\\\/avatar\\\/a49ef3186a692098ac3e8a1612261e3ad70cf9e44553dff2929e67939a0ecb9d?s=96&d=identicon&r=g\",\"caption\":\"Genof\u00f3ntes Urb\u00e1ez\"},\"logo\":{\"@id\":\"https:\\\/\\\/secure.gravatar.com\\\/avatar\\\/a49ef3186a692098ac3e8a1612261e3ad70cf9e44553dff2929e67939a0ecb9d?s=96&d=identicon&r=g\"},\"description\":\"Periodista \\\/ Locutor\",\"sameAs\":[\"https:\\\/\\\/www.facebook.com\\\/Genofnotes\",\"https:\\\/\\\/www.instagram.com\\\/genofnotes\\\/\"]}]}<\/script>\n<!-- \/ Yoast SEO plugin. -->","yoast_head_json":{"title":"NY: Zonas donde viven dominicanos quedan bajo restricciones por COVID - Minuto Cero RD","robots":{"index":"index","follow":"follow","max-snippet":"max-snippet:-1","max-image-preview":"max-image-preview:large","max-video-preview":"max-video-preview:-1"},"canonical":"http:\/\/minutocerord.com\/?p=988","og_locale":"es_ES","og_type":"article","og_title":"NY: Zonas donde viven dominicanos quedan bajo restricciones por COVID - Minuto Cero RD","og_description":"NUEVA YORK.- Nuevas restricciones comenzaron este mi\u00e9rcoles en zonas de esta ciudad donde han aumentado los pacientes de COVID-19, entre ellas Washington Heights, donde reside una gran cantidad de dominicanos. Las restricciones amarillas y naranjas afectan comercios de docenas de inmigrantes quisqueyanos, en su mayor\u00eda restaurantes de distintos sectores los cuales deben cerrar a las [&hellip;]","og_url":"http:\/\/minutocerord.com\/?p=988","og_site_name":"Minuto Cero RD","article_publisher":"https:\/\/www.facebook.com\/Genofnotes","article_author":"https:\/\/www.facebook.com\/Genofnotes","article_published_time":"2020-11-27T01:17:59+00:00","article_modified_time":"2020-11-27T01:18:03+00:00","og_image":[{"width":1280,"height":720,"url":"https:\/\/i0.wp.com\/minutocerord.com\/wp-content\/uploads\/2020\/11\/es_coronavirus_wahireax0317201113474193929png.jpg?fit=1280%2C720","type":"image\/jpeg"}],"author":"Genof\u00f3ntes Urb\u00e1ez","twitter_card":"summary_large_image","twitter_misc":{"Written by":"Genof\u00f3ntes Urb\u00e1ez","Est. reading time":"1 minuto"},"schema":{"@context":"https:\/\/schema.org","@graph":[{"@type":"Article","@id":"http:\/\/minutocerord.com\/?p=988#article","isPartOf":{"@id":"http:\/\/minutocerord.com\/?p=988"},"author":{"name":"Genof\u00f3ntes Urb\u00e1ez","@id":"https:\/\/minutocerord.com\/#\/schema\/person\/60b5372d60aaa0a5171fb6488be9aee6"},"headline":"NY: Zonas donde viven dominicanos quedan bajo restricciones por COVID","datePublished":"2020-11-27T01:17:59+00:00","dateModified":"2020-11-27T01:18:03+00:00","mainEntityOfPage":{"@id":"http:\/\/minutocerord.com\/?p=988"},"wordCount":282,"commentCount":0,"publisher":{"@id":"https:\/\/minutocerord.com\/#\/schema\/person\/60b5372d60aaa0a5171fb6488be9aee6"},"image":{"@id":"http:\/\/minutocerord.com\/?p=988#primaryimage"},"thumbnailUrl":"https:\/\/i0.wp.com\/minutocerord.com\/wp-content\/uploads\/2020\/11\/es_coronavirus_wahireax0317201113474193929png.jpg?fit=1280%2C720&ssl=1","articleSection":["New York"],"inLanguage":"es-DO","potentialAction":[{"@type":"CommentAction","name":"Comment","target":["http:\/\/minutocerord.com\/?p=988#respond"]}]},{"@type":"WebPage","@id":"http:\/\/minutocerord.com\/?p=988","url":"http:\/\/minutocerord.com\/?p=988","name":"NY: Zonas donde viven dominicanos quedan bajo restricciones por COVID - Minuto Cero RD","isPartOf":{"@id":"https:\/\/minutocerord.com\/#website"},"primaryImageOfPage":{"@id":"http:\/\/minutocerord.com\/?p=988#primaryimage"},"image":{"@id":"http:\/\/minutocerord.com\/?p=988#primaryimage"},"thumbnailUrl":"https:\/\/i0.wp.com\/minutocerord.com\/wp-content\/uploads\/2020\/11\/es_coronavirus_wahireax0317201113474193929png.jpg?fit=1280%2C720&ssl=1","datePublished":"2020-11-27T01:17:59+00:00","dateModified":"2020-11-27T01:18:03+00:00","breadcrumb":{"@id":"http:\/\/minutocerord.com\/?p=988#breadcrumb"},"inLanguage":"es-DO","potentialAction":[{"@type":"ReadAction","target":["http:\/\/minutocerord.com\/?p=988"]}]},{"@type":"ImageObject","inLanguage":"es-DO","@id":"http:\/\/minutocerord.com\/?p=988#primaryimage","url":"https:\/\/i0.wp.com\/minutocerord.com\/wp-content\/uploads\/2020\/11\/es_coronavirus_wahireax0317201113474193929png.jpg?fit=1280%2C720&ssl=1","contentUrl":"https:\/\/i0.wp.com\/minutocerord.com\/wp-content\/uploads\/2020\/11\/es_coronavirus_wahireax0317201113474193929png.jpg?fit=1280%2C720&ssl=1","width":1280,"height":720},{"@type":"BreadcrumbList","@id":"http:\/\/minutocerord.com\/?p=988#breadcrumb","itemListElement":[{"@type":"ListItem","position":1,"name":"Home","item":"https:\/\/minutocerord.com\/"},{"@type":"ListItem","position":2,"name":"NY: Zonas donde viven dominicanos quedan bajo restricciones por COVID"}]},{"@type":"WebSite","@id":"https:\/\/minutocerord.com\/#website","url":"https:\/\/minutocerord.com\/","name":"Minuto Cero RD","description":"Periodismo serio y veraz","publisher":{"@id":"https:\/\/minutocerord.com\/#\/schema\/person\/60b5372d60aaa0a5171fb6488be9aee6"},"potentialAction":[{"@type":"SearchAction","target":{"@type":"EntryPoint","urlTemplate":"https:\/\/minutocerord.com\/?s={search_term_string}"},"query-input":{"@type":"PropertyValueSpecification","valueRequired":true,"valueName":"search_term_string"}}],"inLanguage":"es-DO"},{"@type":["Person","Organization"],"@id":"https:\/\/minutocerord.com\/#\/schema\/person\/60b5372d60aaa0a5171fb6488be9aee6","name":"Genof\u00f3ntes Urb\u00e1ez","image":{"@type":"ImageObject","inLanguage":"es-DO","@id":"https:\/\/secure.gravatar.com\/avatar\/a49ef3186a692098ac3e8a1612261e3ad70cf9e44553dff2929e67939a0ecb9d?s=96&d=identicon&r=g","url":"https:\/\/secure.gravatar.com\/avatar\/a49ef3186a692098ac3e8a1612261e3ad70cf9e44553dff2929e67939a0ecb9d?s=96&d=identicon&r=g","contentUrl":"https:\/\/secure.gravatar.com\/avatar\/a49ef3186a692098ac3e8a1612261e3ad70cf9e44553dff2929e67939a0ecb9d?s=96&d=identicon&r=g","caption":"Genof\u00f3ntes Urb\u00e1ez"},"logo":{"@id":"https:\/\/secure.gravatar.com\/avatar\/a49ef3186a692098ac3e8a1612261e3ad70cf9e44553dff2929e67939a0ecb9d?s=96&d=identicon&r=g"},"description":"Periodista \/ Locutor","sameAs":["https:\/\/www.facebook.com\/Genofnotes","https:\/\/www.instagram.com\/genofnotes\/"]}]}},"jetpack_publicize_connections":[],"jetpack_featured_media_url":"https:\/\/i0.wp.com\/minutocerord.com\/wp-content\/uploads\/2020\/11\/es_coronavirus_wahireax0317201113474193929png.jpg?fit=1280%2C720&ssl=1","jetpack-related-posts":[],"jetpack_sharing_enabled":true,"_links":{"self":[{"href":"https:\/\/minutocerord.com\/index.php?rest_route=\/wp\/v2\/posts\/988","targetHints":{"allow":["GET"]}}],"collection":[{"href":"https:\/\/minutocerord.com\/index.php?rest_route=\/wp\/v2\/posts"}],"about":[{"href":"https:\/\/minutocerord.com\/index.php?rest_route=\/wp\/v2\/types\/post"}],"author":[{"embeddable":true,"href":"https:\/\/minutocerord.com\/index.php?rest_route=\/wp\/v2\/users\/1"}],"replies":[{"embeddable":true,"href":"https:\/\/minutocerord.com\/index.php?rest_route=%2Fwp%2Fv2%2Fcomments&post=988"}],"version-history":[{"count":1,"href":"https:\/\/minutocerord.com\/index.php?rest_route=\/wp\/v2\/posts\/988\/revisions"}],"predecessor-version":[{"id":990,"href":"https:\/\/minutocerord.com\/index.php?rest_route=\/wp\/v2\/posts\/988\/revisions\/990"}],"wp:featuredmedia":[{"embeddable":true,"href":"https:\/\/minutocerord.com\/index.php?rest_route=\/wp\/v2\/media\/989"}],"wp:attachment":[{"href":"https:\/\/minutocerord.com\/index.php?rest_route=%2Fwp%2Fv2%2Fmedia&parent=988"}],"wp:term":[{"taxonomy":"category","embeddable":true,"href":"https:\/\/minutocerord.com\/index.php?rest_route=%2Fwp%2Fv2%2Fcategories&post=988"},{"taxonomy":"post_tag","embeddable":true,"href":"https:\/\/minutocerord.com\/index.php?rest_route=%2Fwp%2Fv2%2Ftags&post=988"}],"curies":[{"name":"wp","href":"https:\/\/api.w.org\/{rel}","templated":true}]}}