{"id":994,"date":"2020-11-26T21:30:13","date_gmt":"2020-11-27T01:30:13","guid":{"rendered":"https:\/\/minutocerord.com\/?p=994"},"modified":"2020-11-26T21:32:43","modified_gmt":"2020-11-27T01:32:43","slug":"ministerio-publico-solicita-prision-preventiva-contra-julio-clemente","status":"publish","type":"post","link":"https:\/\/minutocerord.com\/?p=994","title":{"rendered":"Ministerio P\u00fablico solicita prisi\u00f3n preventiva contra Julio Clemente"},"content":{"rendered":"\n<p>SANTO DOMINGO.- La Fiscal\u00eda del Distrito Nacional solicit\u00f3 prisi\u00f3n preventiva, como medida de coerci\u00f3n, contra Clemente B\u00e1ez Do\u00f1\u00e9 (Julio Clemente), imputado por supuestamente amenazar de muerte a una expareja.<\/p>\n\n\n\n<p>El Ministerio P\u00fablico hizo la solicitud tras obtener pruebas sobre la amenaza de muerte que recibi\u00f3 la mujer por parte del imputado el pasado lunes 23 de noviembre, seg\u00fan la fiscal actuante en el caso. La v\u00edctima se querell\u00f3 ante la Unidad de Atenci\u00f3n Integral a la Violencia de G\u00e9nero contra B\u00e1ez Do\u00f1\u00e9, luego de conversar con un amigo a quien llam\u00f3 asustada por la v\u00eda telef\u00f3nica.<\/p>\n\n\n\n<p>El expediente explica que, desde el pasado mes de julio, la Fiscal\u00eda del Distrito Nacional estaba apoderada de una denuncia interpuesta por B\u00e1ez Do\u00f1\u00e9, quien acus\u00f3 a su expareja de presentarse a su lugar de trabajo.<\/p>\n\n\n\n<p>Una vez all\u00ed, la mujer procedi\u00f3 a rayar el veh\u00edculo y a ponchar los dos neum\u00e1ticos del lado derecho, seg\u00fan indic\u00f3 B\u00e1ez Do\u00f1\u00e9. En ese momento el ahora imputado aport\u00f3 un video que result\u00f3 insuficiente para evidenciar que la se\u00f1ora cometi\u00f3 el hecho.<\/p>\n\n\n\n<p>Por el momento, el Ministerio P\u00fablico le ha otorgado al presente hecho la calificaci\u00f3n jur\u00eddica de violaci\u00f3n a los art\u00edculos 309-1, 309-2, 309 literal E, del C\u00f3digo Penal Dominicano, modificado por la Ley 24\/97, sobre Violencia de G\u00e9nero e Intrafamiliar, y la Ley 53-07 sobre Delitos Electr\u00f3nicos.<\/p>\n\n\n\n<p>La Fiscal\u00eda del Distrito Nacional aporta, entre las pruebas que sustentan la solicitud de medida de coerci\u00f3n, testimonios de familiares y amigos de la mujer, as\u00ed como los informes de riesgo y emocional expedidos por dos psic\u00f3logas del Instituto Nacional de Ciencias Forenses (Inacif).<\/p>\n\n\n\n<p>La v\u00edctima denunci\u00f3 otros abusos que tambi\u00e9n est\u00e1n bajo investigaci\u00f3n.<\/p>\n\n\n\n<p>El Ministerio P\u00fablico sostiene que B\u00e1ez Do\u00f1\u00e9 no ofrece garant\u00eda para presentarse a los actos del procedimiento, en raz\u00f3n de que carece del arraigo suficiente para descartar el peligro de fuga, m\u00e1xime cuando ha sido sometido a la justicia con anterioridad.<\/p>\n\n\n\n<p>En ese sentido, el Ministerio P\u00fablico detall\u00f3 que ha evaluado la medida de coerci\u00f3n m\u00e1s id\u00f3nea para garantizar la presencia del imputado en el proceso. Por ello, solicita la imposici\u00f3n de la medida establecida en el art\u00edculo 226 numeral 7 del C\u00f3digo Procesal Penal Dominicano, consistente en prisi\u00f3n preventiva.<\/p>\n","protected":false},"excerpt":{"rendered":"<p>SANTO DOMINGO.- La Fiscal\u00eda del Distrito Nacional solicit\u00f3 prisi\u00f3n preventiva, como medida de coerci\u00f3n, contra Clemente B\u00e1ez Do\u00f1\u00e9 (Julio Clemente), imputado por supuestamente amenazar de muerte a una expareja. El Ministerio P\u00fablico hizo la solicitud tras obtener pruebas sobre la amenaza de muerte que recibi\u00f3 la mujer por parte del imputado el pasado lunes 23 [&hellip;]<\/p>\n","protected":false},"author":1,"featured_media":995,"comment_status":"open","ping_status":"open","sticky":false,"template":"","format":"standard","meta":{"nf_dc_page":"","jetpack_post_was_ever_published":false,"_jetpack_newsletter_access":"","_jetpack_dont_email_post_to_subs":false,"_jetpack_newsletter_tier_id":0,"_jetpack_memberships_contains_paywalled_content":false,"_jetpack_memberships_contains_paid_content":false,"footnotes":"","jetpack_publicize_message":"","jetpack_publicize_feature_enabled":true,"jetpack_social_post_already_shared":false,"jetpack_social_options":{"image_generator_settings":{"template":"highway","default_image_id":0,"font":"","enabled":false},"version":2}},"categories":[68],"tags":[],"class_list":["post-994","post","type-post","status-publish","format-standard","has-post-thumbnail","hentry","category-entretenimiento"],"yoast_head":"<!-- This site is optimized with the Yoast SEO plugin v27.5 - https:\/\/yoast.com\/product\/yoast-seo-wordpress\/ -->\n<title>Ministerio P\u00fablico solicita prisi\u00f3n preventiva contra Julio Clemente - Minuto Cero RD<\/title>\n<meta name=\"robots\" content=\"index, follow, max-snippet:-1, max-image-preview:large, max-video-preview:-1\" \/>\n<link rel=\"canonical\" href=\"http:\/\/minutocerord.com\/?p=994\" \/>\n<meta property=\"og:locale\" content=\"es_ES\" \/>\n<meta property=\"og:type\" content=\"article\" \/>\n<meta property=\"og:title\" content=\"Ministerio P\u00fablico solicita prisi\u00f3n preventiva contra Julio Clemente - Minuto Cero RD\" \/>\n<meta property=\"og:description\" content=\"SANTO DOMINGO.- La Fiscal\u00eda del Distrito Nacional solicit\u00f3 prisi\u00f3n preventiva, como medida de coerci\u00f3n, contra Clemente B\u00e1ez Do\u00f1\u00e9 (Julio Clemente), imputado por supuestamente amenazar de muerte a una expareja. El Ministerio P\u00fablico hizo la solicitud tras obtener pruebas sobre la amenaza de muerte que recibi\u00f3 la mujer por parte del imputado el pasado lunes 23 [&hellip;]\" \/>\n<meta property=\"og:url\" content=\"http:\/\/minutocerord.com\/?p=994\" \/>\n<meta property=\"og:site_name\" content=\"Minuto Cero RD\" \/>\n<meta property=\"article:publisher\" content=\"https:\/\/www.facebook.com\/Genofnotes\" \/>\n<meta property=\"article:author\" content=\"https:\/\/www.facebook.com\/Genofnotes\" \/>\n<meta property=\"article:published_time\" content=\"2020-11-27T01:30:13+00:00\" \/>\n<meta property=\"article:modified_time\" content=\"2020-11-27T01:32:43+00:00\" \/>\n<meta property=\"og:image\" content=\"https:\/\/i0.wp.com\/minutocerord.com\/wp-content\/uploads\/2020\/11\/44615a4b-julio-clemente.jpg?fit=800%2C600\" \/>\n\t<meta property=\"og:image:width\" content=\"800\" \/>\n\t<meta property=\"og:image:height\" content=\"600\" \/>\n\t<meta property=\"og:image:type\" content=\"image\/jpeg\" \/>\n<meta name=\"author\" content=\"Genof\u00f3ntes Urb\u00e1ez\" \/>\n<meta name=\"twitter:card\" content=\"summary_large_image\" \/>\n<meta name=\"twitter:label1\" content=\"Written by\" \/>\n\t<meta name=\"twitter:data1\" content=\"Genof\u00f3ntes Urb\u00e1ez\" \/>\n\t<meta name=\"twitter:label2\" content=\"Est. reading time\" \/>\n\t<meta name=\"twitter:data2\" content=\"2 minutos\" \/>\n<script type=\"application\/ld+json\" class=\"yoast-schema-graph\">{\"@context\":\"https:\\\/\\\/schema.org\",\"@graph\":[{\"@type\":\"Article\",\"@id\":\"http:\\\/\\\/minutocerord.com\\\/?p=994#article\",\"isPartOf\":{\"@id\":\"http:\\\/\\\/minutocerord.com\\\/?p=994\"},\"author\":{\"name\":\"Genof\u00f3ntes Urb\u00e1ez\",\"@id\":\"https:\\\/\\\/minutocerord.com\\\/#\\\/schema\\\/person\\\/60b5372d60aaa0a5171fb6488be9aee6\"},\"headline\":\"Ministerio P\u00fablico solicita prisi\u00f3n preventiva contra Julio Clemente\",\"datePublished\":\"2020-11-27T01:30:13+00:00\",\"dateModified\":\"2020-11-27T01:32:43+00:00\",\"mainEntityOfPage\":{\"@id\":\"http:\\\/\\\/minutocerord.com\\\/?p=994\"},\"wordCount\":419,\"commentCount\":0,\"publisher\":{\"@id\":\"https:\\\/\\\/minutocerord.com\\\/#\\\/schema\\\/person\\\/60b5372d60aaa0a5171fb6488be9aee6\"},\"image\":{\"@id\":\"http:\\\/\\\/minutocerord.com\\\/?p=994#primaryimage\"},\"thumbnailUrl\":\"https:\\\/\\\/i0.wp.com\\\/minutocerord.com\\\/wp-content\\\/uploads\\\/2020\\\/11\\\/44615a4b-julio-clemente.jpg?fit=800%2C600&ssl=1\",\"articleSection\":[\"Entretenimiento\"],\"inLanguage\":\"es-DO\",\"potentialAction\":[{\"@type\":\"CommentAction\",\"name\":\"Comment\",\"target\":[\"http:\\\/\\\/minutocerord.com\\\/?p=994#respond\"]}]},{\"@type\":\"WebPage\",\"@id\":\"http:\\\/\\\/minutocerord.com\\\/?p=994\",\"url\":\"http:\\\/\\\/minutocerord.com\\\/?p=994\",\"name\":\"Ministerio P\u00fablico solicita prisi\u00f3n preventiva contra Julio Clemente - Minuto Cero RD\",\"isPartOf\":{\"@id\":\"https:\\\/\\\/minutocerord.com\\\/#website\"},\"primaryImageOfPage\":{\"@id\":\"http:\\\/\\\/minutocerord.com\\\/?p=994#primaryimage\"},\"image\":{\"@id\":\"http:\\\/\\\/minutocerord.com\\\/?p=994#primaryimage\"},\"thumbnailUrl\":\"https:\\\/\\\/i0.wp.com\\\/minutocerord.com\\\/wp-content\\\/uploads\\\/2020\\\/11\\\/44615a4b-julio-clemente.jpg?fit=800%2C600&ssl=1\",\"datePublished\":\"2020-11-27T01:30:13+00:00\",\"dateModified\":\"2020-11-27T01:32:43+00:00\",\"breadcrumb\":{\"@id\":\"http:\\\/\\\/minutocerord.com\\\/?p=994#breadcrumb\"},\"inLanguage\":\"es-DO\",\"potentialAction\":[{\"@type\":\"ReadAction\",\"target\":[\"http:\\\/\\\/minutocerord.com\\\/?p=994\"]}]},{\"@type\":\"ImageObject\",\"inLanguage\":\"es-DO\",\"@id\":\"http:\\\/\\\/minutocerord.com\\\/?p=994#primaryimage\",\"url\":\"https:\\\/\\\/i0.wp.com\\\/minutocerord.com\\\/wp-content\\\/uploads\\\/2020\\\/11\\\/44615a4b-julio-clemente.jpg?fit=800%2C600&ssl=1\",\"contentUrl\":\"https:\\\/\\\/i0.wp.com\\\/minutocerord.com\\\/wp-content\\\/uploads\\\/2020\\\/11\\\/44615a4b-julio-clemente.jpg?fit=800%2C600&ssl=1\",\"width\":800,\"height\":600},{\"@type\":\"BreadcrumbList\",\"@id\":\"http:\\\/\\\/minutocerord.com\\\/?p=994#breadcrumb\",\"itemListElement\":[{\"@type\":\"ListItem\",\"position\":1,\"name\":\"Home\",\"item\":\"https:\\\/\\\/minutocerord.com\\\/\"},{\"@type\":\"ListItem\",\"position\":2,\"name\":\"Ministerio P\u00fablico solicita prisi\u00f3n preventiva contra Julio Clemente\"}]},{\"@type\":\"WebSite\",\"@id\":\"https:\\\/\\\/minutocerord.com\\\/#website\",\"url\":\"https:\\\/\\\/minutocerord.com\\\/\",\"name\":\"Minuto Cero RD\",\"description\":\"Periodismo serio y veraz\",\"publisher\":{\"@id\":\"https:\\\/\\\/minutocerord.com\\\/#\\\/schema\\\/person\\\/60b5372d60aaa0a5171fb6488be9aee6\"},\"potentialAction\":[{\"@type\":\"SearchAction\",\"target\":{\"@type\":\"EntryPoint\",\"urlTemplate\":\"https:\\\/\\\/minutocerord.com\\\/?s={search_term_string}\"},\"query-input\":{\"@type\":\"PropertyValueSpecification\",\"valueRequired\":true,\"valueName\":\"search_term_string\"}}],\"inLanguage\":\"es-DO\"},{\"@type\":[\"Person\",\"Organization\"],\"@id\":\"https:\\\/\\\/minutocerord.com\\\/#\\\/schema\\\/person\\\/60b5372d60aaa0a5171fb6488be9aee6\",\"name\":\"Genof\u00f3ntes Urb\u00e1ez\",\"image\":{\"@type\":\"ImageObject\",\"inLanguage\":\"es-DO\",\"@id\":\"https:\\\/\\\/secure.gravatar.com\\\/avatar\\\/a49ef3186a692098ac3e8a1612261e3ad70cf9e44553dff2929e67939a0ecb9d?s=96&d=identicon&r=g\",\"url\":\"https:\\\/\\\/secure.gravatar.com\\\/avatar\\\/a49ef3186a692098ac3e8a1612261e3ad70cf9e44553dff2929e67939a0ecb9d?s=96&d=identicon&r=g\",\"contentUrl\":\"https:\\\/\\\/secure.gravatar.com\\\/avatar\\\/a49ef3186a692098ac3e8a1612261e3ad70cf9e44553dff2929e67939a0ecb9d?s=96&d=identicon&r=g\",\"caption\":\"Genof\u00f3ntes Urb\u00e1ez\"},\"logo\":{\"@id\":\"https:\\\/\\\/secure.gravatar.com\\\/avatar\\\/a49ef3186a692098ac3e8a1612261e3ad70cf9e44553dff2929e67939a0ecb9d?s=96&d=identicon&r=g\"},\"description\":\"Periodista \\\/ Locutor\",\"sameAs\":[\"https:\\\/\\\/www.facebook.com\\\/Genofnotes\",\"https:\\\/\\\/www.instagram.com\\\/genofnotes\\\/\"]}]}<\/script>\n<!-- \/ Yoast SEO plugin. -->","yoast_head_json":{"title":"Ministerio P\u00fablico solicita prisi\u00f3n preventiva contra Julio Clemente - Minuto Cero RD","robots":{"index":"index","follow":"follow","max-snippet":"max-snippet:-1","max-image-preview":"max-image-preview:large","max-video-preview":"max-video-preview:-1"},"canonical":"http:\/\/minutocerord.com\/?p=994","og_locale":"es_ES","og_type":"article","og_title":"Ministerio P\u00fablico solicita prisi\u00f3n preventiva contra Julio Clemente - Minuto Cero RD","og_description":"SANTO DOMINGO.- La Fiscal\u00eda del Distrito Nacional solicit\u00f3 prisi\u00f3n preventiva, como medida de coerci\u00f3n, contra Clemente B\u00e1ez Do\u00f1\u00e9 (Julio Clemente), imputado por supuestamente amenazar de muerte a una expareja. El Ministerio P\u00fablico hizo la solicitud tras obtener pruebas sobre la amenaza de muerte que recibi\u00f3 la mujer por parte del imputado el pasado lunes 23 [&hellip;]","og_url":"http:\/\/minutocerord.com\/?p=994","og_site_name":"Minuto Cero RD","article_publisher":"https:\/\/www.facebook.com\/Genofnotes","article_author":"https:\/\/www.facebook.com\/Genofnotes","article_published_time":"2020-11-27T01:30:13+00:00","article_modified_time":"2020-11-27T01:32:43+00:00","og_image":[{"width":800,"height":600,"url":"https:\/\/i0.wp.com\/minutocerord.com\/wp-content\/uploads\/2020\/11\/44615a4b-julio-clemente.jpg?fit=800%2C600","type":"image\/jpeg"}],"author":"Genof\u00f3ntes Urb\u00e1ez","twitter_card":"summary_large_image","twitter_misc":{"Written by":"Genof\u00f3ntes Urb\u00e1ez","Est. reading time":"2 minutos"},"schema":{"@context":"https:\/\/schema.org","@graph":[{"@type":"Article","@id":"http:\/\/minutocerord.com\/?p=994#article","isPartOf":{"@id":"http:\/\/minutocerord.com\/?p=994"},"author":{"name":"Genof\u00f3ntes Urb\u00e1ez","@id":"https:\/\/minutocerord.com\/#\/schema\/person\/60b5372d60aaa0a5171fb6488be9aee6"},"headline":"Ministerio P\u00fablico solicita prisi\u00f3n preventiva contra Julio Clemente","datePublished":"2020-11-27T01:30:13+00:00","dateModified":"2020-11-27T01:32:43+00:00","mainEntityOfPage":{"@id":"http:\/\/minutocerord.com\/?p=994"},"wordCount":419,"commentCount":0,"publisher":{"@id":"https:\/\/minutocerord.com\/#\/schema\/person\/60b5372d60aaa0a5171fb6488be9aee6"},"image":{"@id":"http:\/\/minutocerord.com\/?p=994#primaryimage"},"thumbnailUrl":"https:\/\/i0.wp.com\/minutocerord.com\/wp-content\/uploads\/2020\/11\/44615a4b-julio-clemente.jpg?fit=800%2C600&ssl=1","articleSection":["Entretenimiento"],"inLanguage":"es-DO","potentialAction":[{"@type":"CommentAction","name":"Comment","target":["http:\/\/minutocerord.com\/?p=994#respond"]}]},{"@type":"WebPage","@id":"http:\/\/minutocerord.com\/?p=994","url":"http:\/\/minutocerord.com\/?p=994","name":"Ministerio P\u00fablico solicita prisi\u00f3n preventiva contra Julio Clemente - Minuto Cero RD","isPartOf":{"@id":"https:\/\/minutocerord.com\/#website"},"primaryImageOfPage":{"@id":"http:\/\/minutocerord.com\/?p=994#primaryimage"},"image":{"@id":"http:\/\/minutocerord.com\/?p=994#primaryimage"},"thumbnailUrl":"https:\/\/i0.wp.com\/minutocerord.com\/wp-content\/uploads\/2020\/11\/44615a4b-julio-clemente.jpg?fit=800%2C600&ssl=1","datePublished":"2020-11-27T01:30:13+00:00","dateModified":"2020-11-27T01:32:43+00:00","breadcrumb":{"@id":"http:\/\/minutocerord.com\/?p=994#breadcrumb"},"inLanguage":"es-DO","potentialAction":[{"@type":"ReadAction","target":["http:\/\/minutocerord.com\/?p=994"]}]},{"@type":"ImageObject","inLanguage":"es-DO","@id":"http:\/\/minutocerord.com\/?p=994#primaryimage","url":"https:\/\/i0.wp.com\/minutocerord.com\/wp-content\/uploads\/2020\/11\/44615a4b-julio-clemente.jpg?fit=800%2C600&ssl=1","contentUrl":"https:\/\/i0.wp.com\/minutocerord.com\/wp-content\/uploads\/2020\/11\/44615a4b-julio-clemente.jpg?fit=800%2C600&ssl=1","width":800,"height":600},{"@type":"BreadcrumbList","@id":"http:\/\/minutocerord.com\/?p=994#breadcrumb","itemListElement":[{"@type":"ListItem","position":1,"name":"Home","item":"https:\/\/minutocerord.com\/"},{"@type":"ListItem","position":2,"name":"Ministerio P\u00fablico solicita prisi\u00f3n preventiva contra Julio Clemente"}]},{"@type":"WebSite","@id":"https:\/\/minutocerord.com\/#website","url":"https:\/\/minutocerord.com\/","name":"Minuto Cero RD","description":"Periodismo serio y veraz","publisher":{"@id":"https:\/\/minutocerord.com\/#\/schema\/person\/60b5372d60aaa0a5171fb6488be9aee6"},"potentialAction":[{"@type":"SearchAction","target":{"@type":"EntryPoint","urlTemplate":"https:\/\/minutocerord.com\/?s={search_term_string}"},"query-input":{"@type":"PropertyValueSpecification","valueRequired":true,"valueName":"search_term_string"}}],"inLanguage":"es-DO"},{"@type":["Person","Organization"],"@id":"https:\/\/minutocerord.com\/#\/schema\/person\/60b5372d60aaa0a5171fb6488be9aee6","name":"Genof\u00f3ntes Urb\u00e1ez","image":{"@type":"ImageObject","inLanguage":"es-DO","@id":"https:\/\/secure.gravatar.com\/avatar\/a49ef3186a692098ac3e8a1612261e3ad70cf9e44553dff2929e67939a0ecb9d?s=96&d=identicon&r=g","url":"https:\/\/secure.gravatar.com\/avatar\/a49ef3186a692098ac3e8a1612261e3ad70cf9e44553dff2929e67939a0ecb9d?s=96&d=identicon&r=g","contentUrl":"https:\/\/secure.gravatar.com\/avatar\/a49ef3186a692098ac3e8a1612261e3ad70cf9e44553dff2929e67939a0ecb9d?s=96&d=identicon&r=g","caption":"Genof\u00f3ntes Urb\u00e1ez"},"logo":{"@id":"https:\/\/secure.gravatar.com\/avatar\/a49ef3186a692098ac3e8a1612261e3ad70cf9e44553dff2929e67939a0ecb9d?s=96&d=identicon&r=g"},"description":"Periodista \/ Locutor","sameAs":["https:\/\/www.facebook.com\/Genofnotes","https:\/\/www.instagram.com\/genofnotes\/"]}]}},"jetpack_publicize_connections":[],"jetpack_featured_media_url":"https:\/\/i0.wp.com\/minutocerord.com\/wp-content\/uploads\/2020\/11\/44615a4b-julio-clemente.jpg?fit=800%2C600&ssl=1","jetpack-related-posts":[],"jetpack_sharing_enabled":true,"_links":{"self":[{"href":"https:\/\/minutocerord.com\/index.php?rest_route=\/wp\/v2\/posts\/994","targetHints":{"allow":["GET"]}}],"collection":[{"href":"https:\/\/minutocerord.com\/index.php?rest_route=\/wp\/v2\/posts"}],"about":[{"href":"https:\/\/minutocerord.com\/index.php?rest_route=\/wp\/v2\/types\/post"}],"author":[{"embeddable":true,"href":"https:\/\/minutocerord.com\/index.php?rest_route=\/wp\/v2\/users\/1"}],"replies":[{"embeddable":true,"href":"https:\/\/minutocerord.com\/index.php?rest_route=%2Fwp%2Fv2%2Fcomments&post=994"}],"version-history":[{"count":1,"href":"https:\/\/minutocerord.com\/index.php?rest_route=\/wp\/v2\/posts\/994\/revisions"}],"predecessor-version":[{"id":996,"href":"https:\/\/minutocerord.com\/index.php?rest_route=\/wp\/v2\/posts\/994\/revisions\/996"}],"wp:featuredmedia":[{"embeddable":true,"href":"https:\/\/minutocerord.com\/index.php?rest_route=\/wp\/v2\/media\/995"}],"wp:attachment":[{"href":"https:\/\/minutocerord.com\/index.php?rest_route=%2Fwp%2Fv2%2Fmedia&parent=994"}],"wp:term":[{"taxonomy":"category","embeddable":true,"href":"https:\/\/minutocerord.com\/index.php?rest_route=%2Fwp%2Fv2%2Fcategories&post=994"},{"taxonomy":"post_tag","embeddable":true,"href":"https:\/\/minutocerord.com\/index.php?rest_route=%2Fwp%2Fv2%2Ftags&post=994"}],"curies":[{"name":"wp","href":"https:\/\/api.w.org\/{rel}","templated":true}]}}