{"id":997,"date":"2020-11-26T21:35:00","date_gmt":"2020-11-27T01:35:00","guid":{"rendered":"https:\/\/minutocerord.com\/?p=997"},"modified":"2020-11-26T21:35:03","modified_gmt":"2020-11-27T01:35:03","slug":"uno-de-los-enfermeros-que-cuido-a-maradona-antes-de-morir-declaro-que-dijo-y-como-impacta-en-la-causa","status":"publish","type":"post","link":"https:\/\/minutocerord.com\/?p=997","title":{"rendered":"Uno de los enfermeros que cuid\u00f3 a Maradona antes de morir declar\u00f3: qu\u00e9 dijo y c\u00f3mo impacta en la causa"},"content":{"rendered":"\n<p>\u201cAntes de dejar mi turno a las 6.30 de la ma\u00f1ana entr\u00e9 a la habitaci\u00f3n y Maradona estaba vivo. Lo control\u00e9. Estaba descansando y respirando\u201d. La declaraci\u00f3n pertenece a uno de los dos enfermeros que ten\u00edan a su cargo el cuidado m\u00e9dico de Diego Maradona. En el expediente, el mismo d\u00eda de la muerte, hab\u00eda testificado una enfermera mujer que se encargaba de la ma\u00f1ana y la tarde, pero faltaba la palabra del hombre que estaba de turno por las noches y resulta una pieza clave de la causa.<\/p>\n\n\n\n<p>La declaraci\u00f3n del enfermero, de quien no trascendi\u00f3 la identidad, comenz\u00f3 pasadas las 18 y dur\u00f3 casi una hora. Estas palabras, que fueron brindadas bajo juramento de decir verdad, echan por tierra las primeras versiones que dec\u00edan que hab\u00edan pasado 12 horas sin que nadie haya asistido a Diego.<\/p>\n\n\n\n<p>En la reconstrucci\u00f3n primaria, antes de este \u00faltimo testimonio, se dec\u00eda que el \u00faltimo en ver con vida a Maradona fue su sobrino Jony a las 23 del martes y que reci\u00e9n a las 11.30 del mi\u00e9rcoles su psiquiatra y psic\u00f3loga lo hab\u00edan encontrado sin vida.<\/p>\n\n\n\n<p>El propio abogado y manager de Diego hab\u00eda publicado un comunicado en el que se quejaba de que nadie hab\u00eda asistido a Maradona en ese lapso de 12 horas. Los nuevos elementos que se incorporaron a la causa desmentir\u00edan esa situaci\u00f3n.<\/p>\n\n\n\n<p>\u201cEl testimonio es bajo juramento. El enfermo dice que \u00e9l lo vio con vida antes de irse 6.30. Ahora tenemos que cotejar las testimoniales con otros elementos de la causa como c\u00e1maras de seguridad, los impactos de los celulares en las antenas de la zona, los horarios de los llamados y dem\u00e1s\u201d, remarcan a Infobae desde los tribunales de San Isidro.<\/p>\n\n\n\n<p>Incluso, la fiscal Laura Capra tiene indicios que le permiten saber que hubo otra persona que entr\u00f3 a la habitaci\u00f3n de Maradona antes de las 11.30 y lo encontr\u00f3 con vida. \u201cEstos nos permite pensar, preliminarmente, que la muerte no fue mucho antes del ingreso del psic\u00f3logo y la psiquiatra\u201d.<\/p>\n\n\n\n<p>Otro dato relevante es que la justicia no sospecha, por el momento, de un retraso significativo en la llegada de las primeras ambulancias. \u201cEstamos cotejando los tiempos pero por el momento no tenemos elementos que nos hagan pensar que hubo una p\u00e9rdida de tiempo o algo por el estilo\u201d, especifican las fuentes consultadas.<\/p>\n\n\n\n<p>De la casa de Maradona fueron secuestrados sus dos celulares, aunque la justicia no los abrir\u00e1 ni vulnerar\u00e1 la intimidad del 10 en caso de que la investigaci\u00f3n siga por este carril y no sea de extrema necesidad conocer el contenido de los tel\u00e9fonos.<\/p>\n\n\n\n<p>Ahora la justicia espera los resultados de las pericias toxicol\u00f3gicas realizadas al cuerpo. Ah\u00ed se podr\u00e1 conocer qu\u00e9 tipo de medicaci\u00f3n se le suministr\u00f3 al astro antes de morir y en que dosis. Tambi\u00e9n si hab\u00eda consumido alg\u00fan tipo de alcohol.<\/p>\n\n\n\n<p>El comunicado oficial de la Fiscal\u00eda General de San Isidro inform\u00f3 que tom\u00f3 conocimiento de la muerte de Maradona a las 13:20 y que la \u00faltima persona que lo vio con vida fue su sobrino el d\u00eda martes 24, a las 23 horas. Se trata de Johny Esp\u00f3sito, hijo de Betty, hermana del astro, y de la Morsa Esp\u00f3sito. A su vez, confirma que ese d\u00eda se encontraban en la propiedad del barrio privado de Tigre el propio Esp\u00f3sito, su asistente (Maxi Pomargo), un empleado contratado para su seguridad f\u00edsica, una enfermera y una cocinera.<\/p>\n\n\n\n<p>Seg\u00fan esta versi\u00f3n, a las 11.30 del mi\u00e9rcoles 25 llegaron el psic\u00f3logo y la psiquiatra personales del Diez, parte del equipo interdisciplinario que encabeza Leopoldo Luque, quienes ingresaron en primer t\u00e9rmino a la habitaci\u00f3n. All\u00ed intentaron hablar con Maradona, pero no respondi\u00f3, aparentemente dormido. Convocados los otros integrantes del entorno presentes, lo intentaron despertar y all\u00ed, al no notar signos vitales en el entrenador de Gimnasia, requirieron la presencia de los profesionales para que le realizaran maniobras de RCP, que resultaron infructuosas.<\/p>\n\n\n\n<p>Esto inmediatamente llam\u00f3 la atenci\u00f3n porque ten\u00eda contradicciones con lo que hab\u00eda dejado trascender el entorno de Maradona acerca de las \u00faltimas horas con vida. La enfermera (que tiene su habitaci\u00f3n junto a la del astro) hab\u00eda referido que lo hab\u00eda escuchado a Diego levantarse, tomar sus pastillas y volver a acostarse al encontrarse \u201ccansado\u201d. A partir de all\u00ed, los detalles confluyen. Los que fueron llegando a la casa prefirieron no despertarlo hasta el arribo del psic\u00f3logo y el psiquiatra, quienes ten\u00edan sesi\u00f3n pactada con la estrella del f\u00fatbol argentino y detectan la escena alarmante.<\/p>\n\n\n\n<p>El abogado del \u201cDiego\u201d, Mat\u00edas Morla, hizo referencia a esta l\u00ednea investigativa que busca echar precisi\u00f3n sobre lo que sucedi\u00f3 en las horas previas de la muerte: \u201cEs inexplicable que durante doce horas mi amigo no haya tenido atenci\u00f3n ni control por parte del personal de salud abocado a esos fines\u201d.<\/p>\n\n\n\n<p>Adem\u00e1s, defini\u00f3 como una \u201ccriminal idiotez\u201d que la ambulancia tardara media hora en llegar a la casa del barrio privado en Tigre: \u201cEste hecho no debe ser pasado por alto y voy a pedir que se investigue hasta el final de las consecuencias\u201d, dijo y cit\u00f3 a quien fuera su amigo: \u201cComo dec\u00eda Diego, \u2018vos sos mi soldado, actu\u00e1 sin piedad\u2019\u2033.<\/p>\n\n\n\n<p>INFOBAE<\/p>\n","protected":false},"excerpt":{"rendered":"<p>\u201cAntes de dejar mi turno a las 6.30 de la ma\u00f1ana entr\u00e9 a la habitaci\u00f3n y Maradona estaba vivo. Lo control\u00e9. Estaba descansando y respirando\u201d. La declaraci\u00f3n pertenece a uno de los dos enfermeros que ten\u00edan a su cargo el cuidado m\u00e9dico de Diego Maradona. En el expediente, el mismo d\u00eda de la muerte, hab\u00eda [&hellip;]<\/p>\n","protected":false},"author":1,"featured_media":998,"comment_status":"open","ping_status":"open","sticky":false,"template":"","format":"standard","meta":{"nf_dc_page":"","jetpack_post_was_ever_published":false,"_jetpack_newsletter_access":"","_jetpack_dont_email_post_to_subs":false,"_jetpack_newsletter_tier_id":0,"_jetpack_memberships_contains_paywalled_content":false,"_jetpack_memberships_contains_paid_content":false,"footnotes":"","jetpack_publicize_message":"","jetpack_publicize_feature_enabled":true,"jetpack_social_post_already_shared":false,"jetpack_social_options":{"image_generator_settings":{"template":"highway","default_image_id":0,"font":"","enabled":false},"version":2}},"categories":[73],"tags":[],"class_list":["post-997","post","type-post","status-publish","format-standard","has-post-thumbnail","hentry","category-deportes"],"yoast_head":"<!-- This site is optimized with the Yoast SEO plugin v27.5 - https:\/\/yoast.com\/product\/yoast-seo-wordpress\/ -->\n<title>Uno de los enfermeros que cuid\u00f3 a Maradona antes de morir declar\u00f3: qu\u00e9 dijo y c\u00f3mo impacta en la causa - Minuto Cero RD<\/title>\n<meta name=\"robots\" content=\"index, follow, max-snippet:-1, max-image-preview:large, max-video-preview:-1\" \/>\n<link rel=\"canonical\" href=\"http:\/\/minutocerord.com\/?p=997\" \/>\n<meta property=\"og:locale\" content=\"es_ES\" \/>\n<meta property=\"og:type\" content=\"article\" \/>\n<meta property=\"og:title\" content=\"Uno de los enfermeros que cuid\u00f3 a Maradona antes de morir declar\u00f3: qu\u00e9 dijo y c\u00f3mo impacta en la causa - Minuto Cero RD\" \/>\n<meta property=\"og:description\" content=\"\u201cAntes de dejar mi turno a las 6.30 de la ma\u00f1ana entr\u00e9 a la habitaci\u00f3n y Maradona estaba vivo. Lo control\u00e9. Estaba descansando y respirando\u201d. La declaraci\u00f3n pertenece a uno de los dos enfermeros que ten\u00edan a su cargo el cuidado m\u00e9dico de Diego Maradona. En el expediente, el mismo d\u00eda de la muerte, hab\u00eda [&hellip;]\" \/>\n<meta property=\"og:url\" content=\"http:\/\/minutocerord.com\/?p=997\" \/>\n<meta property=\"og:site_name\" content=\"Minuto Cero RD\" \/>\n<meta property=\"article:publisher\" content=\"https:\/\/www.facebook.com\/Genofnotes\" \/>\n<meta property=\"article:author\" content=\"https:\/\/www.facebook.com\/Genofnotes\" \/>\n<meta property=\"article:published_time\" content=\"2020-11-27T01:35:00+00:00\" \/>\n<meta property=\"article:modified_time\" content=\"2020-11-27T01:35:03+00:00\" \/>\n<meta property=\"og:image\" content=\"https:\/\/i0.wp.com\/minutocerord.com\/wp-content\/uploads\/2020\/11\/B6QADIDDUJDNVHKAVWKJYPSWDM.jpg?fit=768%2C432\" \/>\n\t<meta property=\"og:image:width\" content=\"768\" \/>\n\t<meta property=\"og:image:height\" content=\"432\" \/>\n\t<meta property=\"og:image:type\" content=\"image\/jpeg\" \/>\n<meta name=\"author\" content=\"Genof\u00f3ntes Urb\u00e1ez\" \/>\n<meta name=\"twitter:card\" content=\"summary_large_image\" \/>\n<meta name=\"twitter:label1\" content=\"Written by\" \/>\n\t<meta name=\"twitter:data1\" content=\"Genof\u00f3ntes Urb\u00e1ez\" \/>\n\t<meta name=\"twitter:label2\" content=\"Est. reading time\" \/>\n\t<meta name=\"twitter:data2\" content=\"5 minutos\" \/>\n<script type=\"application\/ld+json\" class=\"yoast-schema-graph\">{\"@context\":\"https:\\\/\\\/schema.org\",\"@graph\":[{\"@type\":\"Article\",\"@id\":\"http:\\\/\\\/minutocerord.com\\\/?p=997#article\",\"isPartOf\":{\"@id\":\"http:\\\/\\\/minutocerord.com\\\/?p=997\"},\"author\":{\"name\":\"Genof\u00f3ntes Urb\u00e1ez\",\"@id\":\"https:\\\/\\\/minutocerord.com\\\/#\\\/schema\\\/person\\\/60b5372d60aaa0a5171fb6488be9aee6\"},\"headline\":\"Uno de los enfermeros que cuid\u00f3 a Maradona antes de morir declar\u00f3: qu\u00e9 dijo y c\u00f3mo impacta en la causa\",\"datePublished\":\"2020-11-27T01:35:00+00:00\",\"dateModified\":\"2020-11-27T01:35:03+00:00\",\"mainEntityOfPage\":{\"@id\":\"http:\\\/\\\/minutocerord.com\\\/?p=997\"},\"wordCount\":928,\"commentCount\":0,\"publisher\":{\"@id\":\"https:\\\/\\\/minutocerord.com\\\/#\\\/schema\\\/person\\\/60b5372d60aaa0a5171fb6488be9aee6\"},\"image\":{\"@id\":\"http:\\\/\\\/minutocerord.com\\\/?p=997#primaryimage\"},\"thumbnailUrl\":\"https:\\\/\\\/i0.wp.com\\\/minutocerord.com\\\/wp-content\\\/uploads\\\/2020\\\/11\\\/B6QADIDDUJDNVHKAVWKJYPSWDM.jpg?fit=768%2C432&ssl=1\",\"articleSection\":[\"Deportes\"],\"inLanguage\":\"es-DO\",\"potentialAction\":[{\"@type\":\"CommentAction\",\"name\":\"Comment\",\"target\":[\"http:\\\/\\\/minutocerord.com\\\/?p=997#respond\"]}]},{\"@type\":\"WebPage\",\"@id\":\"http:\\\/\\\/minutocerord.com\\\/?p=997\",\"url\":\"http:\\\/\\\/minutocerord.com\\\/?p=997\",\"name\":\"Uno de los enfermeros que cuid\u00f3 a Maradona antes de morir declar\u00f3: qu\u00e9 dijo y c\u00f3mo impacta en la causa - Minuto Cero RD\",\"isPartOf\":{\"@id\":\"https:\\\/\\\/minutocerord.com\\\/#website\"},\"primaryImageOfPage\":{\"@id\":\"http:\\\/\\\/minutocerord.com\\\/?p=997#primaryimage\"},\"image\":{\"@id\":\"http:\\\/\\\/minutocerord.com\\\/?p=997#primaryimage\"},\"thumbnailUrl\":\"https:\\\/\\\/i0.wp.com\\\/minutocerord.com\\\/wp-content\\\/uploads\\\/2020\\\/11\\\/B6QADIDDUJDNVHKAVWKJYPSWDM.jpg?fit=768%2C432&ssl=1\",\"datePublished\":\"2020-11-27T01:35:00+00:00\",\"dateModified\":\"2020-11-27T01:35:03+00:00\",\"breadcrumb\":{\"@id\":\"http:\\\/\\\/minutocerord.com\\\/?p=997#breadcrumb\"},\"inLanguage\":\"es-DO\",\"potentialAction\":[{\"@type\":\"ReadAction\",\"target\":[\"http:\\\/\\\/minutocerord.com\\\/?p=997\"]}]},{\"@type\":\"ImageObject\",\"inLanguage\":\"es-DO\",\"@id\":\"http:\\\/\\\/minutocerord.com\\\/?p=997#primaryimage\",\"url\":\"https:\\\/\\\/i0.wp.com\\\/minutocerord.com\\\/wp-content\\\/uploads\\\/2020\\\/11\\\/B6QADIDDUJDNVHKAVWKJYPSWDM.jpg?fit=768%2C432&ssl=1\",\"contentUrl\":\"https:\\\/\\\/i0.wp.com\\\/minutocerord.com\\\/wp-content\\\/uploads\\\/2020\\\/11\\\/B6QADIDDUJDNVHKAVWKJYPSWDM.jpg?fit=768%2C432&ssl=1\",\"width\":768,\"height\":432},{\"@type\":\"BreadcrumbList\",\"@id\":\"http:\\\/\\\/minutocerord.com\\\/?p=997#breadcrumb\",\"itemListElement\":[{\"@type\":\"ListItem\",\"position\":1,\"name\":\"Home\",\"item\":\"https:\\\/\\\/minutocerord.com\\\/\"},{\"@type\":\"ListItem\",\"position\":2,\"name\":\"Uno de los enfermeros que cuid\u00f3 a Maradona antes de morir declar\u00f3: qu\u00e9 dijo y c\u00f3mo impacta en la causa\"}]},{\"@type\":\"WebSite\",\"@id\":\"https:\\\/\\\/minutocerord.com\\\/#website\",\"url\":\"https:\\\/\\\/minutocerord.com\\\/\",\"name\":\"Minuto Cero RD\",\"description\":\"Periodismo serio y veraz\",\"publisher\":{\"@id\":\"https:\\\/\\\/minutocerord.com\\\/#\\\/schema\\\/person\\\/60b5372d60aaa0a5171fb6488be9aee6\"},\"potentialAction\":[{\"@type\":\"SearchAction\",\"target\":{\"@type\":\"EntryPoint\",\"urlTemplate\":\"https:\\\/\\\/minutocerord.com\\\/?s={search_term_string}\"},\"query-input\":{\"@type\":\"PropertyValueSpecification\",\"valueRequired\":true,\"valueName\":\"search_term_string\"}}],\"inLanguage\":\"es-DO\"},{\"@type\":[\"Person\",\"Organization\"],\"@id\":\"https:\\\/\\\/minutocerord.com\\\/#\\\/schema\\\/person\\\/60b5372d60aaa0a5171fb6488be9aee6\",\"name\":\"Genof\u00f3ntes Urb\u00e1ez\",\"image\":{\"@type\":\"ImageObject\",\"inLanguage\":\"es-DO\",\"@id\":\"https:\\\/\\\/secure.gravatar.com\\\/avatar\\\/a49ef3186a692098ac3e8a1612261e3ad70cf9e44553dff2929e67939a0ecb9d?s=96&d=identicon&r=g\",\"url\":\"https:\\\/\\\/secure.gravatar.com\\\/avatar\\\/a49ef3186a692098ac3e8a1612261e3ad70cf9e44553dff2929e67939a0ecb9d?s=96&d=identicon&r=g\",\"contentUrl\":\"https:\\\/\\\/secure.gravatar.com\\\/avatar\\\/a49ef3186a692098ac3e8a1612261e3ad70cf9e44553dff2929e67939a0ecb9d?s=96&d=identicon&r=g\",\"caption\":\"Genof\u00f3ntes Urb\u00e1ez\"},\"logo\":{\"@id\":\"https:\\\/\\\/secure.gravatar.com\\\/avatar\\\/a49ef3186a692098ac3e8a1612261e3ad70cf9e44553dff2929e67939a0ecb9d?s=96&d=identicon&r=g\"},\"description\":\"Periodista \\\/ Locutor\",\"sameAs\":[\"https:\\\/\\\/www.facebook.com\\\/Genofnotes\",\"https:\\\/\\\/www.instagram.com\\\/genofnotes\\\/\"]}]}<\/script>\n<!-- \/ Yoast SEO plugin. -->","yoast_head_json":{"title":"Uno de los enfermeros que cuid\u00f3 a Maradona antes de morir declar\u00f3: qu\u00e9 dijo y c\u00f3mo impacta en la causa - Minuto Cero RD","robots":{"index":"index","follow":"follow","max-snippet":"max-snippet:-1","max-image-preview":"max-image-preview:large","max-video-preview":"max-video-preview:-1"},"canonical":"http:\/\/minutocerord.com\/?p=997","og_locale":"es_ES","og_type":"article","og_title":"Uno de los enfermeros que cuid\u00f3 a Maradona antes de morir declar\u00f3: qu\u00e9 dijo y c\u00f3mo impacta en la causa - Minuto Cero RD","og_description":"\u201cAntes de dejar mi turno a las 6.30 de la ma\u00f1ana entr\u00e9 a la habitaci\u00f3n y Maradona estaba vivo. Lo control\u00e9. Estaba descansando y respirando\u201d. La declaraci\u00f3n pertenece a uno de los dos enfermeros que ten\u00edan a su cargo el cuidado m\u00e9dico de Diego Maradona. En el expediente, el mismo d\u00eda de la muerte, hab\u00eda [&hellip;]","og_url":"http:\/\/minutocerord.com\/?p=997","og_site_name":"Minuto Cero RD","article_publisher":"https:\/\/www.facebook.com\/Genofnotes","article_author":"https:\/\/www.facebook.com\/Genofnotes","article_published_time":"2020-11-27T01:35:00+00:00","article_modified_time":"2020-11-27T01:35:03+00:00","og_image":[{"width":768,"height":432,"url":"https:\/\/i0.wp.com\/minutocerord.com\/wp-content\/uploads\/2020\/11\/B6QADIDDUJDNVHKAVWKJYPSWDM.jpg?fit=768%2C432","type":"image\/jpeg"}],"author":"Genof\u00f3ntes Urb\u00e1ez","twitter_card":"summary_large_image","twitter_misc":{"Written by":"Genof\u00f3ntes Urb\u00e1ez","Est. reading time":"5 minutos"},"schema":{"@context":"https:\/\/schema.org","@graph":[{"@type":"Article","@id":"http:\/\/minutocerord.com\/?p=997#article","isPartOf":{"@id":"http:\/\/minutocerord.com\/?p=997"},"author":{"name":"Genof\u00f3ntes Urb\u00e1ez","@id":"https:\/\/minutocerord.com\/#\/schema\/person\/60b5372d60aaa0a5171fb6488be9aee6"},"headline":"Uno de los enfermeros que cuid\u00f3 a Maradona antes de morir declar\u00f3: qu\u00e9 dijo y c\u00f3mo impacta en la causa","datePublished":"2020-11-27T01:35:00+00:00","dateModified":"2020-11-27T01:35:03+00:00","mainEntityOfPage":{"@id":"http:\/\/minutocerord.com\/?p=997"},"wordCount":928,"commentCount":0,"publisher":{"@id":"https:\/\/minutocerord.com\/#\/schema\/person\/60b5372d60aaa0a5171fb6488be9aee6"},"image":{"@id":"http:\/\/minutocerord.com\/?p=997#primaryimage"},"thumbnailUrl":"https:\/\/i0.wp.com\/minutocerord.com\/wp-content\/uploads\/2020\/11\/B6QADIDDUJDNVHKAVWKJYPSWDM.jpg?fit=768%2C432&ssl=1","articleSection":["Deportes"],"inLanguage":"es-DO","potentialAction":[{"@type":"CommentAction","name":"Comment","target":["http:\/\/minutocerord.com\/?p=997#respond"]}]},{"@type":"WebPage","@id":"http:\/\/minutocerord.com\/?p=997","url":"http:\/\/minutocerord.com\/?p=997","name":"Uno de los enfermeros que cuid\u00f3 a Maradona antes de morir declar\u00f3: qu\u00e9 dijo y c\u00f3mo impacta en la causa - Minuto Cero RD","isPartOf":{"@id":"https:\/\/minutocerord.com\/#website"},"primaryImageOfPage":{"@id":"http:\/\/minutocerord.com\/?p=997#primaryimage"},"image":{"@id":"http:\/\/minutocerord.com\/?p=997#primaryimage"},"thumbnailUrl":"https:\/\/i0.wp.com\/minutocerord.com\/wp-content\/uploads\/2020\/11\/B6QADIDDUJDNVHKAVWKJYPSWDM.jpg?fit=768%2C432&ssl=1","datePublished":"2020-11-27T01:35:00+00:00","dateModified":"2020-11-27T01:35:03+00:00","breadcrumb":{"@id":"http:\/\/minutocerord.com\/?p=997#breadcrumb"},"inLanguage":"es-DO","potentialAction":[{"@type":"ReadAction","target":["http:\/\/minutocerord.com\/?p=997"]}]},{"@type":"ImageObject","inLanguage":"es-DO","@id":"http:\/\/minutocerord.com\/?p=997#primaryimage","url":"https:\/\/i0.wp.com\/minutocerord.com\/wp-content\/uploads\/2020\/11\/B6QADIDDUJDNVHKAVWKJYPSWDM.jpg?fit=768%2C432&ssl=1","contentUrl":"https:\/\/i0.wp.com\/minutocerord.com\/wp-content\/uploads\/2020\/11\/B6QADIDDUJDNVHKAVWKJYPSWDM.jpg?fit=768%2C432&ssl=1","width":768,"height":432},{"@type":"BreadcrumbList","@id":"http:\/\/minutocerord.com\/?p=997#breadcrumb","itemListElement":[{"@type":"ListItem","position":1,"name":"Home","item":"https:\/\/minutocerord.com\/"},{"@type":"ListItem","position":2,"name":"Uno de los enfermeros que cuid\u00f3 a Maradona antes de morir declar\u00f3: qu\u00e9 dijo y c\u00f3mo impacta en la causa"}]},{"@type":"WebSite","@id":"https:\/\/minutocerord.com\/#website","url":"https:\/\/minutocerord.com\/","name":"Minuto Cero RD","description":"Periodismo serio y veraz","publisher":{"@id":"https:\/\/minutocerord.com\/#\/schema\/person\/60b5372d60aaa0a5171fb6488be9aee6"},"potentialAction":[{"@type":"SearchAction","target":{"@type":"EntryPoint","urlTemplate":"https:\/\/minutocerord.com\/?s={search_term_string}"},"query-input":{"@type":"PropertyValueSpecification","valueRequired":true,"valueName":"search_term_string"}}],"inLanguage":"es-DO"},{"@type":["Person","Organization"],"@id":"https:\/\/minutocerord.com\/#\/schema\/person\/60b5372d60aaa0a5171fb6488be9aee6","name":"Genof\u00f3ntes Urb\u00e1ez","image":{"@type":"ImageObject","inLanguage":"es-DO","@id":"https:\/\/secure.gravatar.com\/avatar\/a49ef3186a692098ac3e8a1612261e3ad70cf9e44553dff2929e67939a0ecb9d?s=96&d=identicon&r=g","url":"https:\/\/secure.gravatar.com\/avatar\/a49ef3186a692098ac3e8a1612261e3ad70cf9e44553dff2929e67939a0ecb9d?s=96&d=identicon&r=g","contentUrl":"https:\/\/secure.gravatar.com\/avatar\/a49ef3186a692098ac3e8a1612261e3ad70cf9e44553dff2929e67939a0ecb9d?s=96&d=identicon&r=g","caption":"Genof\u00f3ntes Urb\u00e1ez"},"logo":{"@id":"https:\/\/secure.gravatar.com\/avatar\/a49ef3186a692098ac3e8a1612261e3ad70cf9e44553dff2929e67939a0ecb9d?s=96&d=identicon&r=g"},"description":"Periodista \/ Locutor","sameAs":["https:\/\/www.facebook.com\/Genofnotes","https:\/\/www.instagram.com\/genofnotes\/"]}]}},"jetpack_publicize_connections":[],"jetpack_featured_media_url":"https:\/\/i0.wp.com\/minutocerord.com\/wp-content\/uploads\/2020\/11\/B6QADIDDUJDNVHKAVWKJYPSWDM.jpg?fit=768%2C432&ssl=1","jetpack-related-posts":[],"jetpack_sharing_enabled":true,"_links":{"self":[{"href":"https:\/\/minutocerord.com\/index.php?rest_route=\/wp\/v2\/posts\/997","targetHints":{"allow":["GET"]}}],"collection":[{"href":"https:\/\/minutocerord.com\/index.php?rest_route=\/wp\/v2\/posts"}],"about":[{"href":"https:\/\/minutocerord.com\/index.php?rest_route=\/wp\/v2\/types\/post"}],"author":[{"embeddable":true,"href":"https:\/\/minutocerord.com\/index.php?rest_route=\/wp\/v2\/users\/1"}],"replies":[{"embeddable":true,"href":"https:\/\/minutocerord.com\/index.php?rest_route=%2Fwp%2Fv2%2Fcomments&post=997"}],"version-history":[{"count":1,"href":"https:\/\/minutocerord.com\/index.php?rest_route=\/wp\/v2\/posts\/997\/revisions"}],"predecessor-version":[{"id":999,"href":"https:\/\/minutocerord.com\/index.php?rest_route=\/wp\/v2\/posts\/997\/revisions\/999"}],"wp:featuredmedia":[{"embeddable":true,"href":"https:\/\/minutocerord.com\/index.php?rest_route=\/wp\/v2\/media\/998"}],"wp:attachment":[{"href":"https:\/\/minutocerord.com\/index.php?rest_route=%2Fwp%2Fv2%2Fmedia&parent=997"}],"wp:term":[{"taxonomy":"category","embeddable":true,"href":"https:\/\/minutocerord.com\/index.php?rest_route=%2Fwp%2Fv2%2Fcategories&post=997"},{"taxonomy":"post_tag","embeddable":true,"href":"https:\/\/minutocerord.com\/index.php?rest_route=%2Fwp%2Fv2%2Ftags&post=997"}],"curies":[{"name":"wp","href":"https:\/\/api.w.org\/{rel}","templated":true}]}}